{"id":1231,"date":"2010-01-20T20:24:32","date_gmt":"2010-01-20T20:24:32","guid":{"rendered":"http:\/\/blogg.fumei.se\/?p=1231"},"modified":"2010-01-20T20:24:32","modified_gmt":"2010-01-20T20:24:32","slug":"fototriss-randigt","status":"publish","type":"post","link":"https:\/\/blogg.fumei.se\/?p=1231","title":{"rendered":"Fototriss &#8211; Randigt"},"content":{"rendered":"<p>Som jag letade efter bra motiv de f\u00f6rsta dagarna den h\u00e4r veckan! Och s\u00e5 fanns de rakt under n\u00e4san p\u00e5 mig. Bokstavligt talat! Se sj\u00e4lva, p\u00e5 den h\u00e4r bilden:<\/p>\n<div style=\"text-align: center;\"><img data-recalc-dims=\"1\" decoding=\"async\" class=\"image\" src=\"https:\/\/i0.wp.com\/emeff.blogg.se\/\/images\/2010\/201001201524_70271450.jpg?w=640\" alt=\"\" \/><br \/>Jag tittade ner, och uppt\u00e4ckte att min pyjamastr\u00f6ja \u00e4r ju randig!<br \/>S\u00e5 h\u00e4r ser den ut fr\u00e5n mitt h\u00e5ll hi hi<\/p>\n<p><img data-recalc-dims=\"1\" decoding=\"async\" class=\"image\" src=\"https:\/\/i0.wp.com\/emeff.blogg.se\/\/images\/2010\/201001201525_70271729.jpg?w=640\" alt=\"\" \/><br \/>Bredvid datorn ligger mitt att-handla-block, och vad ser jag d\u00e4r, <br \/>om inte fler r\u00e4nder, i form av rader att skriva p\u00e5.<\/p>\n<p><img data-recalc-dims=\"1\" decoding=\"async\" class=\"image\" src=\"https:\/\/i0.wp.com\/emeff.blogg.se\/\/images\/2010\/201001201529_70274048.jpg?w=640\" alt=\"\" \/><br \/>Sedan ropade sonen p\u00e5 mig, och i hans rum var det en rand-kavalkad, vill jag lova!<br \/>Hans randiga morgonrock ligger p\u00e5 s\u00e4ngen, bredvid de randiga kuddarna, <br \/>och man ser den randiga tapeten i bakgrunden.<\/div>\n<p><a href=\"http:\/\/fototriss.blogspot.com\/\" target=\"_blank\">H\u00e4r<\/a> hittar du fler fototrissar.<\/p>\n","protected":false},"excerpt":{"rendered":"<p>Som jag letade efter bra motiv de f\u00f6rsta dagarna den h\u00e4r veckan! Och s\u00e5 fanns de rakt under n\u00e4san p\u00e5 mig. Bokstavligt talat! Se sj\u00e4lva, p\u00e5 den h\u00e4r bilden: Jag tittade ner, och uppt\u00e4ckte att min pyjamastr\u00f6ja \u00e4r ju randig!S\u00e5 h\u00e4r ser den ut fr\u00e5n mitt h\u00e5ll hi hi Bredvid datorn ligger mitt att-handla-block, och&#8230;<\/p>\n","protected":false},"author":1,"featured_media":0,"comment_status":"open","ping_status":"open","sticky":false,"template":"","format":"standard","meta":{"jetpack_post_was_ever_published":false,"_jetpack_newsletter_access":"","_jetpack_dont_email_post_to_subs":false,"_jetpack_newsletter_tier_id":0,"_jetpack_memberships_contains_paywalled_content":false,"_jetpack_memberships_contains_paid_content":false,"footnotes":"","jetpack_publicize_message":"","jetpack_publicize_feature_enabled":true,"jetpack_social_post_already_shared":false,"jetpack_social_options":{"image_generator_settings":{"template":"highway","default_image_id":0,"font":"","enabled":false},"version":2}},"categories":[47],"tags":[],"class_list":["post-1231","post","type-post","status-publish","format-standard","hentry","category-vardagsliv"],"jetpack_publicize_connections":[],"jetpack_featured_media_url":"","jetpack_shortlink":"https:\/\/wp.me\/p3qko4-jR","jetpack_sharing_enabled":true,"jetpack_likes_enabled":true,"jetpack-related-posts":[{"id":846,"url":"https:\/\/blogg.fumei.se\/?p=846","url_meta":{"origin":1231,"position":0},"title":"Jag lovade","author":"M :)","date":"2009-02-16","format":false,"excerpt":"att jag skulle\u00a0komma med mer info om\u00a0nya l\u00e4genheten, s\u00e5 jag f\u00e5r v\u00e4l g\u00f6ra det. Vi var ju d\u00e4r och kikade idag och fick komma med synpunkter p\u00e5 tapeter och annat. Det visade sig att det bara var 3 rum som skulle tapetseras, och till tv\u00e5 hade de redan valt sj\u00e4lva.\u2026","rel":"","context":"I \u201dVardagsliv\u201d","block_context":{"text":"Vardagsliv","link":"https:\/\/blogg.fumei.se\/?cat=47"},"img":{"alt_text":"","src":"","width":0,"height":0},"classes":[]},{"id":145,"url":"https:\/\/blogg.fumei.se\/?p=145","url_meta":{"origin":1231,"position":1},"title":"Jul, jul, str\u00e5lande jul&#8230;","author":"M :)","date":"2010-12-27","format":false,"excerpt":"Julen har b\u00e5de kommit och g\u00e5tt, och jag har varit urd\u00e5lig p\u00e5 att blogga den senaste tiden, s\u00e5 nu blir det ett s\u00e5nt d\u00e4r komprimerande inl\u00e4gg igen.Jag har som vanligt jobbat en massa, och knappt gjort n\u00e5got annat. N\u00e5got s\u00e4rskilt julpyntande eller fixande har jag inte beh\u00f6vt \u00e4gna mig \u00e5t,\u2026","rel":"","context":"I \u201dVardagsliv\u201d","block_context":{"text":"Vardagsliv","link":"https:\/\/blogg.fumei.se\/?cat=47"},"img":{"alt_text":"","src":"","width":0,"height":0},"classes":[]},{"id":1717,"url":"https:\/\/blogg.fumei.se\/?p=1717","url_meta":{"origin":1231,"position":2},"title":"Fototriss vecka 45: S\u00e5 h\u00e4r ser det ut d\u00e4r jag \u00e4r idag","author":"M :)","date":"2011-11-11","format":false,"excerpt":"Nej nej det kommer inga fler bilder fr\u00e5n V\u00e5C, ist\u00e4llet blir det bilderna jag tog h\u00e4romdagen (jag vet, l\u00e5ngsam som vanligt) n\u00e4r jag var ute i skogen med Stella. H\u00f6stl\u00f6vad stig f\u00f6r mjuka promenader i sporadiskt solsken som letar sig ner mellan grenarna. Det varma v\u00e4dret den h\u00e4r h\u00f6sten g\u00f6r\u2026","rel":"","context":"I \u201dVardagsliv\u201d","block_context":{"text":"Vardagsliv","link":"https:\/\/blogg.fumei.se\/?cat=47"},"img":{"alt_text":"","src":"https:\/\/i0.wp.com\/blogg.fumei.se\/wp-content\/uploads\/2011\/11\/2011-11-09-11.58.00-487x650.jpg?resize=350%2C200","width":350,"height":200},"classes":[]},{"id":1238,"url":"https:\/\/blogg.fumei.se\/?p=1238","url_meta":{"origin":1231,"position":3},"title":"Fototriss &#8211; S\u00e5 h\u00e4r ser det ut d\u00e4r jag \u00e4r idag","author":"M :)","date":"2010-01-16","format":false,"excerpt":"En helt vanlig arbetsdag, i det h\u00e4r fallet den 15 januari 2010, d\u00e4r jag f\u00f6rflyttar mig fr\u00e5n hemmet till jobbet och tillbaka igen, kan se ut lite grand s\u00e5 h\u00e4r: Stolar p\u00e5 t\u00e5get (det heter visst s\u00e4ten, n\u00e4r jag t\u00e4nker efter) \u00e4r vad jag ser i en timme varje resa.Jobbet.\u2026","rel":"","context":"I \u201dVardagsliv\u201d","block_context":{"text":"Vardagsliv","link":"https:\/\/blogg.fumei.se\/?cat=47"},"img":{"alt_text":"","src":"","width":0,"height":0},"classes":[]},{"id":1578,"url":"https:\/\/blogg.fumei.se\/?p=1578","url_meta":{"origin":1231,"position":4},"title":"S\u00f6ndagsutmaning p\u00e5 en m\u00e5ndag","author":"M :)","date":"2011-10-03","format":false,"excerpt":"Kerstin\u00a0har en kul liten utmaning i sin blogg. Den utg\u00e5r ifr\u00e5n en lista med b\u00f6cker d\u00e4r man ska markera vilka man l\u00e4st. Det s\u00e4gs att det \u00e4r engelska BBC som satt ihop listan utefter vad den genomsnittlige m\u00e4nniskan l\u00e4st. Jag g\u00f6r (n\u00e4stan) som Kerstin, och markerar de jag l\u00e4st med\u2026","rel":"","context":"I \u201dVardagsliv\u201d","block_context":{"text":"Vardagsliv","link":"https:\/\/blogg.fumei.se\/?cat=47"},"img":{"alt_text":"","src":"","width":0,"height":0},"classes":[]},{"id":47,"url":"https:\/\/blogg.fumei.se\/?p=47","url_meta":{"origin":1231,"position":5},"title":"Fototriss: S\u00e5 h\u00e4r ser det ut d\u00e4r jag \u00e4r idag","author":"M :)","date":"2011-05-04","format":false,"excerpt":"[Fototriss] \u00e4r en fotoutmaning\u00a0som handlar om att du ska visa tre bilder p\u00e5 ett tema. Veckans tema g\u00e5r ut p\u00e5 att visa hur det ser ut d\u00e4r du \u00e4r just nu. I morse var det riktigt kallt! 0 grader p\u00e5 termometern och frost p\u00e5 buskarna. Sv\u00e5rt att tro att p\u00e5sken\u2026","rel":"","context":"I \u201dVardagsliv\u201d","block_context":{"text":"Vardagsliv","link":"https:\/\/blogg.fumei.se\/?cat=47"},"img":{"alt_text":"","src":"https:\/\/i0.wp.com\/blogg.fumei.se\/wp-content\/uploads\/2011\/05\/201105042743.jpg?resize=350%2C200","width":350,"height":200},"classes":[]}],"_links":{"self":[{"href":"https:\/\/blogg.fumei.se\/index.php?rest_route=\/wp\/v2\/posts\/1231","targetHints":{"allow":["GET"]}}],"collection":[{"href":"https:\/\/blogg.fumei.se\/index.php?rest_route=\/wp\/v2\/posts"}],"about":[{"href":"https:\/\/blogg.fumei.se\/index.php?rest_route=\/wp\/v2\/types\/post"}],"author":[{"embeddable":true,"href":"https:\/\/blogg.fumei.se\/index.php?rest_route=\/wp\/v2\/users\/1"}],"replies":[{"embeddable":true,"href":"https:\/\/blogg.fumei.se\/index.php?rest_route=%2Fwp%2Fv2%2Fcomments&post=1231"}],"version-history":[{"count":0,"href":"https:\/\/blogg.fumei.se\/index.php?rest_route=\/wp\/v2\/posts\/1231\/revisions"}],"wp:attachment":[{"href":"https:\/\/blogg.fumei.se\/index.php?rest_route=%2Fwp%2Fv2%2Fmedia&parent=1231"}],"wp:term":[{"taxonomy":"category","embeddable":true,"href":"https:\/\/blogg.fumei.se\/index.php?rest_route=%2Fwp%2Fv2%2Fcategories&post=1231"},{"taxonomy":"post_tag","embeddable":true,"href":"https:\/\/blogg.fumei.se\/index.php?rest_route=%2Fwp%2Fv2%2Ftags&post=1231"}],"curies":[{"name":"wp","href":"https:\/\/api.w.org\/{rel}","templated":true}]}}