{"id":1237,"date":"2010-01-16T11:59:49","date_gmt":"2010-01-16T11:59:49","guid":{"rendered":"http:\/\/blogg.fumei.se\/?p=1237"},"modified":"2010-01-16T11:59:49","modified_gmt":"2010-01-16T11:59:49","slug":"nya-klader","status":"publish","type":"post","link":"https:\/\/blogg.fumei.se\/?p=1237","title":{"rendered":"Nya kl\u00e4der"},"content":{"rendered":"<div>I wish. Skulle vilja ha lite nytt i garderoben, dock. Har slutat g\u00e5 i aff\u00e4rer och ens f\u00f6nstershoppa, f\u00f6r jag vet att jag har s\u00e5 mycket annat jag beh\u00f6ver l\u00e4gga pengarna p\u00e5. Men \u00f6nska sig kan man ju&#8230;jag fyller ju trots allt \u00e5r imorgon.<br \/>Aprop\u00e5 kl\u00e4der s\u00e5 \u00e4r det tur att vi &#8221;bara&#8221; ska g\u00e5 ut och \u00e4ta ikv\u00e4ll, f\u00f6r jag har helt enkelt inget som k\u00e4nns party i min garderob. Det f\u00e5r bli jeans och en tunika (fast det kanske \u00e4r en blus? \u00c4h spela roll&#8230;).<\/p>\n<p>I brist p\u00e5 egna kl\u00e4der gav jag bloggen en ny outfit ist\u00e4llet. Scrapsetet jag anv\u00e4nde heter <a href=\"http:\/\/shop.scrapbookgraphics.com\/product.php?productid=26690\" target=\"_blank\">Dreamcatcher<\/a> och \u00e4r inspirerat av New Moon.<\/p>\n<p>Ig\u00e5r var jag med om en f\u00f6rsta-g\u00e5ngen-grej. Jag fick mina \u00f6gonbryn plockade. Jag har sagt i s\u00e4kert tre \u00e5r nu att jag vill f\u00e5 det gjort, men varje g\u00e5ng jag f\u00f6rs\u00f6ker g\u00f6ra det sj\u00e4lv blir jag s\u00e5 arg \u00f6ver att det g\u00f6r ont att jag sl\u00e4nger pincetten i ett h\u00f6rn efter n\u00e5gra minuter, och till en salong har jag inte kommit iv\u00e4g, uppenbarligen.<br \/>S\u00e5 ig\u00e5r, innan det brakade loss ordentligt p\u00e5 jobbet, fick jag hj\u00e4lp av en arbetskamrat. Tyv\u00e4rr hann hon inte med den sista lilla justeringen av h\u00f6ger bryn, s\u00e5 den har jag fixat till sj\u00e4lv framf\u00f6r spegeln idag. Det duger, \u00e4r v\u00e4l vad man kan s\u00e4ga hahaha. Som tur \u00e4r s\u00e5 v\u00e4xer det ju ut snart, s\u00e5 man kan r\u00e4tta till efter hand. Tur man har lugg&#8230;<br \/>Men satan i gatan vad jag har ont! <\/p>\n<p>Nu ska jag se om jag kan f\u00e5 liv i Fia&#8230;vill g\u00e4rna att hon fixar allt hon ska innan jag l\u00e4mnar hemmet, s\u00e5 kan hon slappa med gott samvete sedan. Tror ni jag kan f\u00e5 henne att f\u00f6rst\u00e5 det?<\/p><\/div>\n","protected":false},"excerpt":{"rendered":"<p>I wish. Skulle vilja ha lite nytt i garderoben, dock. Har slutat g\u00e5 i aff\u00e4rer och ens f\u00f6nstershoppa, f\u00f6r jag vet att jag har s\u00e5 mycket annat jag beh\u00f6ver l\u00e4gga pengarna p\u00e5. Men \u00f6nska sig kan man ju&#8230;jag fyller ju trots allt \u00e5r imorgon.Aprop\u00e5 kl\u00e4der s\u00e5 \u00e4r det tur att vi &#8221;bara&#8221; ska g\u00e5 ut&#8230;<\/p>\n","protected":false},"author":1,"featured_media":0,"comment_status":"open","ping_status":"open","sticky":false,"template":"","format":"standard","meta":{"jetpack_post_was_ever_published":false,"_jetpack_newsletter_access":"","_jetpack_dont_email_post_to_subs":false,"_jetpack_newsletter_tier_id":0,"_jetpack_memberships_contains_paywalled_content":false,"_jetpack_memberships_contains_paid_content":false,"footnotes":"","jetpack_publicize_message":"","jetpack_publicize_feature_enabled":true,"jetpack_social_post_already_shared":false,"jetpack_social_options":{"image_generator_settings":{"template":"highway","default_image_id":0,"font":"","enabled":false},"version":2}},"categories":[47],"tags":[],"class_list":["post-1237","post","type-post","status-publish","format-standard","hentry","category-vardagsliv"],"jetpack_publicize_connections":[],"jetpack_featured_media_url":"","jetpack_shortlink":"https:\/\/wp.me\/p3qko4-jX","jetpack_sharing_enabled":true,"jetpack_likes_enabled":true,"jetpack-related-posts":[{"id":1049,"url":"https:\/\/blogg.fumei.se\/?p=1049","url_meta":{"origin":1237,"position":0},"title":"F\u00e4\u00e4\u00e4\u00e4\u00e4rdig!","author":"M :)","date":"2009-08-29","format":false,"excerpt":"N\u00e4stan i alla fall. Men det jag hade t\u00e4nkt g\u00f6ra under helgen \u00e4r nu gjort. Jag har flyttat in min Billy-hylla till Fia och lagt hennes saker i den, s\u00e5 att det blev en tom garderob \u00e5t mina kl\u00e4der. Jag har flyttat mina kl\u00e4der fr\u00e5n kl\u00e4dkammaren till byr\u00e5er och garderoben\u2026","rel":"","context":"I \u201dVardagsliv\u201d","block_context":{"text":"Vardagsliv","link":"https:\/\/blogg.fumei.se\/?cat=47"},"img":{"alt_text":"","src":"","width":0,"height":0},"classes":[]},{"id":2032,"url":"https:\/\/blogg.fumei.se\/?p=2032","url_meta":{"origin":1237,"position":1},"title":"Ho-hoo!","author":"M :)","date":"2012-01-08","format":false,"excerpt":"Det ekar tomt i garderob och l\u00e5dor hos Robin efter att jag rensade ut allt som inte passade idag. Nu h\u00e4nger det 5 plagg i garderoben och l\u00e5dorna som f\u00f6rut var proppfulla, g\u00e5r faktiskt att st\u00e4nga! Men i och med att en massa kl\u00e4der \"f\u00f6rsvann\", s\u00e5 inser jag ju samtidigt\u2026","rel":"","context":"I \u201dHemmet\u201d","block_context":{"text":"Hemmet","link":"https:\/\/blogg.fumei.se\/?cat=31"},"img":{"alt_text":"","src":"","width":0,"height":0},"classes":[]},{"id":877,"url":"https:\/\/blogg.fumei.se\/?p=877","url_meta":{"origin":1237,"position":2},"title":"Jippie!","author":"M :)","date":"2009-03-16","format":false,"excerpt":"\u00c4nnu ett steg mot flytt: idag har jag f\u00e5tt nycklarna till nya l\u00e4genheten! Har \u00e4ven rensat i k\u00f6kssk\u00e5pen s\u00e5 det som \u00e4r kvar i sk\u00e5pen nu \u00e4r s\u00e5nt som jag ska ha kvar. Kl\u00e4der packade vi ig\u00e5r, det g\u00e5r ju inte \u00e5t s\u00e5 mycket kl\u00e4der f\u00f6r min del eftersom jag\u2026","rel":"","context":"I \u201dVardagsliv\u201d","block_context":{"text":"Vardagsliv","link":"https:\/\/blogg.fumei.se\/?cat=47"},"img":{"alt_text":"","src":"","width":0,"height":0},"classes":[]},{"id":1059,"url":"https:\/\/blogg.fumei.se\/?p=1059","url_meta":{"origin":1237,"position":3},"title":"Nej nu j\u00e4klar","author":"M :)","date":"2009-08-20","format":false,"excerpt":"\u00e4r jag tr\u00f6tt p\u00e5 att f\u00f6rs\u00f6ka kl\u00e4mma in mig i mina kl\u00e4der som inte passar l\u00e4ngre!F\u00f6rsta steget mot b\u00e4ttre passform blir en rensning i garderoben, n\u00e4sta steg blir att \u00e4ta b\u00e4ttre och n\u00e5gorlunda regelbundet (jo men l\u00e4tt n\u00e4r man jobbar d\u00e4r jag jobbar...) och steg tre \u00e4r att b\u00f6rja tr\u00e4na.Ingen\u2026","rel":"","context":"I \u201dVardagsliv\u201d","block_context":{"text":"Vardagsliv","link":"https:\/\/blogg.fumei.se\/?cat=47"},"img":{"alt_text":"","src":"","width":0,"height":0},"classes":[]},{"id":1131,"url":"https:\/\/blogg.fumei.se\/?p=1131","url_meta":{"origin":1237,"position":4},"title":"Njet promenix","author":"M :)","date":"2009-09-06","format":false,"excerpt":"men en del annat blev gjort idag. Vi m\u00f6rblerade om i Robins rum, och sorterade ut alla kl\u00e4der som var f\u00f6r sm\u00e5 ur hans garderob, samt alla leksaker som han \u00e4nd\u00e5 aldrig anv\u00e4nder. Kl\u00e4derna \u00e5ker till Angelica och leksakerna hamnar p\u00e5 vinden tills n\u00e5got brors- eller systerbarn vill ha n\u00e5t\u2026","rel":"","context":"I \u201dVardagsliv\u201d","block_context":{"text":"Vardagsliv","link":"https:\/\/blogg.fumei.se\/?cat=47"},"img":{"alt_text":"","src":"","width":0,"height":0},"classes":[]},{"id":611,"url":"https:\/\/blogg.fumei.se\/?p=611","url_meta":{"origin":1237,"position":5},"title":"Nu e&#8217; de&#8217; l\u00f6rdag igen&#8230;","author":"M :)","date":"2008-10-18","format":false,"excerpt":"...och jag ska jobba. S\u00e5 strax dags f\u00f6r dusch och sen iv\u00e4g. Men f\u00f6rst m\u00e5ste jag ju gratulera Silvio\u00a0p\u00e5 f\u00f6delsedagen. Hur var det nu igen, \u00e4r det 36 eller 26 du fyller?!? Grattis grattis fr\u00e5n systeryster!! Ig\u00e5r fick jag igenom praktisktaget alla kl\u00e4der i garderoben, och h\u00e4lften \u00e5ker faktiskt ut.\u2026","rel":"","context":"I \u201dVardagsliv\u201d","block_context":{"text":"Vardagsliv","link":"https:\/\/blogg.fumei.se\/?cat=47"},"img":{"alt_text":"","src":"","width":0,"height":0},"classes":[]}],"_links":{"self":[{"href":"https:\/\/blogg.fumei.se\/index.php?rest_route=\/wp\/v2\/posts\/1237","targetHints":{"allow":["GET"]}}],"collection":[{"href":"https:\/\/blogg.fumei.se\/index.php?rest_route=\/wp\/v2\/posts"}],"about":[{"href":"https:\/\/blogg.fumei.se\/index.php?rest_route=\/wp\/v2\/types\/post"}],"author":[{"embeddable":true,"href":"https:\/\/blogg.fumei.se\/index.php?rest_route=\/wp\/v2\/users\/1"}],"replies":[{"embeddable":true,"href":"https:\/\/blogg.fumei.se\/index.php?rest_route=%2Fwp%2Fv2%2Fcomments&post=1237"}],"version-history":[{"count":0,"href":"https:\/\/blogg.fumei.se\/index.php?rest_route=\/wp\/v2\/posts\/1237\/revisions"}],"wp:attachment":[{"href":"https:\/\/blogg.fumei.se\/index.php?rest_route=%2Fwp%2Fv2%2Fmedia&parent=1237"}],"wp:term":[{"taxonomy":"category","embeddable":true,"href":"https:\/\/blogg.fumei.se\/index.php?rest_route=%2Fwp%2Fv2%2Fcategories&post=1237"},{"taxonomy":"post_tag","embeddable":true,"href":"https:\/\/blogg.fumei.se\/index.php?rest_route=%2Fwp%2Fv2%2Ftags&post=1237"}],"curies":[{"name":"wp","href":"https:\/\/api.w.org\/{rel}","templated":true}]}}