{"id":1240,"date":"2010-01-09T15:59:20","date_gmt":"2010-01-09T15:59:20","guid":{"rendered":"http:\/\/blogg.fumei.se\/?p=1240"},"modified":"2010-01-09T15:59:20","modified_gmt":"2010-01-09T15:59:20","slug":"grattis-lovisa-2","status":"publish","type":"post","link":"https:\/\/blogg.fumei.se\/?p=1240","title":{"rendered":"Grattis Lovisa!"},"content":{"rendered":"<p>Idag fyller busungen hela 2 \u00e5r! T\u00e4nk att tiden kan g\u00e5 s\u00e5 fort!<br \/><strong>Stor grattiskram<\/strong> fr\u00e5n faster och kusinerna!<\/p>\n<p style=\"text-align: center;\"><img data-recalc-dims=\"1\" decoding=\"async\" class=\"image\" src=\"https:\/\/i0.wp.com\/emeff.blogg.se\/\/images\/2010\/lovisa2yr-emeff2010_68723736.jpg?w=640\" alt=\"\" \/><\/p>\n<p><span style=\"text-decoration: line-through;\">(Sitter p\u00e5 jobbets dator och skriver detta, och den d\u00e4r ber\u00f6mda bilden jag alltid bruklar fixa till lagom till inl\u00e4gget ska publiceras, det ligger p\u00e5 min egen dator, s\u00e5 det l\u00e4gger jag upp lite senare ikv\u00e4ll&#8230;)<\/span> <br \/>(I brist p\u00e5 bra och relativt nytagna bilder p\u00e5 skruttungen s\u00e5 snodde jag helt fr\u00e4ckt fotot till denna scrap\u00a0fr\u00e5n Emmas blogg)<\/p>\n","protected":false},"excerpt":{"rendered":"<p>Idag fyller busungen hela 2 \u00e5r! T\u00e4nk att tiden kan g\u00e5 s\u00e5 fort!Stor grattiskram fr\u00e5n faster och kusinerna! (Sitter p\u00e5 jobbets dator och skriver detta, och den d\u00e4r ber\u00f6mda bilden jag alltid bruklar fixa till lagom till inl\u00e4gget ska publiceras, det ligger p\u00e5 min egen dator, s\u00e5 det l\u00e4gger jag upp lite senare ikv\u00e4ll&#8230;) (I&#8230;<\/p>\n","protected":false},"author":1,"featured_media":0,"comment_status":"open","ping_status":"open","sticky":false,"template":"","format":"standard","meta":{"jetpack_post_was_ever_published":false,"_jetpack_newsletter_access":"","_jetpack_dont_email_post_to_subs":false,"_jetpack_newsletter_tier_id":0,"_jetpack_memberships_contains_paywalled_content":false,"_jetpack_memberships_contains_paid_content":false,"footnotes":"","jetpack_publicize_message":"","jetpack_publicize_feature_enabled":true,"jetpack_social_post_already_shared":false,"jetpack_social_options":{"image_generator_settings":{"template":"highway","default_image_id":0,"font":"","enabled":false},"version":2}},"categories":[47],"tags":[],"class_list":["post-1240","post","type-post","status-publish","format-standard","hentry","category-vardagsliv"],"jetpack_publicize_connections":[],"jetpack_featured_media_url":"","jetpack_shortlink":"https:\/\/wp.me\/p3qko4-k0","jetpack_sharing_enabled":true,"jetpack_likes_enabled":true,"jetpack-related-posts":[{"id":116,"url":"https:\/\/blogg.fumei.se\/?p=116","url_meta":{"origin":1240,"position":0},"title":"F\u00f6delsedag i kvadrat","author":"M :)","date":"2011-01-17","format":false,"excerpt":"Idag fyller jag \u00e5r. Hipp hurra. Men - \u00e4ven bus-Victor fyller \u00e5r idag! Hela 2 \u00e5r har han hunnit bli! Grattis och dubbel-hurra!! \u00a0 Men det \u00e4r inte slut d\u00e4r...f\u00f6r det var ju en liten Lovisafr\u00f6ken som inte fick en ordentlig scrap p\u00e5 sin f\u00f6delsedag, s\u00e5 den kommer h\u00e4r: (nej,\u2026","rel":"","context":"I \u201dVardagsliv\u201d","block_context":{"text":"Vardagsliv","link":"https:\/\/blogg.fumei.se\/?cat=47"},"img":{"alt_text":"","src":"","width":0,"height":0},"classes":[]},{"id":180,"url":"https:\/\/blogg.fumei.se\/?p=180","url_meta":{"origin":1240,"position":1},"title":"Bu &#038; b\u00e4","author":"M :)","date":"2010-09-23","format":false,"excerpt":"Det \u00e4r mycket nu, fast \u00e4nd\u00e5 inte. Mycket p\u00e5 jobbet, s\u00e5d\u00e4r jobbigt mycket som det kan vara ibland. Men jag \u00e4r glad att jag har ett jobb, och ett jobb som jag dessutom gillar! Jag f\u00e5r ofta h\u00f6ra att jag \u00e4r s\u00e5 himla duktig som orkar att pendla s\u00e5 l\u00e5ngt\u2026","rel":"","context":"I \u201dVardagsliv\u201d","block_context":{"text":"Vardagsliv","link":"https:\/\/blogg.fumei.se\/?cat=47"},"img":{"alt_text":"","src":"","width":0,"height":0},"classes":[]},{"id":1015,"url":"https:\/\/blogg.fumei.se\/?p=1015","url_meta":{"origin":1240,"position":2},"title":"Seeeeeeeegt","author":"M :)","date":"2009-07-23","format":false,"excerpt":"Min dator \u00e4r seg. Den h\u00e4nger sig och den jobbar l\u00e5ngsamt och den vill inte \u00f6ppna applikationer som funkat innan.Alltsammans b\u00f6rjade efter att jag installerade WoW p\u00e5 den. Och varf\u00f6r gjorde jag nu det, d\u00e5, jag som inte ens spelar WoW?!Jo, till att b\u00f6rja med s\u00e5 hade Robin det installerat\u2026","rel":"","context":"I \u201dVardagsliv\u201d","block_context":{"text":"Vardagsliv","link":"https:\/\/blogg.fumei.se\/?cat=47"},"img":{"alt_text":"","src":"","width":0,"height":0},"classes":[]},{"id":982,"url":"https:\/\/blogg.fumei.se\/?p=982","url_meta":{"origin":1240,"position":3},"title":"Sj\u00e4lvklart","author":"M :)","date":"2009-06-16","format":false,"excerpt":"ringde hon som \u00e4r projektansvarig f\u00f6r sommarentrepren\u00f6rerna och undrade hur Sophia m\u00e5dde idag, f\u00f6r hon hade visst sagt till n\u00e5n av de andra att hon var sjuk. S\u00e5 gick det med hennes lilla vals om att hon inte beh\u00f6vde infinna sig.Det \"lustiga\" i hela historien \u00e4r att fr\u00e5n det \u00f6gonblick\u2026","rel":"","context":"I \u201dVardagsliv\u201d","block_context":{"text":"Vardagsliv","link":"https:\/\/blogg.fumei.se\/?cat=47"},"img":{"alt_text":"","src":"","width":0,"height":0},"classes":[]},{"id":1619,"url":"https:\/\/blogg.fumei.se\/?p=1619","url_meta":{"origin":1240,"position":4},"title":"P\u00e5 TV","author":"M :)","date":"2011-10-19","format":false,"excerpt":"Fast vid n\u00e4rmare eftertanke s\u00e5 inte, \u00e4nd\u00e5. Vad\u00e5? undrar ni nu. Jo, idag hade vi utbildningsdag p\u00e5 jobbet, och d\u00e4r ingick en f\u00f6rel\u00e4sning om sfinkterrupturer (bristningar som g\u00e5r ner mot \u00e4ndtarmen i olika grader), och Uppdrag Granskning var d\u00e4r f\u00f6r att filma f\u00f6el\u00e4sningen till ett kommande program om just detta.\u2026","rel":"","context":"I \u201dVardagsliv\u201d","block_context":{"text":"Vardagsliv","link":"https:\/\/blogg.fumei.se\/?cat=47"},"img":{"alt_text":"","src":"https:\/\/i0.wp.com\/blogg.fumei.se\/wp-content\/uploads\/2011\/10\/2011-10-17-1.jpg?resize=350%2C200","width":350,"height":200},"classes":[]},{"id":185,"url":"https:\/\/blogg.fumei.se\/?p=185","url_meta":{"origin":1240,"position":5},"title":"Gaaaahhhh, arggggh och faaaaan!!","author":"M :)","date":"2010-08-29","format":false,"excerpt":"Sa kan man sammanfatta hur jag tycker om datorer som kraschar. Van av ordning ser genast att jag inte anvander vara kara svenska sista bokstaver i alfabetet i det har inlagget. Det beror pa att jag sitter vid J's dator och den har engelskt\/spanskt tangentbord.Min egen dator fick ett gulligt\u2026","rel":"","context":"I \u201dVardagsliv\u201d","block_context":{"text":"Vardagsliv","link":"https:\/\/blogg.fumei.se\/?cat=47"},"img":{"alt_text":"","src":"","width":0,"height":0},"classes":[]}],"_links":{"self":[{"href":"https:\/\/blogg.fumei.se\/index.php?rest_route=\/wp\/v2\/posts\/1240","targetHints":{"allow":["GET"]}}],"collection":[{"href":"https:\/\/blogg.fumei.se\/index.php?rest_route=\/wp\/v2\/posts"}],"about":[{"href":"https:\/\/blogg.fumei.se\/index.php?rest_route=\/wp\/v2\/types\/post"}],"author":[{"embeddable":true,"href":"https:\/\/blogg.fumei.se\/index.php?rest_route=\/wp\/v2\/users\/1"}],"replies":[{"embeddable":true,"href":"https:\/\/blogg.fumei.se\/index.php?rest_route=%2Fwp%2Fv2%2Fcomments&post=1240"}],"version-history":[{"count":0,"href":"https:\/\/blogg.fumei.se\/index.php?rest_route=\/wp\/v2\/posts\/1240\/revisions"}],"wp:attachment":[{"href":"https:\/\/blogg.fumei.se\/index.php?rest_route=%2Fwp%2Fv2%2Fmedia&parent=1240"}],"wp:term":[{"taxonomy":"category","embeddable":true,"href":"https:\/\/blogg.fumei.se\/index.php?rest_route=%2Fwp%2Fv2%2Fcategories&post=1240"},{"taxonomy":"post_tag","embeddable":true,"href":"https:\/\/blogg.fumei.se\/index.php?rest_route=%2Fwp%2Fv2%2Ftags&post=1240"}],"curies":[{"name":"wp","href":"https:\/\/api.w.org\/{rel}","templated":true}]}}