{"id":1241,"date":"2010-01-08T19:59:00","date_gmt":"2010-01-08T19:59:00","guid":{"rendered":"http:\/\/blogg.fumei.se\/?p=1241"},"modified":"2024-03-24T16:45:38","modified_gmt":"2024-03-24T15:45:38","slug":"inga-istappar-an","status":"publish","type":"post","link":"https:\/\/blogg.fumei.se\/?p=1241","title":{"rendered":"Inga istappar \u00e4n"},"content":{"rendered":"<p>men ska det fors\u00e4tta vara s\u00e5 h\u00e4r kallt inne s\u00e5 dr\u00f6jer det v\u00e4l inte s\u00e5 l\u00e4nge till. Jag fattar inte hur det kan vara s\u00e5 kallt i l\u00e4genheten trots att jag har alla elementen p\u00e5 fyllstyrka??! Och att f\u00e5 tag i vaktis \u00e4r ju r\u00e4tt om\u00f6jligt, f\u00f6r antingen har jag s\u00e5 mycket att g\u00f6ra p\u00e5 jobbet s\u00e5 jag inte hinner ringa, eller s\u00e5 har det varit helgdag. Ska bli himla g\u00f6tt n\u00e4r alla helgerna \u00e4r \u00f6ver och allt kan \u00e5terg\u00e5 till det &#8221;normala&#8221;.<br \/>\nI \u00f6vrigt har jag v\u00e4l inte s\u00e5 mycket att skriva om&#8230;i tisdags fyllde ju Nina \u00e5r, s\u00e5 h\u00e4r kommer ett lite sent GRATTIS!<\/p>\n<p>Sen har jag funderat p\u00e5 vad man ska ge Lovisa och Victor i present n\u00e4r de fyller, men nu n\u00e4r jag skrivit s\u00e5 h\u00e4r, s\u00e5 kommer det nog n\u00e5t litet f\u00f6rslag fr\u00e5n Emma hihi. I vilket fall som helst s\u00e5 kommer presenterna inte att komma f\u00f6rr\u00e4n barnbidraget kommer, tillsammans med julklapparna.<\/p>\n<p>Speaking of f\u00f6delsedagar, s\u00e5 har jag ju en som n\u00e4rmar sig ocks\u00e5. Och d\u00e5 kan jag meddela att <span style=\"text-decoration: underline;\">det blir ingen fest<\/span>. Okej det kanske hade varit kul, men med tanke p\u00e5 att min 30-\u00e5rsfest slutade med att alla drog ut p\u00e5 krogen efter att vi hade \u00e4tit och sk\u00e5lat, s\u00e5&#8230;<br \/>\nIst\u00e4llet t\u00e4nker jag samla n\u00e5gra av de v\u00e4nner och kompisar som jag umg\u00e5s mest med och som betyder mest f\u00f6r mig, och s\u00e5 g\u00e5r vi ut och k\u00e4kar ist\u00e4llet. Det blir dels billigare f\u00f6r mig, eftersom jag inte beh\u00f6ver k\u00f6pa hem varken mat eller dryck (passar ju fint n\u00e4r man lever p\u00e5 existensminimum) och dels slipper jag st\u00e4da h\u00e4cken av mig och laga till alla denna mat. N\u00e5gra timmar p\u00e5 resturang i goda v\u00e4nners s\u00e4llskap, mat och dryck till rimligt pris, och sen en liten t\u00e5gresa hem f\u00f6r att sova gott, det l\u00e5ter v\u00e4l helt perfekt? P\u00e5 s\u00f6ndagen sen, som ju \u00e4r <em>dagen<\/em>, d\u00e5 f\u00e5r de som vill komma p\u00e5 kaffe. Kanske finns det n\u00e5t muffins eller lite kladdkaka att mumsa p\u00e5 ocks\u00e5, men n\u00e5gon t\u00e5rta t\u00e4nker jag d\u00e5 rakt inte sm\u00e4lla till med! Bara s\u00e5 att ni vet&#8230;<\/p>\n","protected":false},"excerpt":{"rendered":"<p>men ska det fors\u00e4tta vara s\u00e5 h\u00e4r kallt inne s\u00e5 dr\u00f6jer det v\u00e4l inte s\u00e5 l\u00e4nge till. Jag fattar inte hur det kan vara s\u00e5 kallt i l\u00e4genheten trots att jag har alla elementen p\u00e5 fyllstyrka??! Och att f\u00e5 tag i vaktis \u00e4r ju r\u00e4tt om\u00f6jligt, f\u00f6r antingen har jag s\u00e5 mycket att g\u00f6ra p\u00e5&#8230;<\/p>\n","protected":false},"author":1,"featured_media":0,"comment_status":"open","ping_status":"open","sticky":false,"template":"","format":"standard","meta":{"jetpack_post_was_ever_published":false,"_jetpack_newsletter_access":"","_jetpack_dont_email_post_to_subs":false,"_jetpack_newsletter_tier_id":0,"_jetpack_memberships_contains_paywalled_content":false,"_jetpack_memberships_contains_paid_content":false,"footnotes":"","jetpack_publicize_message":"","jetpack_publicize_feature_enabled":true,"jetpack_social_post_already_shared":false,"jetpack_social_options":{"image_generator_settings":{"template":"highway","default_image_id":0,"font":"","enabled":false},"version":2}},"categories":[47],"tags":[],"class_list":["post-1241","post","type-post","status-publish","format-standard","hentry","category-vardagsliv"],"jetpack_publicize_connections":[],"jetpack_featured_media_url":"","jetpack_shortlink":"https:\/\/wp.me\/p3qko4-k1","jetpack_sharing_enabled":true,"jetpack_likes_enabled":true,"jetpack-related-posts":[{"id":1212,"url":"https:\/\/blogg.fumei.se\/?p=1212","url_meta":{"origin":1241,"position":0},"title":"Whoa!","author":"M :)","date":"2009-12-17","format":false,"excerpt":"Kan man v\u00e4l s\u00e4ga. Hur l\u00e4nge har vi g\u00e5tt omkring och sagt att vi vill slippa regnet? Att vi vill ha riktig vinter med sn\u00f6? Nu har vi f\u00e5tt det. Och det verkar forts\u00e4tta ett tag till. Sn\u00f6ndet, allts\u00e5. Idag n\u00e4r jag for till Gbg med 16-t\u00e5get l\u00e5g det ca\u2026","rel":"","context":"I \u201dVardagsliv\u201d","block_context":{"text":"Vardagsliv","link":"https:\/\/blogg.fumei.se\/?cat=47"},"img":{"alt_text":"","src":"","width":0,"height":0},"classes":[]},{"id":3214,"url":"https:\/\/blogg.fumei.se\/?p=3214","url_meta":{"origin":1241,"position":1},"title":"Bebis p\u00e5 G","author":"M :)","date":"2014-02-02","format":false,"excerpt":"Ingen har v\u00e4l missat att jag ska bl mormor? Snart sm\u00e4ller det, dessutom, lilltjejen (ja, vi vet att det blir en flicka) \u00e4r ber\u00e4knad att titta ut den 8:e Mars. Fast personligen tror jag att hon kommer tidigare. \u00c5 andra sidan, om Fia br\u00e5s p\u00e5 mig, s\u00e5 g\u00e5r hon ett\u2026","rel":"","context":"I \u201dFamiljen\u201d","block_context":{"text":"Familjen","link":"https:\/\/blogg.fumei.se\/?cat=34"},"img":{"alt_text":"2014-02-01 14.49.24","src":"https:\/\/i0.wp.com\/blogg.fumei.se\/wp-content\/uploads\/2014\/02\/2014-02-01-14.49.24.jpg?resize=350%2C200","width":350,"height":200,"srcset":"https:\/\/i0.wp.com\/blogg.fumei.se\/wp-content\/uploads\/2014\/02\/2014-02-01-14.49.24.jpg?resize=350%2C200 1x, https:\/\/i0.wp.com\/blogg.fumei.se\/wp-content\/uploads\/2014\/02\/2014-02-01-14.49.24.jpg?resize=525%2C300 1.5x"},"classes":[]},{"id":553,"url":"https:\/\/blogg.fumei.se\/?p=553","url_meta":{"origin":1241,"position":2},"title":"\u00c4nnu en dag i mitt liv&#8230;","author":"M :)","date":"2008-09-08","format":false,"excerpt":"...idag, och nu \u00e4r den dagen snart slut. M\u00e5ste l\u00e4gga mig relativt tidigt om jag ska orka upp imorgon bitti. Det \u00e4r lite k\u00e4mpigt att komma ig\u00e5ng med tidiga arbetspassen igen efter att man varit ledig n\u00e5gra dagar, men det \u00e4r ju tur att jag kan vila lite till p\u00e5\u2026","rel":"","context":"I \u201dHemmet\u201d","block_context":{"text":"Hemmet","link":"https:\/\/blogg.fumei.se\/?cat=31"},"img":{"alt_text":"","src":"","width":0,"height":0},"classes":[]},{"id":252,"url":"https:\/\/blogg.fumei.se\/?p=252","url_meta":{"origin":1241,"position":3},"title":"Sn\u00e5lbl\u00e5st","author":"M :)","date":"2010-04-13","format":false,"excerpt":"Solen sken idag ocks\u00e5, men det bl\u00e5ste fasligt kallt, s\u00e5 det var n\u00e4stan l\u00e4ge f\u00f6r jacka igen, men jag h\u00e4rdar ut! Har ingen lust att kr\u00e4nga p\u00e5 mig en vinterjacka igen, n\u00e4r jag nu har h\u00e4ngt undan den f\u00f6r i \u00e5r, och n\u00e5gon v\u00e5rjacka har jag inte hunnit inf\u00f6rskaffa, s\u00e5\u2026","rel":"","context":"I \u201dVardagsliv\u201d","block_context":{"text":"Vardagsliv","link":"https:\/\/blogg.fumei.se\/?cat=47"},"img":{"alt_text":"","src":"","width":0,"height":0},"classes":[]},{"id":249,"url":"https:\/\/blogg.fumei.se\/?p=249","url_meta":{"origin":1241,"position":4},"title":"Dan f\u00f6re dan","author":"EmEff","date":"2010-04-24","format":false,"excerpt":"Nej, jag \u00e4r inte f\u00f6rvirrad och dagvill som f\u00e5, det \u00e4r dagen f\u00f6re Robins f\u00f6delsedag. S\u00e5 idag har jag varit i stan. Stan \u00e4r f\u00f6r mig Gbg, inte Falk\u00f6ping eller Sk\u00f6vde, som det \u00e4r f\u00f6r de flesta andra som bor h\u00e4r. Jag avskyr visserligen att g\u00e5 p\u00e5 stan n\u00e4r folk\u2026","rel":"","context":"I \u201dVardagsliv\u201d","block_context":{"text":"Vardagsliv","link":"https:\/\/blogg.fumei.se\/?cat=47"},"img":{"alt_text":"","src":"","width":0,"height":0},"classes":[]},{"id":236,"url":"https:\/\/blogg.fumei.se\/?p=236","url_meta":{"origin":1241,"position":5},"title":"Tjej&#038;Killsnack vecka 19","author":"EmEff","date":"2010-05-09","format":false,"excerpt":"Veckans fr\u00e5gor. L\u00e4s mer om vad TJEJ&KILLSNACK \u00e4r\/hitta alla fr\u00e5gor h\u00e4r. Trafiks\u00e4kerhet 1. Anv\u00e4nder du cykelhj\u00e4lm?Nja, jag g\u00f6r ju inte det. Fast jag vet att jag borde, och jag har ju en s\u00e5 det \u00e4r v\u00e4l egentligen bara lathet. Och kanske lite en tanke om att det ser s\u00e5 l\u00f6jligt\u2026","rel":"","context":"I \u201dVardagsliv\u201d","block_context":{"text":"Vardagsliv","link":"https:\/\/blogg.fumei.se\/?cat=47"},"img":{"alt_text":"","src":"","width":0,"height":0},"classes":[]}],"_links":{"self":[{"href":"https:\/\/blogg.fumei.se\/index.php?rest_route=\/wp\/v2\/posts\/1241","targetHints":{"allow":["GET"]}}],"collection":[{"href":"https:\/\/blogg.fumei.se\/index.php?rest_route=\/wp\/v2\/posts"}],"about":[{"href":"https:\/\/blogg.fumei.se\/index.php?rest_route=\/wp\/v2\/types\/post"}],"author":[{"embeddable":true,"href":"https:\/\/blogg.fumei.se\/index.php?rest_route=\/wp\/v2\/users\/1"}],"replies":[{"embeddable":true,"href":"https:\/\/blogg.fumei.se\/index.php?rest_route=%2Fwp%2Fv2%2Fcomments&post=1241"}],"version-history":[{"count":2,"href":"https:\/\/blogg.fumei.se\/index.php?rest_route=\/wp\/v2\/posts\/1241\/revisions"}],"predecessor-version":[{"id":6676,"href":"https:\/\/blogg.fumei.se\/index.php?rest_route=\/wp\/v2\/posts\/1241\/revisions\/6676"}],"wp:attachment":[{"href":"https:\/\/blogg.fumei.se\/index.php?rest_route=%2Fwp%2Fv2%2Fmedia&parent=1241"}],"wp:term":[{"taxonomy":"category","embeddable":true,"href":"https:\/\/blogg.fumei.se\/index.php?rest_route=%2Fwp%2Fv2%2Fcategories&post=1241"},{"taxonomy":"post_tag","embeddable":true,"href":"https:\/\/blogg.fumei.se\/index.php?rest_route=%2Fwp%2Fv2%2Ftags&post=1241"}],"curies":[{"name":"wp","href":"https:\/\/api.w.org\/{rel}","templated":true}]}}