{"id":1244,"date":"2010-01-01T13:13:33","date_gmt":"2010-01-01T13:13:33","guid":{"rendered":"http:\/\/blogg.fumei.se\/?p=1244"},"modified":"2010-01-01T13:13:33","modified_gmt":"2010-01-01T13:13:33","slug":"nytt","status":"publish","type":"post","link":"https:\/\/blogg.fumei.se\/?p=1244","title":{"rendered":"Nytt"},"content":{"rendered":"<p>Nytt \u00e5r! God forts\u00e4ttning, alla som l\u00e4ser den h\u00e4r bloggen!<br \/>Ny sn\u00f6 (heter det nysn\u00f6 fast det sn\u00f6at i flera dagar?), ny almanacka, nya tag. S\u00e5 h\u00e4r den f\u00f6rsta dagen p\u00e5 det nya \u00e5ret kan man hoppas och \u00f6nska att det h\u00e4r \u00e5ret ska bli b\u00e4ttre \u00e4n det f\u00f6rra (\u00e4ven om vissa saker var v\u00e4ldigt bra \u00e4ven under f\u00f6rra \u00e5ret).<br \/>S\u00e5 idag ska jag inleda \u00e5ret med att ta ner julgranen (japp &#8211; ta ner. Plast, you know&#8230;) och g\u00f6ra en matsedel. Senare under dagen ska jag ta en promenad. Den blir nog inte s\u00e5 l\u00e5ng med tanke p\u00e5 hur j\u00e4kla kallt det \u00e4r, men ut ska jag i alla fall, det har jag lovat mig sj\u00e4lv. Inte som ett ny\u00e5rsl\u00f6fte, men \u00e4nd\u00e5. Jag t\u00e4nkte att det borde vara ett relativt l\u00e4tt l\u00f6fte att h\u00e5lla.<br \/>Men till att b\u00f6rja med ska jag kl\u00e4 p\u00e5 mig. Har avnjutit frukost och dagens f\u00f6rsta kaffe, s\u00e5 snart blir det allts\u00e5 avpyntning och mera kaffe. En kula h\u00e4r, en slurk kaffe d\u00e4r&#8230;i lagom lugn takt.<\/p>\n<p>Jag k\u00e4nner p\u00e5 mig att det inte kommer att bli n\u00e5got extrapass den h\u00e4r helgen, s\u00e5 jag hinner nog kn\u00e5pa ihop ett par bokrecensioner ocks\u00e5. Vi f\u00e5r v\u00e4l se. Hur som helst s\u00e5 t\u00e4nker jag ignorera och f\u00f6rs\u00f6ka eliminera irritationsmoment i st\u00f6rre utstr\u00e4ckning \u00e4n vad jag gjort tidigare. Jag hoppas bara att det funkar&#8230;<br \/>Jag ska ocks\u00e5 f\u00f6rs\u00f6ka ta tag i allt som inte blev av eller avslutat f\u00f6rra \u00e5ret. En viss bok ligger tex fortfarande p\u00e5 hyllan och v\u00e4ntar p\u00e5 att bli l\u00e4st, och en annan p\u00e5 att bli skriven.<\/p>\n<p>Men, som sagt, f\u00f6rst kl\u00e4der och mera kaffe!<\/p>\n","protected":false},"excerpt":{"rendered":"<p>Nytt \u00e5r! God forts\u00e4ttning, alla som l\u00e4ser den h\u00e4r bloggen!Ny sn\u00f6 (heter det nysn\u00f6 fast det sn\u00f6at i flera dagar?), ny almanacka, nya tag. S\u00e5 h\u00e4r den f\u00f6rsta dagen p\u00e5 det nya \u00e5ret kan man hoppas och \u00f6nska att det h\u00e4r \u00e5ret ska bli b\u00e4ttre \u00e4n det f\u00f6rra (\u00e4ven om vissa saker var v\u00e4ldigt bra&#8230;<\/p>\n","protected":false},"author":1,"featured_media":0,"comment_status":"open","ping_status":"open","sticky":false,"template":"","format":"standard","meta":{"jetpack_post_was_ever_published":false,"_jetpack_newsletter_access":"","_jetpack_dont_email_post_to_subs":false,"_jetpack_newsletter_tier_id":0,"_jetpack_memberships_contains_paywalled_content":false,"_jetpack_memberships_contains_paid_content":false,"footnotes":"","jetpack_publicize_message":"","jetpack_publicize_feature_enabled":true,"jetpack_social_post_already_shared":false,"jetpack_social_options":{"image_generator_settings":{"template":"highway","default_image_id":0,"font":"","enabled":false},"version":2}},"categories":[47],"tags":[],"class_list":["post-1244","post","type-post","status-publish","format-standard","hentry","category-vardagsliv"],"jetpack_publicize_connections":[],"jetpack_featured_media_url":"","jetpack_shortlink":"https:\/\/wp.me\/s3qko4-nytt","jetpack_sharing_enabled":true,"jetpack_likes_enabled":true,"jetpack-related-posts":[{"id":142,"url":"https:\/\/blogg.fumei.se\/?p=142","url_meta":{"origin":1244,"position":0},"title":"Nystart","author":"M :)","date":"2011-01-01","format":false,"excerpt":"Solen skiner, himlen \u00e4r (n\u00e4stan) klarbl\u00e5 och jag \u00e4r ledig i tv\u00e5 dagar till. Kan det bli en b\u00e4ttre start p\u00e5 det nya \u00e5ret?Tja, det \u00e4r ju i alla fall en b\u00e4ttre start p\u00e5 f\u00f6rsta dagen p\u00e5 det nya \u00e5ret \u00e4n sj\u00e4lva b\u00f6rjan p\u00e5 \u00e5ret blev. Tolvslaget tillbringade vi n\u00e4mligen\u2026","rel":"","context":"I \u201dVardagsliv\u201d","block_context":{"text":"Vardagsliv","link":"https:\/\/blogg.fumei.se\/?cat=47"},"img":{"alt_text":"","src":"","width":0,"height":0},"classes":[]},{"id":2888,"url":"https:\/\/blogg.fumei.se\/?p=2888","url_meta":{"origin":1244,"position":1},"title":"Nytt \u00e5r &#8211; nya tag","author":"M :)","date":"2013-01-07","format":false,"excerpt":"Hej 2013. \u00c4n s\u00e5 l\u00e4nge har du inte bjudit p\u00e5 n\u00e5gra spektakul\u00e4ra eller minnesv\u00e4rda h\u00e4ndelser, om man inte r\u00e4knar med ink\u00f6pet av tv\u00e4ttmaskinen, f\u00f6rst\u00e5s. Samma tv\u00e4ttmaskin som envisas med att studsa runt i badrummet n\u00e4r den centrifugerar. S\u00e5 den st\u00e5r oanv\u00e4nd tills n\u00e5gon nisse har kollat p\u00e5 den. Men jag\u00a0har\u00a0i\u2026","rel":"","context":"I \u201dVardagsliv\u201d","block_context":{"text":"Vardagsliv","link":"https:\/\/blogg.fumei.se\/?cat=47"},"img":{"alt_text":"","src":"","width":0,"height":0},"classes":[]},{"id":1038,"url":"https:\/\/blogg.fumei.se\/?p=1038","url_meta":{"origin":1244,"position":2},"title":"Jag ska fatta mig (ganska) kort","author":"M :)","date":"2009-07-07","format":false,"excerpt":"annars blir det en j\u00e4mrans l\u00e5ng uppdatering h\u00e4r! Jag har ju varit iv\u00e4g till mor och far ett par dagar. Egentligen skulle jag bara varit ut under m\u00e5ndagen f\u00f6r att tr\u00e4ffa syster med familj, men mamma hade snubblat \u00f6ver hundens koppel och tagit emot med h\u00f6gerhanden s\u00e5 illa att hon\u2026","rel":"","context":"I \u201dVardagsliv\u201d","block_context":{"text":"Vardagsliv","link":"https:\/\/blogg.fumei.se\/?cat=47"},"img":{"alt_text":"","src":"","width":0,"height":0},"classes":[]},{"id":272,"url":"https:\/\/blogg.fumei.se\/?p=272","url_meta":{"origin":1244,"position":3},"title":"Sovmorgon in my dreams","author":"EmEff","date":"2010-03-13","format":false,"excerpt":"Det \u00e4r l\u00f6rdag och jag \u00e4r ledig. Imorgon ocks\u00e5. S\u00e5 jag t\u00e4nkte inleda helgen med en sk\u00f6n sovmorgon. Icke!, tyckte omv\u00e4rlden. F\u00f6rsta vaknade jag av att det l\u00e4t som om n\u00e5gon skrapade bort isen p\u00e5 gata och trottoar h\u00e4r utanf\u00f6r, men ins\u00e5g n\u00e4r jag tittade p\u00e5 klockan, som bara visade\u2026","rel":"","context":"I \u201dVardagsliv\u201d","block_context":{"text":"Vardagsliv","link":"https:\/\/blogg.fumei.se\/?cat=47"},"img":{"alt_text":"","src":"","width":0,"height":0},"classes":[]},{"id":928,"url":"https:\/\/blogg.fumei.se\/?p=928","url_meta":{"origin":1244,"position":4},"title":"Jag h\u00f6ll p\u00e5 att s\u00e4ga","author":"M :)","date":"2009-05-26","format":false,"excerpt":"att jag inte gjort ett vettigt dugg idag, men d\u00e5 ljuger jag nog. F\u00f6r jag har ju faktiskt f\u00f6rt \u00f6ver pengar b\u00e5de till mamma och syrran, varit iv\u00e4g och handlat s\u00e5 det ska r\u00e4cka n\u00e5gra dagar *tungt*, diskat och lagat ordentlig middag (och tom f\u00e5tt ihop till en matl\u00e5da till\u2026","rel":"","context":"I \u201dVardagsliv\u201d","block_context":{"text":"Vardagsliv","link":"https:\/\/blogg.fumei.se\/?cat=47"},"img":{"alt_text":"","src":"","width":0,"height":0},"classes":[]},{"id":221,"url":"https:\/\/blogg.fumei.se\/?p=221","url_meta":{"origin":1244,"position":5},"title":"Sn\u00e4lla barn","author":"EmEff","date":"2010-05-31","format":false,"excerpt":"Har jag ibland. Som tex ig\u00e5r, n\u00e4r jag fick blomma och kort p\u00e5 Mors Dag. Tv\u00e5 trisslotter fick jag ocks\u00e5, och med min vanliga tur vann jag s\u00e5klart inte ens en ny lott. Idag \u00e4r jag ledig. Med betoning p\u00e5 ledig. Jag har visserligen ett hem som \u00e4r bedr\u00f6vligt f\u00f6rsummat\u2026","rel":"","context":"I \u201dVardagsliv\u201d","block_context":{"text":"Vardagsliv","link":"https:\/\/blogg.fumei.se\/?cat=47"},"img":{"alt_text":"","src":"","width":0,"height":0},"classes":[]}],"_links":{"self":[{"href":"https:\/\/blogg.fumei.se\/index.php?rest_route=\/wp\/v2\/posts\/1244","targetHints":{"allow":["GET"]}}],"collection":[{"href":"https:\/\/blogg.fumei.se\/index.php?rest_route=\/wp\/v2\/posts"}],"about":[{"href":"https:\/\/blogg.fumei.se\/index.php?rest_route=\/wp\/v2\/types\/post"}],"author":[{"embeddable":true,"href":"https:\/\/blogg.fumei.se\/index.php?rest_route=\/wp\/v2\/users\/1"}],"replies":[{"embeddable":true,"href":"https:\/\/blogg.fumei.se\/index.php?rest_route=%2Fwp%2Fv2%2Fcomments&post=1244"}],"version-history":[{"count":0,"href":"https:\/\/blogg.fumei.se\/index.php?rest_route=\/wp\/v2\/posts\/1244\/revisions"}],"wp:attachment":[{"href":"https:\/\/blogg.fumei.se\/index.php?rest_route=%2Fwp%2Fv2%2Fmedia&parent=1244"}],"wp:term":[{"taxonomy":"category","embeddable":true,"href":"https:\/\/blogg.fumei.se\/index.php?rest_route=%2Fwp%2Fv2%2Fcategories&post=1244"},{"taxonomy":"post_tag","embeddable":true,"href":"https:\/\/blogg.fumei.se\/index.php?rest_route=%2Fwp%2Fv2%2Ftags&post=1244"}],"curies":[{"name":"wp","href":"https:\/\/api.w.org\/{rel}","templated":true}]}}