{"id":125,"date":"2011-01-14T12:32:00","date_gmt":"2011-01-14T12:32:00","guid":{"rendered":"\/Blogg\/post\/30-dagarslista3b-Dag-10.aspx"},"modified":"2011-01-14T12:32:00","modified_gmt":"2011-01-14T12:32:00","slug":"30-dagarslista-dag-10","status":"publish","type":"post","link":"https:\/\/blogg.fumei.se\/?p=125","title":{"rendered":"30-dagarslista; Dag 10"},"content":{"rendered":"<p><em>Dag 10: En bild p&aring; din k&auml;raste &auml;godel.<\/em><\/p>\n<p>Egentligen &auml;r det nog alla mina foton och album, men jag v&auml;ljer nog mon mobiltelefon. Min Nokia N95, som idag b&ouml;rjar bli en smula f&ouml;rlegad (alla ska ju ha androider numera), men som har h&auml;ngt med mig i n&aring;gra &aring;r nu, och s&auml;kert kommer att h&auml;nga med i ett par &aring;r till.<br \/>Den har allt jag beh&ouml;ver: sj&auml;lva telefonen, kamera med 5 megapixel, mp3 och radio. S&aring; kan jag koppla upp mig mot n&auml;tet ocks&aring;!<\/p>\n<p><img decoding=\"async\" src=\"\/blogg\/image.axd?picture=2011%2f1%2fnokia.png\" alt=\"\" \/><\/p>\n<p>&nbsp;<\/p>\n<p><em><br \/><\/em><\/p>\n<p><em><br \/><\/em><\/p>\n","protected":false},"excerpt":{"rendered":"<p>Dag 10: En bild p&aring; din k&auml;raste &auml;godel. Egentligen &auml;r det nog alla mina foton och album, men jag v&auml;ljer nog mon mobiltelefon. Min Nokia N95, som idag b&ouml;rjar bli en smula f&ouml;rlegad (alla ska ju ha androider numera), men som har h&auml;ngt med mig i n&aring;gra &aring;r nu, och s&auml;kert kommer att h&auml;nga med&#8230;<\/p>\n","protected":false},"author":1,"featured_media":0,"comment_status":"open","ping_status":"open","sticky":false,"template":"","format":"standard","meta":{"jetpack_post_was_ever_published":false,"_jetpack_newsletter_access":"","_jetpack_dont_email_post_to_subs":false,"_jetpack_newsletter_tier_id":0,"_jetpack_memberships_contains_paywalled_content":false,"_jetpack_memberships_contains_paid_content":false,"footnotes":"","jetpack_publicize_message":"","jetpack_publicize_feature_enabled":true,"jetpack_social_post_already_shared":false,"jetpack_social_options":{"image_generator_settings":{"template":"highway","default_image_id":0,"font":"","enabled":false},"version":2}},"categories":[47],"tags":[],"class_list":["post-125","post","type-post","status-publish","format-standard","hentry","category-vardagsliv"],"jetpack_publicize_connections":[],"jetpack_featured_media_url":"","jetpack_shortlink":"https:\/\/wp.me\/p3qko4-21","jetpack_sharing_enabled":true,"jetpack_likes_enabled":true,"jetpack-related-posts":[{"id":3741,"url":"https:\/\/blogg.fumei.se\/?p=3741","url_meta":{"origin":125,"position":0},"title":"DIY: makeover av en kristallkrona","author":"M :)","date":"2015-10-06","format":false,"excerpt":"Jag gillar kristallkronor. Tyv\u00e4rr har jag varken r\u00e4tt sorts bostad eller ekonomi f\u00f6r att ha en riktigt maffig krona, s\u00e5 n\u00e4r jag fick en lite mindre variant gratis i en bortsk\u00e4nkes-grupp p\u00e5 Facebook, d\u00e5 tog jag den, s\u00e5klart! Den var ganska smutsig efter att ha legat i en k\u00e4llare i\u2026","rel":"","context":"I \u201dHemmet\u201d","block_context":{"text":"Hemmet","link":"https:\/\/blogg.fumei.se\/?cat=31"},"img":{"alt_text":"","src":"https:\/\/i0.wp.com\/blogg.fumei.se\/wp-content\/uploads\/2015\/10\/2015-03-11-11.19.32.jpg?fit=1200%2C675&ssl=1&resize=350%2C200","width":350,"height":200,"srcset":"https:\/\/i0.wp.com\/blogg.fumei.se\/wp-content\/uploads\/2015\/10\/2015-03-11-11.19.32.jpg?fit=1200%2C675&ssl=1&resize=350%2C200 1x, https:\/\/i0.wp.com\/blogg.fumei.se\/wp-content\/uploads\/2015\/10\/2015-03-11-11.19.32.jpg?fit=1200%2C675&ssl=1&resize=525%2C300 1.5x, https:\/\/i0.wp.com\/blogg.fumei.se\/wp-content\/uploads\/2015\/10\/2015-03-11-11.19.32.jpg?fit=1200%2C675&ssl=1&resize=700%2C400 2x, https:\/\/i0.wp.com\/blogg.fumei.se\/wp-content\/uploads\/2015\/10\/2015-03-11-11.19.32.jpg?fit=1200%2C675&ssl=1&resize=1050%2C600 3x"},"classes":[]},{"id":738,"url":"https:\/\/blogg.fumei.se\/?p=738","url_meta":{"origin":125,"position":1},"title":"Tredje Advent","author":"M :)","date":"2008-12-14","format":false,"excerpt":"Redan! Om bara 10 dagar \u00e4r det julafton. Och jag har inte ens b\u00f6rjat. Eller jo, det har jag ju, lite grann. Jag har b\u00f6rjat t\u00e4nka ut vad alla ska f\u00e5 i sina paket, s\u00e5 att jag inte beh\u00f6ver fundera p\u00e5 det n\u00e4r jag v\u00e4l ska ge mig ut och\u2026","rel":"","context":"I \u201dVardagsliv\u201d","block_context":{"text":"Vardagsliv","link":"https:\/\/blogg.fumei.se\/?cat=47"},"img":{"alt_text":"","src":"","width":0,"height":0},"classes":[]},{"id":1856,"url":"https:\/\/blogg.fumei.se\/?p=1856","url_meta":{"origin":125,"position":2},"title":"Julbestyr","author":"M :)","date":"2011-12-14","format":false,"excerpt":"Idag \u00e4r det 10 dagar kvar till julafton, och jag har som vanligt knappt gjort n\u00e5gonting. Idag ska jag hj\u00e4lpa lilla mamsen med en sak som hon ska ge bort, sen ska jag fixa alla julkort och \u00e4ven en annan grej som jag t\u00e4nkte ge bort. Imorgon \u00e4r det \u00e5ter\u2026","rel":"","context":"I \u201dVardagsliv\u201d","block_context":{"text":"Vardagsliv","link":"https:\/\/blogg.fumei.se\/?cat=47"},"img":{"alt_text":"","src":"","width":0,"height":0},"classes":[]},{"id":5623,"url":"https:\/\/blogg.fumei.se\/?p=5623","url_meta":{"origin":125,"position":3},"title":"B\u00f6cker","author":"M :)","date":"2024-01-13","format":false,"excerpt":"Jag har alltid l\u00e4st, s\u00e5 l\u00e4nge jag kan minnas. Minst ett kapitel i en bok varje dag, ibland en hel bok p\u00e5 en dag, ibland ett par. Barn- och ungdomsbiblioteket l\u00e5g tv\u00e4rs \u00f6ver gatan fr\u00e5n v\u00e5rt hus, och jag var d\u00e4r s\u00e5 ofta att det var d\u00e4r mamma letade f\u00f6rst\u2026","rel":"","context":"I \u201dB\u00f6cker och l\u00e4sning\u201d","block_context":{"text":"B\u00f6cker och l\u00e4sning","link":"https:\/\/blogg.fumei.se\/?cat=29"},"img":{"alt_text":"","src":"","width":0,"height":0},"classes":[]},{"id":323,"url":"https:\/\/blogg.fumei.se\/?p=323","url_meta":{"origin":125,"position":4},"title":"Tjej&#038;Killsnack vecka 50, 2009","author":"EmEff","date":"2009-12-13","format":false,"excerpt":"Vill du ocks\u00e5 vara med? Du hittar Tjejsnack h\u00e4r. Julen 1. Vilka f\u00e4rger har ni till jul? R\u00f6tt, gr\u00f6nt och bl\u00e5tt. Samma f\u00e4rger som jag f\u00f6rs\u00f6ker ha i resten av hemmet. Och s\u00e5 lite inslag av silver och guld. 2. Skickar du m\u00e5nga julkort? Nej, inte numera. F\u00f6rr kunde jag\u2026","rel":"","context":"I \u201dVardagsliv\u201d","block_context":{"text":"Vardagsliv","link":"https:\/\/blogg.fumei.se\/?cat=47"},"img":{"alt_text":"","src":"","width":0,"height":0},"classes":[]},{"id":141,"url":"https:\/\/blogg.fumei.se\/?p=141","url_meta":{"origin":125,"position":5},"title":"30-dagarslista; Dag 1","author":"M :)","date":"2011-01-01","format":false,"excerpt":"Dag 1: En bild p\u00e5 dig sj\u00e4lv och femton fakta om dig sj\u00e4lv. Okej, h\u00e4r \u00e4r bilden: ...och 15 fakta om mig sj\u00e4lv: N\u00e4r jag var liten trodde jag att mina f\u00f6r\u00e4ldrar bodde i grottor n\u00e4r de var barn. Allt pga en kommentar fr\u00e5n de stora barnen p\u00e5 g\u00e5rden; \"morsan\u2026","rel":"","context":"I \u201dVardagsliv\u201d","block_context":{"text":"Vardagsliv","link":"https:\/\/blogg.fumei.se\/?cat=47"},"img":{"alt_text":"","src":"","width":0,"height":0},"classes":[]}],"_links":{"self":[{"href":"https:\/\/blogg.fumei.se\/index.php?rest_route=\/wp\/v2\/posts\/125","targetHints":{"allow":["GET"]}}],"collection":[{"href":"https:\/\/blogg.fumei.se\/index.php?rest_route=\/wp\/v2\/posts"}],"about":[{"href":"https:\/\/blogg.fumei.se\/index.php?rest_route=\/wp\/v2\/types\/post"}],"author":[{"embeddable":true,"href":"https:\/\/blogg.fumei.se\/index.php?rest_route=\/wp\/v2\/users\/1"}],"replies":[{"embeddable":true,"href":"https:\/\/blogg.fumei.se\/index.php?rest_route=%2Fwp%2Fv2%2Fcomments&post=125"}],"version-history":[{"count":0,"href":"https:\/\/blogg.fumei.se\/index.php?rest_route=\/wp\/v2\/posts\/125\/revisions"}],"wp:attachment":[{"href":"https:\/\/blogg.fumei.se\/index.php?rest_route=%2Fwp%2Fv2%2Fmedia&parent=125"}],"wp:term":[{"taxonomy":"category","embeddable":true,"href":"https:\/\/blogg.fumei.se\/index.php?rest_route=%2Fwp%2Fv2%2Fcategories&post=125"},{"taxonomy":"post_tag","embeddable":true,"href":"https:\/\/blogg.fumei.se\/index.php?rest_route=%2Fwp%2Fv2%2Ftags&post=125"}],"curies":[{"name":"wp","href":"https:\/\/api.w.org\/{rel}","templated":true}]}}