{"id":133,"date":"2011-01-05T18:35:00","date_gmt":"2011-01-05T18:35:00","guid":{"rendered":"\/Blogg\/post\/30-dagarslista3b-Dag-5.aspx"},"modified":"2011-01-05T18:35:00","modified_gmt":"2011-01-05T18:35:00","slug":"30-dagarslista-dag-5","status":"publish","type":"post","link":"https:\/\/blogg.fumei.se\/?p=133","title":{"rendered":"30-dagarslista; Dag 5"},"content":{"rendered":"<p><em>Dag 5; En bild p&aring; n&aring;got du &auml;lskar.<\/em><\/p>\n<p><em>N&aring;got<\/em> jag &auml;lskar. Jaha&#8230;det kan ju vara en hel massa saker&#8230;just nu &auml;r jag olidligt sugen p&aring; vindruvor. Men eftersom de enda druvor som finns i v&aring;r lilla butik h&auml;r hemmavid &auml;r s&aring;dana d&auml;r sm&aring; och sura, s&aring; f&aring;r det vara.<br \/>Jag illustrerar min favoritfrukt med en bild av en m&aring;lning gjord av <a href=\"http:\/\/www.ewaleyman.com\/index2.html\" target=\"_blank\"><strong>[Ewa Leyman]<\/strong><\/a>, en konstn&auml;r ifr&aring;n G&ouml;teborg.<\/p>\n<p><img decoding=\"async\" src=\"\/blogg\/image.axd?picture=2011%2f1%2fleymandruvor.jpg\" alt=\"\" \/><\/p>\n","protected":false},"excerpt":{"rendered":"<p>Dag 5; En bild p&aring; n&aring;got du &auml;lskar. N&aring;got jag &auml;lskar. Jaha&#8230;det kan ju vara en hel massa saker&#8230;just nu &auml;r jag olidligt sugen p&aring; vindruvor. Men eftersom de enda druvor som finns i v&aring;r lilla butik h&auml;r hemmavid &auml;r s&aring;dana d&auml;r sm&aring; och sura, s&aring; f&aring;r det vara.Jag illustrerar min favoritfrukt med en bild&#8230;<\/p>\n","protected":false},"author":1,"featured_media":0,"comment_status":"open","ping_status":"open","sticky":false,"template":"","format":"standard","meta":{"jetpack_post_was_ever_published":false,"_jetpack_newsletter_access":"","_jetpack_dont_email_post_to_subs":false,"_jetpack_newsletter_tier_id":0,"_jetpack_memberships_contains_paywalled_content":false,"_jetpack_memberships_contains_paid_content":false,"footnotes":"","jetpack_publicize_message":"","jetpack_publicize_feature_enabled":true,"jetpack_social_post_already_shared":false,"jetpack_social_options":{"image_generator_settings":{"template":"highway","default_image_id":0,"font":"","enabled":false},"version":2}},"categories":[47],"tags":[],"class_list":["post-133","post","type-post","status-publish","format-standard","hentry","category-vardagsliv"],"jetpack_publicize_connections":[],"jetpack_featured_media_url":"","jetpack_shortlink":"https:\/\/wp.me\/p3qko4-29","jetpack_sharing_enabled":true,"jetpack_likes_enabled":true,"jetpack-related-posts":[{"id":143,"url":"https:\/\/blogg.fumei.se\/?p=143","url_meta":{"origin":133,"position":0},"title":"30-dagarslista","author":"M :)","date":"2011-01-01","format":false,"excerpt":"Dag 1: En bild p\u00e5 dig sj\u00e4lv och femton fakta om dig sj\u00e4lv.Dag 2; En bild p\u00e5 dig sj\u00e4lv och den person du varit v\u00e4n med l\u00e4ngst.Dag 3; En bild p\u00e5 dig och n\u00e5gon som f\u00e5r dig att skratta mycket.Dag 4; En bild p\u00e5 n\u00e5got du skulle vilja g\u00f6ra igen.Dag\u2026","rel":"","context":"I \u201dVardagsliv\u201d","block_context":{"text":"Vardagsliv","link":"https:\/\/blogg.fumei.se\/?cat=47"},"img":{"alt_text":"","src":"","width":0,"height":0},"classes":[]},{"id":987,"url":"https:\/\/blogg.fumei.se\/?p=987","url_meta":{"origin":133,"position":1},"title":"Tjejsnack vecka 24","author":"M :)","date":"2009-06-14","format":false,"excerpt":"\u00c4nnu en f\u00f6rsenad tjejsnacksrunda!Vill du ocks\u00e5 vara med? Du hittar fr\u00e5gorna h\u00e4r .Fotografering1. Framkallar du dina digitala foton?Det h\u00e4nder n\u00e5gon g\u00e5ng ibland om jag beh\u00f6ver ett foto till n\u00e5got icke-digitalt. Hels skulle jag vilja framkalla alla mina foton s\u00e5 att jag kunde s\u00e4tta in dem i album, f\u00f6r det k\u00e4nns\u2026","rel":"","context":"I \u201dVardagsliv\u201d","block_context":{"text":"Vardagsliv","link":"https:\/\/blogg.fumei.se\/?cat=47"},"img":{"alt_text":"","src":"","width":0,"height":0},"classes":[]},{"id":1022,"url":"https:\/\/blogg.fumei.se\/?p=1022","url_meta":{"origin":133,"position":2},"title":"S\u00f6ndagslista","author":"M :)","date":"2009-07-19","format":false,"excerpt":"1. St\u00e4nger du av mobilen n\u00e4r du sover?Nej.\u00a0Dels anv\u00e4nder jag den som v\u00e4ckarklocka, dels\u00a0vill jag\u00a0kunna bli n\u00e5dd om det h\u00e4nder n\u00e5got.2. Vem s\u00e5g dig senast naken?\u00c5h herregud det \u00e4r s\u00e5 l\u00e4ngesen att jag inte minns!3. Hur s\u00e5g du ut p\u00e5 h\u00f6gstadiet?Kort, alldaglig, vanlig...4. Hur kommer du se ut om tjugo\u2026","rel":"","context":"I \u201dVardagsliv\u201d","block_context":{"text":"Vardagsliv","link":"https:\/\/blogg.fumei.se\/?cat=47"},"img":{"alt_text":"","src":"","width":0,"height":0},"classes":[]},{"id":300,"url":"https:\/\/blogg.fumei.se\/?p=300","url_meta":{"origin":133,"position":3},"title":"Tjej&#038;Killsnack vecka 7","author":"M :)","date":"2010-02-14","format":false,"excerpt":"\u00a0Vill du ocks\u00e5 vara med? Du hittar Tjejsnack h\u00e4r. Livet 1. Vem skulle du vilja byta liv med f\u00f6r en dag?Nja, trots allt gn\u00e4ll s\u00e5 skulle jag nog inte vilja byta live med n\u00e5gon. I varje fall inte vad jag kan komma p\u00e5 nu. F\u00f6r vad \u00e4r det som s\u00e4ger\u2026","rel":"","context":"I \u201dVardagsliv\u201d","block_context":{"text":"Vardagsliv","link":"https:\/\/blogg.fumei.se\/?cat=47"},"img":{"alt_text":"","src":"","width":0,"height":0},"classes":[]},{"id":2755,"url":"https:\/\/blogg.fumei.se\/?p=2755","url_meta":{"origin":133,"position":4},"title":"8 fr\u00e5gor, 8 svar","author":"M :)","date":"2012-08-26","format":false,"excerpt":"Jag har blivit utmanad av Eli l\u00e4ser och skriver. Utmaningen g\u00e5r ut p\u00e5 att jag ska lista \u00e5tta fakta om mig sj\u00e4lv som jag inte tagit upp h\u00e4r i bloggen n\u00e5gon g\u00e5ng innan. Knivigt, men jag g\u00f6r ett f\u00f6rs\u00f6k. Jag \u00e4r en font-o-holic. Jag \u00e4lskar typsnitt. Om jag snubblar \u00f6ver\u2026","rel":"","context":"I \u201dVardagsliv\u201d","block_context":{"text":"Vardagsliv","link":"https:\/\/blogg.fumei.se\/?cat=47"},"img":{"alt_text":"","src":"","width":0,"height":0},"classes":[]},{"id":1101,"url":"https:\/\/blogg.fumei.se\/?p=1101","url_meta":{"origin":133,"position":5},"title":"Tjejsnack vecka 39","author":"M :)","date":"2009-09-20","format":false,"excerpt":"Vill du ocks\u00e5 vara med? Du hittar Tjejsnack h\u00e4r.B\u00f6cker 1. Anv\u00e4nder du bokm\u00e4rke n\u00e4r du l\u00e4ser, vilken typ?Jag anv\u00e4nder bara bokm\u00e4rke n\u00e4r jag l\u00e4ser b\u00f6cker som inte \u00e4r mina egna, tex l\u00e5nade fr\u00e5n biblioteket. Annars viker jag h\u00f6rn. 2. Vilken \u00e4r din favoritbok?Det finns flera b\u00f6cker jag \u00e4lskar, men Sagan\u2026","rel":"","context":"I \u201dVardagsliv\u201d","block_context":{"text":"Vardagsliv","link":"https:\/\/blogg.fumei.se\/?cat=47"},"img":{"alt_text":"","src":"","width":0,"height":0},"classes":[]}],"_links":{"self":[{"href":"https:\/\/blogg.fumei.se\/index.php?rest_route=\/wp\/v2\/posts\/133","targetHints":{"allow":["GET"]}}],"collection":[{"href":"https:\/\/blogg.fumei.se\/index.php?rest_route=\/wp\/v2\/posts"}],"about":[{"href":"https:\/\/blogg.fumei.se\/index.php?rest_route=\/wp\/v2\/types\/post"}],"author":[{"embeddable":true,"href":"https:\/\/blogg.fumei.se\/index.php?rest_route=\/wp\/v2\/users\/1"}],"replies":[{"embeddable":true,"href":"https:\/\/blogg.fumei.se\/index.php?rest_route=%2Fwp%2Fv2%2Fcomments&post=133"}],"version-history":[{"count":0,"href":"https:\/\/blogg.fumei.se\/index.php?rest_route=\/wp\/v2\/posts\/133\/revisions"}],"wp:attachment":[{"href":"https:\/\/blogg.fumei.se\/index.php?rest_route=%2Fwp%2Fv2%2Fmedia&parent=133"}],"wp:term":[{"taxonomy":"category","embeddable":true,"href":"https:\/\/blogg.fumei.se\/index.php?rest_route=%2Fwp%2Fv2%2Fcategories&post=133"},{"taxonomy":"post_tag","embeddable":true,"href":"https:\/\/blogg.fumei.se\/index.php?rest_route=%2Fwp%2Fv2%2Ftags&post=133"}],"curies":[{"name":"wp","href":"https:\/\/api.w.org\/{rel}","templated":true}]}}