{"id":134,"date":"2011-01-05T17:56:00","date_gmt":"2011-01-05T17:56:00","guid":{"rendered":"\/Blogg\/post\/30-dagarslista3b-Dag-4.aspx"},"modified":"2011-01-05T17:56:00","modified_gmt":"2011-01-05T17:56:00","slug":"30-dagarslista-dag-4","status":"publish","type":"post","link":"https:\/\/blogg.fumei.se\/?p=134","title":{"rendered":"30-dagarslista; Dag 4"},"content":{"rendered":"<p>Jag var r&auml;tt megaslut ig&aring;r kv&auml;ll efter jobbet, s&aring; det blev ingen listning d&aring;, men den kommer nu ist&auml;llet.<\/p>\n<p><em>Dag 4; En bild p&aring; n&aring;got du skulle vilja g&ouml;ra igen.<\/em><\/p>\n<p><img decoding=\"async\" src=\"\/blogg\/image.axd?picture=2011%2f1%2fplanesketch.png\" alt=\"\" \/><\/p>\n<p>Jag har inte flugit sedan jag var en liten tulta, s&aring; det skulle jag vilja testa igen. <br \/>Visserligen &auml;r jag kusligt h&ouml;jdr&auml;dd, men jag v&aring;gar mig s&auml;kert p&aring; att se ut genom f&ouml;nstret &auml;nd&aring;.<\/p>\n<p><img decoding=\"async\" src=\"\/blogg\/image.axd?picture=2011%2f1%2futsikt.png\" alt=\"\" \/><\/p>\n<p>&nbsp;<\/p>\n","protected":false},"excerpt":{"rendered":"<p>Jag var r&auml;tt megaslut ig&aring;r kv&auml;ll efter jobbet, s&aring; det blev ingen listning d&aring;, men den kommer nu ist&auml;llet. Dag 4; En bild p&aring; n&aring;got du skulle vilja g&ouml;ra igen. Jag har inte flugit sedan jag var en liten tulta, s&aring; det skulle jag vilja testa igen. Visserligen &auml;r jag kusligt h&ouml;jdr&auml;dd, men jag v&aring;gar&#8230;<\/p>\n","protected":false},"author":1,"featured_media":0,"comment_status":"open","ping_status":"open","sticky":false,"template":"","format":"standard","meta":{"jetpack_post_was_ever_published":false,"_jetpack_newsletter_access":"","_jetpack_dont_email_post_to_subs":false,"_jetpack_newsletter_tier_id":0,"_jetpack_memberships_contains_paywalled_content":false,"_jetpack_memberships_contains_paid_content":false,"footnotes":"","jetpack_publicize_message":"","jetpack_publicize_feature_enabled":true,"jetpack_social_post_already_shared":false,"jetpack_social_options":{"image_generator_settings":{"template":"highway","default_image_id":0,"font":"","enabled":false},"version":2}},"categories":[47],"tags":[],"class_list":["post-134","post","type-post","status-publish","format-standard","hentry","category-vardagsliv"],"jetpack_publicize_connections":[],"jetpack_featured_media_url":"","jetpack_shortlink":"https:\/\/wp.me\/p3qko4-2a","jetpack_sharing_enabled":true,"jetpack_likes_enabled":true,"jetpack-related-posts":[{"id":1053,"url":"https:\/\/blogg.fumei.se\/?p=1053","url_meta":{"origin":134,"position":0},"title":"Tjejsnack vecka 35","author":"M :)","date":"2009-08-27","format":false,"excerpt":"Vill du ocks\u00e5 vara med? Du hittar Tjejsnack h\u00e4r. G\u00e4ster 1. Hur ofta brukar du ha g\u00e4ster? Det beror p\u00e5 vad som menas med g\u00e4ster. Mina f\u00f6r\u00e4ldrar h\u00e4lsar p\u00e5 n\u00e5n g\u00e5ng varje vecka, annars \u00e4r det inte m\u00e5nga g\u00e4ster som passerar genom v\u00e5rt hem. AV n\u00e5n anledning verkar de flesta\u2026","rel":"","context":"I \u201dVardagsliv\u201d","block_context":{"text":"Vardagsliv","link":"https:\/\/blogg.fumei.se\/?cat=47"},"img":{"alt_text":"","src":"","width":0,"height":0},"classes":[]},{"id":300,"url":"https:\/\/blogg.fumei.se\/?p=300","url_meta":{"origin":134,"position":1},"title":"Tjej&#038;Killsnack vecka 7","author":"M :)","date":"2010-02-14","format":false,"excerpt":"\u00a0Vill du ocks\u00e5 vara med? Du hittar Tjejsnack h\u00e4r. Livet 1. Vem skulle du vilja byta liv med f\u00f6r en dag?Nja, trots allt gn\u00e4ll s\u00e5 skulle jag nog inte vilja byta live med n\u00e5gon. I varje fall inte vad jag kan komma p\u00e5 nu. F\u00f6r vad \u00e4r det som s\u00e4ger\u2026","rel":"","context":"I \u201dVardagsliv\u201d","block_context":{"text":"Vardagsliv","link":"https:\/\/blogg.fumei.se\/?cat=47"},"img":{"alt_text":"","src":"","width":0,"height":0},"classes":[]},{"id":259,"url":"https:\/\/blogg.fumei.se\/?p=259","url_meta":{"origin":134,"position":2},"title":"Tjej&#038;Killsnack vecka 13","author":"EmEff","date":"2010-03-31","format":false,"excerpt":"Veckans fr\u00e5gor. L\u00e4s mer om vad TJEJ&KILLSNACK \u00e4r\/hitta alla fr\u00e5gor h\u00e4r. Djur 1. Vad har du haft f\u00f6r husdjur?Jag har haft kattet, kanin och nymfparakiter. fast f\u00e5glarna var egentligen inte mina, utan en pojkv\u00e4ns. Jag \u00e4r inte s\u00e5 f\u00f6rtjust\u00a0i pippi i bur.Jag tror vi hade s\u00e5na d\u00e4r sm\u00e5 sk\u00f6ldpaddor ocks\u00e5\u2026","rel":"","context":"I \u201dVardagsliv\u201d","block_context":{"text":"Vardagsliv","link":"https:\/\/blogg.fumei.se\/?cat=47"},"img":{"alt_text":"","src":"","width":0,"height":0},"classes":[]},{"id":1210,"url":"https:\/\/blogg.fumei.se\/?p=1210","url_meta":{"origin":134,"position":3},"title":"Tjejsnack vecka 51","author":"M :)","date":"2009-12-20","format":false,"excerpt":"Vill du ocks\u00e5 vara med? Du hittar Tjejsnack h\u00e4r.Julafton 1. Vad skulle du inte vilja vara utan p\u00e5 julbordet?Allt! Jag kan inte v\u00e4lja. Utan att det som st\u00e5r p\u00e5 bordet blir det inget riktigt julbord. 2. Vilken \u00e4r din favorit i Kalles Jul-slinga av tecknat?Nja, jag har nog ingen favorit.\u2026","rel":"","context":"I \u201dVardagsliv\u201d","block_context":{"text":"Vardagsliv","link":"https:\/\/blogg.fumei.se\/?cat=47"},"img":{"alt_text":"","src":"","width":0,"height":0},"classes":[]},{"id":1661,"url":"https:\/\/blogg.fumei.se\/?p=1661","url_meta":{"origin":134,"position":4},"title":"En lista. Igen.","author":"M :)","date":"2011-10-27","format":false,"excerpt":"Bloggsurfade i f\u00f6rmiddags i brist p\u00e5 annat att g\u00f6ra (l\u00e4s: medn jag sk\u00f6t upp det tr\u00e5kiga jag skulle g\u00f6ra), och hittade den h\u00e4r listan hos Maria. Fyra jobb jag haft: 1. Butiksbitr\u00e4de p\u00e5 Konsum 2. Linearbetare p\u00e5 SAAB 3. Reklamutdelare 4. Undersk\u00f6terska Fyra filmer jag kan se igen och igen:\u2026","rel":"","context":"I \u201dVardagsliv\u201d","block_context":{"text":"Vardagsliv","link":"https:\/\/blogg.fumei.se\/?cat=47"},"img":{"alt_text":"","src":"","width":0,"height":0},"classes":[]},{"id":1129,"url":"https:\/\/blogg.fumei.se\/?p=1129","url_meta":{"origin":134,"position":5},"title":"\u00d6nskelista igen","author":"M :)","date":"2009-09-07","format":false,"excerpt":"Lika bra att vara ute i god tid...OM n\u00e5gon skulle r\u00e5ka vilja ge mig n\u00e5got p\u00e5 min f\u00f6delsedag, s\u00e5 \u00f6nskar jag mig en resa. Ingen som kan gissa vart, va??!!Eftersom ingen resebyr\u00e5 med kontor p\u00e5 svenska mark s\u00e4ljer enbart flygstol (boende \u00e4r ju liksom redan ordnat) till (icke-)n\u00e4mnda resm\u00e5l, s\u00e5\u2026","rel":"","context":"I \u201dVardagsliv\u201d","block_context":{"text":"Vardagsliv","link":"https:\/\/blogg.fumei.se\/?cat=47"},"img":{"alt_text":"","src":"","width":0,"height":0},"classes":[]}],"_links":{"self":[{"href":"https:\/\/blogg.fumei.se\/index.php?rest_route=\/wp\/v2\/posts\/134","targetHints":{"allow":["GET"]}}],"collection":[{"href":"https:\/\/blogg.fumei.se\/index.php?rest_route=\/wp\/v2\/posts"}],"about":[{"href":"https:\/\/blogg.fumei.se\/index.php?rest_route=\/wp\/v2\/types\/post"}],"author":[{"embeddable":true,"href":"https:\/\/blogg.fumei.se\/index.php?rest_route=\/wp\/v2\/users\/1"}],"replies":[{"embeddable":true,"href":"https:\/\/blogg.fumei.se\/index.php?rest_route=%2Fwp%2Fv2%2Fcomments&post=134"}],"version-history":[{"count":0,"href":"https:\/\/blogg.fumei.se\/index.php?rest_route=\/wp\/v2\/posts\/134\/revisions"}],"wp:attachment":[{"href":"https:\/\/blogg.fumei.se\/index.php?rest_route=%2Fwp%2Fv2%2Fmedia&parent=134"}],"wp:term":[{"taxonomy":"category","embeddable":true,"href":"https:\/\/blogg.fumei.se\/index.php?rest_route=%2Fwp%2Fv2%2Fcategories&post=134"},{"taxonomy":"post_tag","embeddable":true,"href":"https:\/\/blogg.fumei.se\/index.php?rest_route=%2Fwp%2Fv2%2Ftags&post=134"}],"curies":[{"name":"wp","href":"https:\/\/api.w.org\/{rel}","templated":true}]}}