{"id":137,"date":"2011-01-03T20:37:00","date_gmt":"2011-01-03T20:37:00","guid":{"rendered":"\/Blogg\/post\/Det-har-med-att-halla-diet.aspx"},"modified":"2011-01-03T20:37:00","modified_gmt":"2011-01-03T20:37:00","slug":"det-har-med-att-halla-diet","status":"publish","type":"post","link":"https:\/\/blogg.fumei.se\/?p=137","title":{"rendered":"Det h\u00e4r med att h\u00e5lla diet"},"content":{"rendered":"<p>Det &auml;r ingen enkel match att h&aring;lla sig till bara det som &auml;r bra f&ouml;r en, n&auml;r man &auml;r van vid att ha n&aring;got att mumsa p&aring; framf&ouml;r tv:n p&aring; kv&auml;llarna, eller n&auml;r patienter kommer med godis och kakor som tack f&ouml;r god v&aring;rd. Men jag har banne mig varit duktig i hela tre dagar nu!<br \/>I l&ouml;rdags b&ouml;rjade vi s&aring; sm&aring;tt, d&aring; valde vi bort saker med kolhydrater i till maten. Sedan syndade vi lite grann med bubbel p&aring; kv&auml;llen, men som sagt: &#8221;man v&auml;ljer sj&auml;lv om och n&auml;r det &auml;r fest&#8221;, och eftersom det blev en r&auml;tt crappy ny&aring;rsafton, s&aring; tog vi igen det lite p&aring; ny&aring;rsdagen.<\/p>\n<p>I s&ouml;ndags fortsatte vi p&aring; noll-kolhydrat-temat (fast J tog 3 pommes till sin kyckling) men k&ouml;rde lite GI-variant i och med att jag gjorde b&ouml;nsallad. Till tv-mys blev det n&ouml;tter och te.<br \/>Idag har jag &auml;tit rester fr&aring;n ig&aring;r, och sen blev det hamburgare utan br&ouml;d eller pommes, och jag gjorde en egen mangodressing p&aring; mango chutney och creme fraiche. Ikv&auml;ll blir det ett gr&ouml;nt &auml;pple och en balja te.<\/p>\n<p>Aktiviteringen funkar fint, idag lyckades jag tom sl&auml;pa med mig Robin ut p&aring; l&aring;ngpromenad med hund. 35 minuter upp och ner f&ouml;r backar och gator, s&aring; nu har b&aring;de jag, J och Robn f&aring;tt syre. Visserligen arbetade jag s&aring; jag var svettig ddag p&aring; BB, men man <em>g&aring;r <\/em>inte s&aring; mycket d&auml;r. Eller det g&ouml;r man ju, men det &auml;r n&aring;gra steg i taget, aldrig n&aring;gra l&auml;ngre rundor (om man inte r&auml;knar de g&aring;ngerna vi g&aring;r till labb).<br \/>Imorgon blir det f&ouml;rmiddagspromenix innan jag ska med t&aring;get. F&aring;r se om jag kan f&aring; med mig J d&aring; eller om han t&auml;nker tryna l&auml;nge.<\/p>\n<p>Nu ska jag i alla fall krypa upp i soffan och se veckans avsnitt av CSI.<\/p>\n","protected":false},"excerpt":{"rendered":"<p>Det &auml;r ingen enkel match att h&aring;lla sig till bara det som &auml;r bra f&ouml;r en, n&auml;r man &auml;r van vid att ha n&aring;got att mumsa p&aring; framf&ouml;r tv:n p&aring; kv&auml;llarna, eller n&auml;r patienter kommer med godis och kakor som tack f&ouml;r god v&aring;rd. Men jag har banne mig varit duktig i hela tre dagar&#8230;<\/p>\n","protected":false},"author":1,"featured_media":0,"comment_status":"open","ping_status":"open","sticky":false,"template":"","format":"standard","meta":{"jetpack_post_was_ever_published":false,"_jetpack_newsletter_access":"","_jetpack_dont_email_post_to_subs":false,"_jetpack_newsletter_tier_id":0,"_jetpack_memberships_contains_paywalled_content":false,"_jetpack_memberships_contains_paid_content":false,"footnotes":"","jetpack_publicize_message":"","jetpack_publicize_feature_enabled":true,"jetpack_social_post_already_shared":false,"jetpack_social_options":{"image_generator_settings":{"template":"highway","default_image_id":0,"font":"","enabled":false},"version":2}},"categories":[47],"tags":[],"class_list":["post-137","post","type-post","status-publish","format-standard","hentry","category-vardagsliv"],"jetpack_publicize_connections":[],"jetpack_featured_media_url":"","jetpack_shortlink":"https:\/\/wp.me\/p3qko4-2d","jetpack_sharing_enabled":true,"jetpack_likes_enabled":true,"jetpack-related-posts":[{"id":1085,"url":"https:\/\/blogg.fumei.se\/?p=1085","url_meta":{"origin":137,"position":0},"title":"D\u00e5 var det s\u00f6ndag igen, d\u00e5&#8230;","author":"M :)","date":"2009-08-02","format":false,"excerpt":"Veckorna flyger ju fram, jag minns knappt att jag har haft semester, det k\u00e4nns som om jag varit p\u00e5 jobbet i flera m\u00e5nader redan fast det inte \u00e4r mer \u00e4n tre veckor. I och med att jag m\u00e5ste jobba 100% under semesterperioderna s\u00e5 k\u00e4nns det dessutom som om jag praktiskt\u2026","rel":"","context":"I \u201dVardagsliv\u201d","block_context":{"text":"Vardagsliv","link":"https:\/\/blogg.fumei.se\/?cat=47"},"img":{"alt_text":"","src":"","width":0,"height":0},"classes":[]},{"id":3668,"url":"https:\/\/blogg.fumei.se\/?p=3668","url_meta":{"origin":137,"position":1},"title":"Sjung om studentens&#8230;","author":"M :)","date":"2015-06-11","format":false,"excerpt":"\u00a0 I fredags hade vi studentfirande h\u00e4r i huset. Eller ja, inte h\u00e4r i huset, utan i huset d\u00e4r den studentande sonen bor. F\u00f6r han bor ju numera inte h\u00e4r hos mig, utan \u00e4r inneboende hos sin mormor och morfar. Detta f\u00f6r att han inte ville byta skola n\u00e4r det\u2026","rel":"","context":"I \u201dFamiljen\u201d","block_context":{"text":"Familjen","link":"https:\/\/blogg.fumei.se\/?cat=34"},"img":{"alt_text":"","src":"https:\/\/i0.wp.com\/blogg.fumei.se\/wp-content\/uploads\/2015\/06\/2015-06-04-18.37.jpg?fit=800%2C1200&ssl=1&resize=350%2C200","width":350,"height":200,"srcset":"https:\/\/i0.wp.com\/blogg.fumei.se\/wp-content\/uploads\/2015\/06\/2015-06-04-18.37.jpg?fit=800%2C1200&ssl=1&resize=350%2C200 1x, https:\/\/i0.wp.com\/blogg.fumei.se\/wp-content\/uploads\/2015\/06\/2015-06-04-18.37.jpg?fit=800%2C1200&ssl=1&resize=525%2C300 1.5x, https:\/\/i0.wp.com\/blogg.fumei.se\/wp-content\/uploads\/2015\/06\/2015-06-04-18.37.jpg?fit=800%2C1200&ssl=1&resize=700%2C400 2x"},"classes":[]},{"id":63,"url":"https:\/\/blogg.fumei.se\/?p=63","url_meta":{"origin":137,"position":2},"title":"The american way","author":"M :)","date":"2011-02-24","format":false,"excerpt":"I s\u00f6ndags var ju J och jag ute och \u00e5t p\u00e5 lokal f\u00f6r att fira att han varit h\u00e4r i ett halv\u00e5r redan. Vi var till ett st\u00e4lle i G\u00f6teborg som heter [North Sportsbar] . Det hette f\u00f6rut North and South, men av milj\u00f6sk\u00e4l har de varit tvungna att st\u00e4nga\u2026","rel":"","context":"I \u201dVardagsliv\u201d","block_context":{"text":"Vardagsliv","link":"https:\/\/blogg.fumei.se\/?cat=47"},"img":{"alt_text":"","src":"https:\/\/i0.wp.com\/blogg.fumei.se\/wp-content\/uploads\/2011\/02\/201102202669.jpg?resize=350%2C200","width":350,"height":200},"classes":[]},{"id":553,"url":"https:\/\/blogg.fumei.se\/?p=553","url_meta":{"origin":137,"position":3},"title":"\u00c4nnu en dag i mitt liv&#8230;","author":"M :)","date":"2008-09-08","format":false,"excerpt":"...idag, och nu \u00e4r den dagen snart slut. M\u00e5ste l\u00e4gga mig relativt tidigt om jag ska orka upp imorgon bitti. Det \u00e4r lite k\u00e4mpigt att komma ig\u00e5ng med tidiga arbetspassen igen efter att man varit ledig n\u00e5gra dagar, men det \u00e4r ju tur att jag kan vila lite till p\u00e5\u2026","rel":"","context":"I \u201dHemmet\u201d","block_context":{"text":"Hemmet","link":"https:\/\/blogg.fumei.se\/?cat=31"},"img":{"alt_text":"","src":"","width":0,"height":0},"classes":[]},{"id":277,"url":"https:\/\/blogg.fumei.se\/?p=277","url_meta":{"origin":137,"position":4},"title":"S\u00e5d\u00e4r d\u00e5","author":"M :)","date":"2010-03-07","format":false,"excerpt":"D\u00e5 var det slut p\u00e5 \u00e4nnu en vecka. Den h\u00e4r veckan har jag klarat av att arbeta sex arbetspass fast\u00e4n jag bara hade\u00a0tre pass inlagda i schemat, inte illa pinkat av en gammal h\u00e4st. Hoppas det visar sig positivt i kassan n\u00e4r l\u00f6nen kommer ocks\u00e5. Allts\u00e5 n\u00e4sta m\u00e5nads l\u00f6n, f\u00f6r\u2026","rel":"","context":"I \u201dVardagsliv\u201d","block_context":{"text":"Vardagsliv","link":"https:\/\/blogg.fumei.se\/?cat=47"},"img":{"alt_text":"","src":"","width":0,"height":0},"classes":[]},{"id":870,"url":"https:\/\/blogg.fumei.se\/?p=870","url_meta":{"origin":137,"position":5},"title":"Hem ljuva hem","author":"M :)","date":"2009-03-25","format":false,"excerpt":"Nu har vi flyttat. Eller s\u00e5 gott som, i alla fall. Inatt sover vi f\u00f6r f\u00f6rsta g\u00e5ngen i v\u00e5r nya l\u00e4genhet. Visserligen p\u00e5 madrasser p\u00e5 golvet, men \u00e4nd\u00e5.Vi har flyttat hit alla kl\u00e4der och s\u00e5 gott som alla sm\u00e5prylar och k\u00f6ksartiklar, s\u00e5 nu \u00e4r det mest bara m\u00f6bler och st\u00f6rre\u2026","rel":"","context":"I \u201dVardagsliv\u201d","block_context":{"text":"Vardagsliv","link":"https:\/\/blogg.fumei.se\/?cat=47"},"img":{"alt_text":"","src":"","width":0,"height":0},"classes":[]}],"_links":{"self":[{"href":"https:\/\/blogg.fumei.se\/index.php?rest_route=\/wp\/v2\/posts\/137","targetHints":{"allow":["GET"]}}],"collection":[{"href":"https:\/\/blogg.fumei.se\/index.php?rest_route=\/wp\/v2\/posts"}],"about":[{"href":"https:\/\/blogg.fumei.se\/index.php?rest_route=\/wp\/v2\/types\/post"}],"author":[{"embeddable":true,"href":"https:\/\/blogg.fumei.se\/index.php?rest_route=\/wp\/v2\/users\/1"}],"replies":[{"embeddable":true,"href":"https:\/\/blogg.fumei.se\/index.php?rest_route=%2Fwp%2Fv2%2Fcomments&post=137"}],"version-history":[{"count":0,"href":"https:\/\/blogg.fumei.se\/index.php?rest_route=\/wp\/v2\/posts\/137\/revisions"}],"wp:attachment":[{"href":"https:\/\/blogg.fumei.se\/index.php?rest_route=%2Fwp%2Fv2%2Fmedia&parent=137"}],"wp:term":[{"taxonomy":"category","embeddable":true,"href":"https:\/\/blogg.fumei.se\/index.php?rest_route=%2Fwp%2Fv2%2Fcategories&post=137"},{"taxonomy":"post_tag","embeddable":true,"href":"https:\/\/blogg.fumei.se\/index.php?rest_route=%2Fwp%2Fv2%2Ftags&post=137"}],"curies":[{"name":"wp","href":"https:\/\/api.w.org\/{rel}","templated":true}]}}