{"id":1380,"date":"2011-09-04T15:28:14","date_gmt":"2011-09-04T13:28:14","guid":{"rendered":"http:\/\/blogg.fumei.se\/?p=1380"},"modified":"2011-09-04T15:29:18","modified_gmt":"2011-09-04T13:29:18","slug":"men-orka","status":"publish","type":"post","link":"https:\/\/blogg.fumei.se\/?p=1380","title":{"rendered":"Men orka"},"content":{"rendered":"<p>Nu \u00e4r jag tr\u00f6tt p\u00e5 att beh\u00f6va f\u00f6rklara varf\u00f6r min blogg heter som den heter. Fr\u00e5n b\u00f6rjan hette den &#8221;EmEff&#8221;, som var en sammans\u00e4ttning av mina initialer; M och F. Sedan bytte jag till &#8221;Miss Green&#8221;, f\u00f6r att n\u00e4gra m\u00e4nniskor kallar mig <em>fr\u00f6ken gr\u00f6n <\/em>pga min favoritf\u00e4rg (Sj\u00e4lva namnet Fr\u00f6ken Gr\u00f6n var redan taget, d\u00e4rf\u00f6r blev det en engelsk variant), men d\u00e5 b\u00f6rjade folk fr\u00e5ga om <em>jag <\/em>bytt namn.<br \/>\nNu har bloggen genomg\u00e5tt en f\u00f6r\u00e4ndring b\u00e5de vad g\u00e4ller adress, utseende och namn, s\u00e5 from nu heter den &#8221;Tempus fugit&#8221;. F\u00f6r er som inte \u00e4r s\u00e5 sl\u00e4ngda i latin (eller inte orkar googla) kan jag ber\u00e4tta att det betyder i princip <em>tiden flyr<\/em>.<\/p>\n<p>S\u00e5 om ni r\u00e5kar prenumerera p\u00e5 bloggen via <a href=\"&lt;a href=&quot;http:\/\/www.bloglovin.com\/blog\/2924687\/bloggfumeise?claim=bxh5rsgnpsc&quot;&gt;F\u00f6lj min blogg med Bloglovin&lt;\/a&gt;\" target=\"_blank\">bloglovin&#8217;<\/a>, s\u00e5 f\u00e5r ni nu uppdatera er.<\/p>\n","protected":false},"excerpt":{"rendered":"<p>Nu \u00e4r jag tr\u00f6tt p\u00e5 att beh\u00f6va f\u00f6rklara varf\u00f6r min blogg heter som den heter. Fr\u00e5n b\u00f6rjan hette den &#8221;EmEff&#8221;, som var en sammans\u00e4ttning av mina initialer; M och F. Sedan bytte jag till &#8221;Miss Green&#8221;, f\u00f6r att n\u00e4gra m\u00e4nniskor kallar mig fr\u00f6ken gr\u00f6n pga min favoritf\u00e4rg (Sj\u00e4lva namnet Fr\u00f6ken Gr\u00f6n var redan taget, d\u00e4rf\u00f6r&#8230;<\/p>\n","protected":false},"author":1,"featured_media":0,"comment_status":"open","ping_status":"open","sticky":false,"template":"","format":"standard","meta":{"jetpack_post_was_ever_published":false,"_jetpack_newsletter_access":"","_jetpack_dont_email_post_to_subs":false,"_jetpack_newsletter_tier_id":0,"_jetpack_memberships_contains_paywalled_content":false,"_jetpack_memberships_contains_paid_content":false,"footnotes":"","jetpack_publicize_message":"","jetpack_publicize_feature_enabled":true,"jetpack_social_post_already_shared":false,"jetpack_social_options":{"image_generator_settings":{"template":"highway","default_image_id":0,"font":"","enabled":false},"version":2}},"categories":[47],"tags":[],"class_list":["post-1380","post","type-post","status-publish","format-standard","hentry","category-vardagsliv"],"jetpack_publicize_connections":[],"jetpack_featured_media_url":"","jetpack_shortlink":"https:\/\/wp.me\/p3qko4-mg","jetpack_sharing_enabled":true,"jetpack_likes_enabled":true,"jetpack-related-posts":[{"id":85,"url":"https:\/\/blogg.fumei.se\/?p=85","url_meta":{"origin":1380,"position":0},"title":"Bes\u00f6k och annat flum","author":"M :)","date":"2011-02-08","format":false,"excerpt":"Installerade en bes\u00f6ksstatistiksm\u00e4tare fr\u00e5n [Feedjit] h\u00e4romdagen. Hittills har jag sett att jag har haft bes\u00f6kare fr\u00e5n s\u00e5 skilda st\u00e4llen som, Falk\u00f6ping, Nacka, \u00d6Stersund, Trollh\u00e4ttan, Stockholm, Hedenora, V\u00e4xj\u00f6, Yulin (Kina), Gdansk (Polen) och Wien (\u00d6sterrike), bara f\u00f6r att n\u00e4mna n\u00e5gra. J\u00e4ttekul! \u00c4nnu roligare hade det ju varit om dessa bes\u00f6kare hade\u2026","rel":"","context":"I \u201dVardagsliv\u201d","block_context":{"text":"Vardagsliv","link":"https:\/\/blogg.fumei.se\/?cat=47"},"img":{"alt_text":"","src":"","width":0,"height":0},"classes":[]},{"id":859,"url":"https:\/\/blogg.fumei.se\/?p=859","url_meta":{"origin":1380,"position":1},"title":"It&#8217;s a small world&#8230;","author":"M :)","date":"2009-02-03","format":false,"excerpt":"Om man, som jag, \u00e4r lite historieintresserad och s\u00e4rskilt d\u00e5 av romartiden och medeltiden (och n\u00e5gra eror till som jag inte beh\u00f6ver n\u00e4mna h\u00e4r), d\u00e5 har man f\u00f6rmodligen l\u00e4st om den m\u00e4ktiga familjen Medici, som levde och h\u00e4rskade i Toscana (n\u00e4rmare best\u00e4mt Florens) i Italien under 1200-1700-talen (med sm\u00e4rre avbrott\u2026","rel":"","context":"I \u201dVardagsliv\u201d","block_context":{"text":"Vardagsliv","link":"https:\/\/blogg.fumei.se\/?cat=47"},"img":{"alt_text":"","src":"","width":0,"height":0},"classes":[]},{"id":94,"url":"https:\/\/blogg.fumei.se\/?p=94","url_meta":{"origin":1380,"position":2},"title":"F\u00f6r\u00e4ndringarnas tid \u00e4r h\u00e4r","author":"M :)","date":"2011-02-02","format":false,"excerpt":"From idag - f\u00f6r bara en liten stund sedan - heter bloggen \"Miss Green - en blogg bland andra bloggar\". Nytt namn och \"nya kl\u00e4der\", och s\u00e5 ska vi se om jag inte kan fylla den med lite trevligt inneh\u00e5ll fram\u00f6ver...det har ju blivit lite sn\u00e5lt med uppdateringar den senaste\u2026","rel":"","context":"I \u201dVardagsliv\u201d","block_context":{"text":"Vardagsliv","link":"https:\/\/blogg.fumei.se\/?cat=47"},"img":{"alt_text":"","src":"","width":0,"height":0},"classes":[]},{"id":1734,"url":"https:\/\/blogg.fumei.se\/?p=1734","url_meta":{"origin":1380,"position":3},"title":"(G\u00e5r-)dagens lilla rolighet","author":"M :)","date":"2011-11-12","format":false,"excerpt":"Robin hade best\u00e4llt hamburgare till middag, men eftersom det tog en del b\u00e5de ork och tid att ta mig fram och tillbaka till v\u00e5rdcentralen, s\u00e5 hade jag inte handlat, utan det fick han g\u00f6ra n\u00e4r han kom hem fr\u00e5n skolan. Medan han drog p\u00e5 sig jackan sa han att det\u2026","rel":"","context":"I \u201dVardagsliv\u201d","block_context":{"text":"Vardagsliv","link":"https:\/\/blogg.fumei.se\/?cat=47"},"img":{"alt_text":"","src":"","width":0,"height":0},"classes":[]},{"id":118,"url":"https:\/\/blogg.fumei.se\/?p=118","url_meta":{"origin":1380,"position":4},"title":"Ombyte f\u00f6rn\u00f6jer","author":"M :)","date":"2011-01-16","format":false,"excerpt":"Jag funderar p\u00e5 att byta namn. P\u00e5 bloggen, allts\u00e5. Fr\u00e4mst f\u00f6r att jag \u00e4r lite tr\u00f6tt p\u00e5 EmEff. Det \u00e4r liksom intets\u00e4gande, och dessutom fattar folk inte varf\u00f6r bloggen heter det. Att det \u00e4r ett ord som uppst\u00e5tt ur bokst\u00e4verna M (emm) och F (eff) - som ju \u00e4r mina\u2026","rel":"","context":"I \u201dVardagsliv\u201d","block_context":{"text":"Vardagsliv","link":"https:\/\/blogg.fumei.se\/?cat=47"},"img":{"alt_text":"","src":"","width":0,"height":0},"classes":[]},{"id":1878,"url":"https:\/\/blogg.fumei.se\/?p=1878","url_meta":{"origin":1380,"position":5},"title":"Julfint","author":"M :)","date":"2011-12-18","format":false,"excerpt":"Nu \u00e4r bloggen ombytt och klar f\u00f6r julen. Det blev ett f\u00e4rdigt tema som jag laddade ner fr\u00e5n n\u00e4tet (det finns ju s\u00e5 m\u00e5nga duktiga designers) f\u00f6r jag orkade inte och hade inte lust att kr\u00e5ngla med design och sen kodning f\u00f6r att f\u00e5 det som jag vill ha det,\u2026","rel":"","context":"I \u201dVardagsliv\u201d","block_context":{"text":"Vardagsliv","link":"https:\/\/blogg.fumei.se\/?cat=47"},"img":{"alt_text":"","src":"","width":0,"height":0},"classes":[]}],"_links":{"self":[{"href":"https:\/\/blogg.fumei.se\/index.php?rest_route=\/wp\/v2\/posts\/1380","targetHints":{"allow":["GET"]}}],"collection":[{"href":"https:\/\/blogg.fumei.se\/index.php?rest_route=\/wp\/v2\/posts"}],"about":[{"href":"https:\/\/blogg.fumei.se\/index.php?rest_route=\/wp\/v2\/types\/post"}],"author":[{"embeddable":true,"href":"https:\/\/blogg.fumei.se\/index.php?rest_route=\/wp\/v2\/users\/1"}],"replies":[{"embeddable":true,"href":"https:\/\/blogg.fumei.se\/index.php?rest_route=%2Fwp%2Fv2%2Fcomments&post=1380"}],"version-history":[{"count":2,"href":"https:\/\/blogg.fumei.se\/index.php?rest_route=\/wp\/v2\/posts\/1380\/revisions"}],"predecessor-version":[{"id":1382,"href":"https:\/\/blogg.fumei.se\/index.php?rest_route=\/wp\/v2\/posts\/1380\/revisions\/1382"}],"wp:attachment":[{"href":"https:\/\/blogg.fumei.se\/index.php?rest_route=%2Fwp%2Fv2%2Fmedia&parent=1380"}],"wp:term":[{"taxonomy":"category","embeddable":true,"href":"https:\/\/blogg.fumei.se\/index.php?rest_route=%2Fwp%2Fv2%2Fcategories&post=1380"},{"taxonomy":"post_tag","embeddable":true,"href":"https:\/\/blogg.fumei.se\/index.php?rest_route=%2Fwp%2Fv2%2Ftags&post=1380"}],"curies":[{"name":"wp","href":"https:\/\/api.w.org\/{rel}","templated":true}]}}