{"id":139,"date":"2011-01-02T19:17:00","date_gmt":"2011-01-02T19:17:00","guid":{"rendered":"\/Blogg\/post\/30-dagarslista3b-Dag-2.aspx"},"modified":"2011-01-02T19:17:00","modified_gmt":"2011-01-02T19:17:00","slug":"30-dagarslista-dag-2","status":"publish","type":"post","link":"https:\/\/blogg.fumei.se\/?p=139","title":{"rendered":"30-dagarslista; Dag 2"},"content":{"rendered":"<p><em>Dag 2; En bild p&aring; dig sj&auml;lv och den person du varit v&auml;n med l&auml;ngst.<\/em><\/p>\n<p>Men eftersom jag inte har n&aring;n bild p&aring; mig och Niclas, f&aring;r det bli en bild p&aring; mig och Anna.<\/p>\n<p><img decoding=\"async\" src=\"\/blogg\/image.axd?picture=2011%2f1%2fanna%c3%a5mej.jpg\" alt=\"\" \/><\/p>\n<p>(F&ouml;r jag f&ouml;ruts&auml;tter att det menas n&aring;gon man &auml;r v&auml;n med fortfarande efter alla &aring;r. D&aring; r&auml;knar jag inte dem jag <em>k&auml;nt <\/em>l&auml;ngst, men inte l&auml;ngre &auml;r v&auml;n med\/umg&aring;s med.)<\/p>\n","protected":false},"excerpt":{"rendered":"<p>Dag 2; En bild p&aring; dig sj&auml;lv och den person du varit v&auml;n med l&auml;ngst. Men eftersom jag inte har n&aring;n bild p&aring; mig och Niclas, f&aring;r det bli en bild p&aring; mig och Anna. (F&ouml;r jag f&ouml;ruts&auml;tter att det menas n&aring;gon man &auml;r v&auml;n med fortfarande efter alla &aring;r. D&aring; r&auml;knar jag inte dem&#8230;<\/p>\n","protected":false},"author":1,"featured_media":0,"comment_status":"open","ping_status":"open","sticky":false,"template":"","format":"standard","meta":{"jetpack_post_was_ever_published":false,"_jetpack_newsletter_access":"","_jetpack_dont_email_post_to_subs":false,"_jetpack_newsletter_tier_id":0,"_jetpack_memberships_contains_paywalled_content":false,"_jetpack_memberships_contains_paid_content":false,"footnotes":"","jetpack_publicize_message":"","jetpack_publicize_feature_enabled":true,"jetpack_social_post_already_shared":false,"jetpack_social_options":{"image_generator_settings":{"template":"highway","default_image_id":0,"font":"","enabled":false},"version":2}},"categories":[47],"tags":[],"class_list":["post-139","post","type-post","status-publish","format-standard","hentry","category-vardagsliv"],"jetpack_publicize_connections":[],"jetpack_featured_media_url":"","jetpack_shortlink":"https:\/\/wp.me\/p3qko4-2f","jetpack_sharing_enabled":true,"jetpack_likes_enabled":true,"jetpack-related-posts":[{"id":46,"url":"https:\/\/blogg.fumei.se\/?p=46","url_meta":{"origin":139,"position":0},"title":"Ibland undrar man&#8230;","author":"M :)","date":"2011-05-05","format":false,"excerpt":"Som vanligt idag efter jobbet, var\u00a0det massor med folk som skulle med samma t\u00e5g som jag kl 17.07 fr\u00e5n Gbg. S\u00e5 knastrar det till i h\u00f6gtalarna och det kommer inte bara ett, utan tre meddelanden om f\u00f6rseningar och inst\u00e4llda t\u00e5g. F\u00f6r det f\u00f6rsta skulle mitt t\u00e5g bli f\u00f6rsenat \u00e5ga v\u00e4xelfel\u2026","rel":"","context":"I \u201dVardagsliv\u201d","block_context":{"text":"Vardagsliv","link":"https:\/\/blogg.fumei.se\/?cat=47"},"img":{"alt_text":"","src":"https:\/\/i0.wp.com\/blogg.fumei.se\/wp-content\/uploads\/2011\/05\/201105042745-300x224.jpg?resize=350%2C200","width":350,"height":200},"classes":[]},{"id":143,"url":"https:\/\/blogg.fumei.se\/?p=143","url_meta":{"origin":139,"position":1},"title":"30-dagarslista","author":"M :)","date":"2011-01-01","format":false,"excerpt":"Dag 1: En bild p\u00e5 dig sj\u00e4lv och femton fakta om dig sj\u00e4lv.Dag 2; En bild p\u00e5 dig sj\u00e4lv och den person du varit v\u00e4n med l\u00e4ngst.Dag 3; En bild p\u00e5 dig och n\u00e5gon som f\u00e5r dig att skratta mycket.Dag 4; En bild p\u00e5 n\u00e5got du skulle vilja g\u00f6ra igen.Dag\u2026","rel":"","context":"I \u201dVardagsliv\u201d","block_context":{"text":"Vardagsliv","link":"https:\/\/blogg.fumei.se\/?cat=47"},"img":{"alt_text":"","src":"","width":0,"height":0},"classes":[]},{"id":3855,"url":"https:\/\/blogg.fumei.se\/?p=3855","url_meta":{"origin":139,"position":2},"title":"Br\u00f6llop bak och fram","author":"M :)","date":"2016-04-09","format":false,"excerpt":"P\u00e5skhelgen bj\u00f6d p\u00e5 br\u00f6llop, n\u00e4rmare best\u00e4mt dotterns! Det var m\u00e5nga som blev f\u00f6rv\u00e5nade n\u00e4r de meddelade omv\u00e4rlden och n\u00e4r de \u00e4ndrade sin status p\u00e5 Facebook, f\u00f6r det skulle liksom vara lite hemligt. Men vi som visste h\u00f6ll tyst, fast det var sv\u00e5rt ibland! Dock blev det lite bakv\u00e4nt, eftersom de\u2026","rel":"","context":"I \u201dFamiljen\u201d","block_context":{"text":"Familjen","link":"https:\/\/blogg.fumei.se\/?cat=34"},"img":{"alt_text":"","src":"https:\/\/i0.wp.com\/blogg.fumei.se\/wp-content\/uploads\/2016\/04\/DSC_0967.jpg?resize=350%2C200","width":350,"height":200,"srcset":"https:\/\/i0.wp.com\/blogg.fumei.se\/wp-content\/uploads\/2016\/04\/DSC_0967.jpg?resize=350%2C200 1x, https:\/\/i0.wp.com\/blogg.fumei.se\/wp-content\/uploads\/2016\/04\/DSC_0967.jpg?resize=525%2C300 1.5x, https:\/\/i0.wp.com\/blogg.fumei.se\/wp-content\/uploads\/2016\/04\/DSC_0967.jpg?resize=700%2C400 2x, https:\/\/i0.wp.com\/blogg.fumei.se\/wp-content\/uploads\/2016\/04\/DSC_0967.jpg?resize=1050%2C600 3x, https:\/\/i0.wp.com\/blogg.fumei.se\/wp-content\/uploads\/2016\/04\/DSC_0967.jpg?resize=1400%2C800 4x"},"classes":[]},{"id":3695,"url":"https:\/\/blogg.fumei.se\/?p=3695","url_meta":{"origin":139,"position":3},"title":"\u00c5rets f\u00f6rsta \u00f6-tur","author":"M :)","date":"2015-07-05","format":false,"excerpt":"Sedan tv\u00e5 \u00e5r tillbaka har jag tagit f\u00f6r vana att \u00e5ka ut till \u00f6arna i G\u00f6teborgs sk\u00e4rg\u00e5rd n\u00e4r jag \u00e4r ledig p\u00e5 sommaren. I \u00e5r har det ju varit lite sis\u00e5d\u00e4r med sommar v\u00e4dret, men ig\u00e5r slog jag till! Jag snubblade \u00f6ver en delad bild av en affisch p\u00e5 Facebook.\u2026","rel":"","context":"I \u201dVardagsliv\u201d","block_context":{"text":"Vardagsliv","link":"https:\/\/blogg.fumei.se\/?cat=47"},"img":{"alt_text":"","src":"https:\/\/i0.wp.com\/blogg.fumei.se\/wp-content\/uploads\/2015\/07\/20150704_141839.jpg?fit=1200%2C800&ssl=1&resize=350%2C200","width":350,"height":200,"srcset":"https:\/\/i0.wp.com\/blogg.fumei.se\/wp-content\/uploads\/2015\/07\/20150704_141839.jpg?fit=1200%2C800&ssl=1&resize=350%2C200 1x, https:\/\/i0.wp.com\/blogg.fumei.se\/wp-content\/uploads\/2015\/07\/20150704_141839.jpg?fit=1200%2C800&ssl=1&resize=525%2C300 1.5x, https:\/\/i0.wp.com\/blogg.fumei.se\/wp-content\/uploads\/2015\/07\/20150704_141839.jpg?fit=1200%2C800&ssl=1&resize=700%2C400 2x, https:\/\/i0.wp.com\/blogg.fumei.se\/wp-content\/uploads\/2015\/07\/20150704_141839.jpg?fit=1200%2C800&ssl=1&resize=1050%2C600 3x"},"classes":[]},{"id":234,"url":"https:\/\/blogg.fumei.se\/?p=234","url_meta":{"origin":139,"position":4},"title":"Nu \u00e4r det banne mig dags f\u00f6r en lista!","author":"EmEff","date":"2010-05-10","format":false,"excerpt":"N\u00e4mn n\u00e5got som gjorde dig glad ig\u00e5r: att Muse ska ha en specialskriven l\u00e5t med p\u00e5 Eclipse-soundtracket. Vad gjorde du kl 08 imorse: Satt i morgonm\u00f6te p\u00e5 jobbet Vad gjorde du f\u00f6r 15 min sedan: h\u00e4mtade en laddning tv\u00e4tt i tv\u00e4ttstugan Det sista du sa h\u00f6gt:\u00a0WTF? Det senaste n\u00e5gon sa\u2026","rel":"","context":"I \u201dVardagsliv\u201d","block_context":{"text":"Vardagsliv","link":"https:\/\/blogg.fumei.se\/?cat=47"},"img":{"alt_text":"","src":"","width":0,"height":0},"classes":[]},{"id":127,"url":"https:\/\/blogg.fumei.se\/?p=127","url_meta":{"origin":139,"position":5},"title":"30-dagarslista; Dag 8","author":"M :)","date":"2011-01-14","format":false,"excerpt":"Dag 8; En bild av din natt. Hahaha, den h\u00e4r \u00e4r lite rolig, f\u00f6r faktiskt s\u00e5 tog J kort p\u00e5 mig n\u00e4r jag sov f\u00f6r inte s\u00e5 l\u00e4nge sen. Hans avsikt var att visa mig hur mycket jag brer ut mig i s\u00e4ngen n\u00e4r jag sover. Allvarligt, hur mycket plats\u2026","rel":"","context":"I \u201dVardagsliv\u201d","block_context":{"text":"Vardagsliv","link":"https:\/\/blogg.fumei.se\/?cat=47"},"img":{"alt_text":"","src":"","width":0,"height":0},"classes":[]}],"_links":{"self":[{"href":"https:\/\/blogg.fumei.se\/index.php?rest_route=\/wp\/v2\/posts\/139","targetHints":{"allow":["GET"]}}],"collection":[{"href":"https:\/\/blogg.fumei.se\/index.php?rest_route=\/wp\/v2\/posts"}],"about":[{"href":"https:\/\/blogg.fumei.se\/index.php?rest_route=\/wp\/v2\/types\/post"}],"author":[{"embeddable":true,"href":"https:\/\/blogg.fumei.se\/index.php?rest_route=\/wp\/v2\/users\/1"}],"replies":[{"embeddable":true,"href":"https:\/\/blogg.fumei.se\/index.php?rest_route=%2Fwp%2Fv2%2Fcomments&post=139"}],"version-history":[{"count":0,"href":"https:\/\/blogg.fumei.se\/index.php?rest_route=\/wp\/v2\/posts\/139\/revisions"}],"wp:attachment":[{"href":"https:\/\/blogg.fumei.se\/index.php?rest_route=%2Fwp%2Fv2%2Fmedia&parent=139"}],"wp:term":[{"taxonomy":"category","embeddable":true,"href":"https:\/\/blogg.fumei.se\/index.php?rest_route=%2Fwp%2Fv2%2Fcategories&post=139"},{"taxonomy":"post_tag","embeddable":true,"href":"https:\/\/blogg.fumei.se\/index.php?rest_route=%2Fwp%2Fv2%2Ftags&post=139"}],"curies":[{"name":"wp","href":"https:\/\/api.w.org\/{rel}","templated":true}]}}