{"id":1392,"date":"2011-09-06T10:14:19","date_gmt":"2011-09-06T08:14:19","guid":{"rendered":"http:\/\/blogg.fumei.se\/?p=1392"},"modified":"2011-09-06T10:14:19","modified_gmt":"2011-09-06T08:14:19","slug":"okej-forlat","status":"publish","type":"post","link":"https:\/\/blogg.fumei.se\/?p=1392","title":{"rendered":"Okej, f\u00f6rl\u00e5t&#8230;"},"content":{"rendered":"<p><img data-recalc-dims=\"1\" decoding=\"async\" style=\"display:block;margin-right:auto;margin-left:auto;\" alt=\"image\" src=\"https:\/\/i0.wp.com\/blogg.fumei.se\/wp-content\/uploads\/2011\/09\/wpid-1315296786140.jpg?w=640&#038;ssl=1\" \/><\/p>\n<p>Jag fick lite bannor av Kerstin f\u00f6r att b\u00f6ckerna inte syntes tydligt p\u00e5 bilden med loppisfynden,\u00a0 s\u00e5 h\u00e4r kommer en b\u00e4ttre bild.<\/p>\n<p><span class=\"post_sig\">Posted from WordPress for Android<\/span><\/p>\n","protected":false},"excerpt":{"rendered":"<p>Jag fick lite bannor av Kerstin f\u00f6r att b\u00f6ckerna inte syntes tydligt p\u00e5 bilden med loppisfynden,\u00a0 s\u00e5 h\u00e4r kommer en b\u00e4ttre bild. Posted from WordPress for Android<\/p>\n","protected":false},"author":1,"featured_media":0,"comment_status":"open","ping_status":"open","sticky":false,"template":"","format":"standard","meta":{"jetpack_post_was_ever_published":false,"_jetpack_newsletter_access":"","_jetpack_dont_email_post_to_subs":false,"_jetpack_newsletter_tier_id":0,"_jetpack_memberships_contains_paywalled_content":false,"_jetpack_memberships_contains_paid_content":false,"footnotes":"","jetpack_publicize_message":"","jetpack_publicize_feature_enabled":true,"jetpack_social_post_already_shared":false,"jetpack_social_options":{"image_generator_settings":{"template":"highway","default_image_id":0,"font":"","enabled":false},"version":2}},"categories":[47],"tags":[27],"class_list":["post-1392","post","type-post","status-publish","format-standard","hentry","category-vardagsliv","tag-bocker-loppis-fynd"],"jetpack_publicize_connections":[],"jetpack_featured_media_url":"","jetpack_shortlink":"https:\/\/wp.me\/p3qko4-ms","jetpack_sharing_enabled":true,"jetpack_likes_enabled":true,"jetpack-related-posts":[{"id":961,"url":"https:\/\/blogg.fumei.se\/?p=961","url_meta":{"origin":1392,"position":0},"title":"Kulturfyran &#8211; om l\u00e4sning","author":"M :)","date":"2009-05-03","format":false,"excerpt":"L\u00e4sning \u00e4r ju n\u00e5got jag \u00e4gnar mycket tid \u00e5t, s\u00e5 det k\u00e4nns p\u00e5 n\u00e5got s\u00e4tt helt naturligt att anta Kulturfyrans lista. 1. Vilka b\u00f6cker planerar du att l\u00e4sa i sommar? M\u00e5nga. Dels de som ligger i att-l\u00e4sa-h\u00f6gen (se bilden) dels Elizabeth Georges nya \"Str\u00e5k av r\u00f6tt\" och\u00a0Stephenie Meyers \"The Host\".\u2026","rel":"","context":"I \u201dVardagsliv\u201d","block_context":{"text":"Vardagsliv","link":"https:\/\/blogg.fumei.se\/?cat=47"},"img":{"alt_text":"","src":"","width":0,"height":0},"classes":[]},{"id":1473,"url":"https:\/\/blogg.fumei.se\/?p=1473","url_meta":{"origin":1392,"position":1},"title":"Jag skulle ju skriva lite om m\u00e4ssan&#8230;","author":"M :)","date":"2011-09-26","format":false,"excerpt":"...men J har lagt kameran\u00a0p\u00e5\u00a0ett finurligt (tyckte han)\u00a0st\u00e4lle, s\u00e5 jag kan inte tanka \u00f6ver bilderna till datorn. Jag har ju i och f\u00f6r sig n\u00e5gra bilder i min mobil, men jag vill g\u00e4rna g\u00f6ra allt ordentligt fr\u00e5n b\u00f6rjan. S\u00e5 tyv\u00e4rr, inl\u00e4gget om mitt livs f\u00f6rsta bokm\u00e4ssebes\u00f6k dr\u00f6jer tills imorgon.","rel":"","context":"I \u201dB\u00f6cker och l\u00e4sning\u201d","block_context":{"text":"B\u00f6cker och l\u00e4sning","link":"https:\/\/blogg.fumei.se\/?cat=29"},"img":{"alt_text":"","src":"","width":0,"height":0},"classes":[]},{"id":1079,"url":"https:\/\/blogg.fumei.se\/?p=1079","url_meta":{"origin":1392,"position":2},"title":"I k\u00f6lvattnet efter Twilight","author":"M :)","date":"2009-08-05","format":false,"excerpt":"kommer numera film efter film och bok efter bok om vampyrer. Lite tr\u00f6ttsamt \u00e4r det att alla ska f\u00f6rs\u00f6ka br\u00e4cka hypen, f\u00f6rs\u00e4ljningen och l\u00e4sar\/tittarsiffrorna f\u00f6r Twilightseriens b\u00f6cker och filmer. Nu kommer n\u00e4sta f\u00f6rs\u00f6k, en film som heter \"Cirque du freak - The vampire's assistant\". Den baseras p\u00e5 f\u00f6rsta boken i\u2026","rel":"","context":"I \u201dFilmer och TV\u201d","block_context":{"text":"Filmer och TV","link":"https:\/\/blogg.fumei.se\/?cat=43"},"img":{"alt_text":"","src":"","width":0,"height":0},"classes":[]},{"id":160,"url":"https:\/\/blogg.fumei.se\/?p=160","url_meta":{"origin":1392,"position":3},"title":"Bokenk\u00e4t, del 2","author":"M :)","date":"2010-11-20","format":false,"excerpt":"F\u00f6r ett tag sedan kunde ni l\u00e4sa [mina svar] p\u00e5 [Bokbabbels] s\u00f6ndagsenk\u00e4t supreme. H\u00e4r kommer nu resten av enk\u00e4ten: 26. Favoritkokbok?Neeej, det har jag nog ingen. Eller s\u00e5 s\u00e4ger jag \"Rutiga kokboken\" bara f\u00f6r att den \u00e4r s\u00e5 bra att ha f\u00f6r att grundrecept, men annars brukar jag k\u00f6ra p\u00e5\u2026","rel":"","context":"I \u201dB\u00f6cker och l\u00e4sning\u201d","block_context":{"text":"B\u00f6cker och l\u00e4sning","link":"https:\/\/blogg.fumei.se\/?cat=29"},"img":{"alt_text":"","src":"","width":0,"height":0},"classes":[]},{"id":167,"url":"https:\/\/blogg.fumei.se\/?p=167","url_meta":{"origin":1392,"position":4},"title":"Bokenk\u00e4tsdags igen","author":"M :)","date":"2010-11-04","format":false,"excerpt":"Kerstin har en bokenk\u00e4t fr\u00e5n Bokbabbel som jag gladeligen delar vidare! 1. Favoritbok i barndomen? Lotta-b\u00f6ckerna av Merri Vik. 2. Vad l\u00e4ser du just nu? Avslutade just Ivy av Julie Hearn, men ska nu b\u00f6rja p\u00e5 the short second life of Bree Tanner av Stephenie Meyer. 3. Vilka b\u00f6cker har\u2026","rel":"","context":"I \u201dVardagsliv\u201d","block_context":{"text":"Vardagsliv","link":"https:\/\/blogg.fumei.se\/?cat=47"},"img":{"alt_text":"","src":"","width":0,"height":0},"classes":[]},{"id":1516,"url":"https:\/\/blogg.fumei.se\/?p=1516","url_meta":{"origin":1392,"position":5},"title":"Bokm\u00e4ssan 2011","author":"M :)","date":"2011-09-28","format":false,"excerpt":"Ja, d\u00e5 har jag hittat kameran, d\u00e5, och kunde ganska sorgset konstatera att J inte tagit n\u00e5gra bilder p\u00e5 hela dagen! Jo, f\u00f6rresten,\u00a0en. Den h\u00e4r, d\u00e4r jjag sitter i den gigantiska pocketf\u00e5t\u00f6ljen i Bokias monter. Tyv\u00e4rr kom inte hela f\u00e5t\u00f6ljen med. Well, anyway, vi kom iv\u00e4g till m\u00e4ssan och det\u2026","rel":"","context":"I \u201dB\u00f6cker och l\u00e4sning\u201d","block_context":{"text":"B\u00f6cker och l\u00e4sning","link":"https:\/\/blogg.fumei.se\/?cat=29"},"img":{"alt_text":"","src":"https:\/\/i0.wp.com\/blogg.fumei.se\/wp-content\/uploads\/2011\/09\/P1120144-225x300.jpg?resize=350%2C200","width":350,"height":200},"classes":[]}],"_links":{"self":[{"href":"https:\/\/blogg.fumei.se\/index.php?rest_route=\/wp\/v2\/posts\/1392","targetHints":{"allow":["GET"]}}],"collection":[{"href":"https:\/\/blogg.fumei.se\/index.php?rest_route=\/wp\/v2\/posts"}],"about":[{"href":"https:\/\/blogg.fumei.se\/index.php?rest_route=\/wp\/v2\/types\/post"}],"author":[{"embeddable":true,"href":"https:\/\/blogg.fumei.se\/index.php?rest_route=\/wp\/v2\/users\/1"}],"replies":[{"embeddable":true,"href":"https:\/\/blogg.fumei.se\/index.php?rest_route=%2Fwp%2Fv2%2Fcomments&post=1392"}],"version-history":[{"count":0,"href":"https:\/\/blogg.fumei.se\/index.php?rest_route=\/wp\/v2\/posts\/1392\/revisions"}],"wp:attachment":[{"href":"https:\/\/blogg.fumei.se\/index.php?rest_route=%2Fwp%2Fv2%2Fmedia&parent=1392"}],"wp:term":[{"taxonomy":"category","embeddable":true,"href":"https:\/\/blogg.fumei.se\/index.php?rest_route=%2Fwp%2Fv2%2Fcategories&post=1392"},{"taxonomy":"post_tag","embeddable":true,"href":"https:\/\/blogg.fumei.se\/index.php?rest_route=%2Fwp%2Fv2%2Ftags&post=1392"}],"curies":[{"name":"wp","href":"https:\/\/api.w.org\/{rel}","templated":true}]}}