{"id":1398,"date":"2011-09-11T14:07:37","date_gmt":"2011-09-11T12:07:37","guid":{"rendered":"http:\/\/blogg.fumei.se\/?p=1398"},"modified":"2011-09-11T14:07:37","modified_gmt":"2011-09-11T12:07:37","slug":"saker-man-kan-gora-nar-det-regnar","status":"publish","type":"post","link":"https:\/\/blogg.fumei.se\/?p=1398","title":{"rendered":"Saker man kan g\u00f6ra n\u00e4r det regnar"},"content":{"rendered":"<ul>\n<li>Rensa garderoben.<\/li>\n<li>Rensa sonens garderob (f\u00f6r han g\u00f6r det ju inte sj\u00e4lv)<\/li>\n<li>Laga k\u00f6ttf\u00e4rss\u00e5s till en hel arm\u00e9<\/li>\n<li>F\u00f6rs\u00f6ka l\u00e4ra hunden lite grundl\u00e4ggande lydnad (inte f\u00f6r att hon \u00e4r direkt olydig, men \u00e4nd\u00e5&#8230;)<\/li>\n<li>Kn\u00e5pa ihop en ny bakgrund till bloggen<\/li>\n<li>F\u00f6nstershoppa i webbutiker<\/li>\n<li>L\u00e4sa, l\u00e4sa, l\u00e4sa&#8230;<\/li>\n<\/ul>\n","protected":false},"excerpt":{"rendered":"<p>Rensa garderoben. Rensa sonens garderob (f\u00f6r han g\u00f6r det ju inte sj\u00e4lv) Laga k\u00f6ttf\u00e4rss\u00e5s till en hel arm\u00e9 F\u00f6rs\u00f6ka l\u00e4ra hunden lite grundl\u00e4ggande lydnad (inte f\u00f6r att hon \u00e4r direkt olydig, men \u00e4nd\u00e5&#8230;) Kn\u00e5pa ihop en ny bakgrund till bloggen F\u00f6nstershoppa i webbutiker L\u00e4sa, l\u00e4sa, l\u00e4sa&#8230;<\/p>\n","protected":false},"author":1,"featured_media":0,"comment_status":"open","ping_status":"open","sticky":false,"template":"","format":"standard","meta":{"jetpack_post_was_ever_published":false,"_jetpack_newsletter_access":"","_jetpack_dont_email_post_to_subs":false,"_jetpack_newsletter_tier_id":0,"_jetpack_memberships_contains_paywalled_content":false,"_jetpack_memberships_contains_paid_content":false,"footnotes":"","jetpack_publicize_message":"","jetpack_publicize_feature_enabled":true,"jetpack_social_post_already_shared":false,"jetpack_social_options":{"image_generator_settings":{"template":"highway","default_image_id":0,"font":"","enabled":false},"version":2}},"categories":[47],"tags":[],"class_list":["post-1398","post","type-post","status-publish","format-standard","hentry","category-vardagsliv"],"jetpack_publicize_connections":[],"jetpack_featured_media_url":"","jetpack_shortlink":"https:\/\/wp.me\/p3qko4-my","jetpack_sharing_enabled":true,"jetpack_likes_enabled":true,"jetpack-related-posts":[{"id":996,"url":"https:\/\/blogg.fumei.se\/?p=996","url_meta":{"origin":1398,"position":0},"title":"Sk\u00f6na s\u00f6ndag","author":"M :)","date":"2009-06-07","format":false,"excerpt":"Dagen har varit ganska okej. Visserligen har mesta delen av den g\u00e5tt \u00e5t till att st\u00e4da h\u00e4r hemma - grundligt! - men jag har \u00e4nd\u00e5 tagit det ganska lugnt. Vid lunchtid hade jag ganska ont i ryggen, men t\u00e4nkte att det var nog f\u00f6r att jag lyfte och b\u00f6jde mig\u2026","rel":"","context":"I \u201dVardagsliv\u201d","block_context":{"text":"Vardagsliv","link":"https:\/\/blogg.fumei.se\/?cat=47"},"img":{"alt_text":"","src":"","width":0,"height":0},"classes":[]},{"id":1049,"url":"https:\/\/blogg.fumei.se\/?p=1049","url_meta":{"origin":1398,"position":1},"title":"F\u00e4\u00e4\u00e4\u00e4\u00e4rdig!","author":"M :)","date":"2009-08-29","format":false,"excerpt":"N\u00e4stan i alla fall. Men det jag hade t\u00e4nkt g\u00f6ra under helgen \u00e4r nu gjort. Jag har flyttat in min Billy-hylla till Fia och lagt hennes saker i den, s\u00e5 att det blev en tom garderob \u00e5t mina kl\u00e4der. Jag har flyttat mina kl\u00e4der fr\u00e5n kl\u00e4dkammaren till byr\u00e5er och garderoben\u2026","rel":"","context":"I \u201dVardagsliv\u201d","block_context":{"text":"Vardagsliv","link":"https:\/\/blogg.fumei.se\/?cat=47"},"img":{"alt_text":"","src":"","width":0,"height":0},"classes":[]},{"id":2032,"url":"https:\/\/blogg.fumei.se\/?p=2032","url_meta":{"origin":1398,"position":2},"title":"Ho-hoo!","author":"M :)","date":"2012-01-08","format":false,"excerpt":"Det ekar tomt i garderob och l\u00e5dor hos Robin efter att jag rensade ut allt som inte passade idag. Nu h\u00e4nger det 5 plagg i garderoben och l\u00e5dorna som f\u00f6rut var proppfulla, g\u00e5r faktiskt att st\u00e4nga! Men i och med att en massa kl\u00e4der \"f\u00f6rsvann\", s\u00e5 inser jag ju samtidigt\u2026","rel":"","context":"I \u201dHemmet\u201d","block_context":{"text":"Hemmet","link":"https:\/\/blogg.fumei.se\/?cat=31"},"img":{"alt_text":"","src":"","width":0,"height":0},"classes":[]},{"id":687,"url":"https:\/\/blogg.fumei.se\/?p=687","url_meta":{"origin":1398,"position":3},"title":"Bloppis","author":"M :)","date":"2008-11-09","format":false,"excerpt":"Allts\u00e5 blogg-loppis. Kul koncept\u00a0som jag t\u00e4nker anv\u00e4nda mig av flera g\u00e5nger. Hittade denna i en kommentar hos Emma. Rensade bland ala jackor i garderoben idag, jackor som jag vet med mig att jag aldrig kommer att anv\u00e4nda. S\u00e5 varf\u00f6r sl\u00e4nga eller sk\u00e4nka bort saker som kanske kan ge n\u00e5gra kronor?\u2026","rel":"","context":"I \u201dVardagsliv\u201d","block_context":{"text":"Vardagsliv","link":"https:\/\/blogg.fumei.se\/?cat=47"},"img":{"alt_text":"","src":"","width":0,"height":0},"classes":[]},{"id":877,"url":"https:\/\/blogg.fumei.se\/?p=877","url_meta":{"origin":1398,"position":4},"title":"Jippie!","author":"M :)","date":"2009-03-16","format":false,"excerpt":"\u00c4nnu ett steg mot flytt: idag har jag f\u00e5tt nycklarna till nya l\u00e4genheten! Har \u00e4ven rensat i k\u00f6kssk\u00e5pen s\u00e5 det som \u00e4r kvar i sk\u00e5pen nu \u00e4r s\u00e5nt som jag ska ha kvar. Kl\u00e4der packade vi ig\u00e5r, det g\u00e5r ju inte \u00e5t s\u00e5 mycket kl\u00e4der f\u00f6r min del eftersom jag\u2026","rel":"","context":"I \u201dVardagsliv\u201d","block_context":{"text":"Vardagsliv","link":"https:\/\/blogg.fumei.se\/?cat=47"},"img":{"alt_text":"","src":"","width":0,"height":0},"classes":[]},{"id":1233,"url":"https:\/\/blogg.fumei.se\/?p=1233","url_meta":{"origin":1398,"position":5},"title":"Javisst ja&#8230;","author":"M :)","date":"2010-01-19","format":false,"excerpt":"Det hade g\u00e5tt bra p\u00e5 intervjun. Kvinnan som h\u00f6ll i den sa att om det bara var upp till henne skulle han varit p\u00e5 v\u00e4g nu. Tyv\u00e4rr \u00e4r det ju inte bara upp till henne...Om ca 2 veckor ska jag ringa Migrationsverket och h\u00f6ra om de p\u00e5b\u00f6rjat handl\u00e4ggningen, d\u00e5 f\u00e5r\u2026","rel":"","context":"I \u201dVardagsliv\u201d","block_context":{"text":"Vardagsliv","link":"https:\/\/blogg.fumei.se\/?cat=47"},"img":{"alt_text":"","src":"","width":0,"height":0},"classes":[]}],"_links":{"self":[{"href":"https:\/\/blogg.fumei.se\/index.php?rest_route=\/wp\/v2\/posts\/1398","targetHints":{"allow":["GET"]}}],"collection":[{"href":"https:\/\/blogg.fumei.se\/index.php?rest_route=\/wp\/v2\/posts"}],"about":[{"href":"https:\/\/blogg.fumei.se\/index.php?rest_route=\/wp\/v2\/types\/post"}],"author":[{"embeddable":true,"href":"https:\/\/blogg.fumei.se\/index.php?rest_route=\/wp\/v2\/users\/1"}],"replies":[{"embeddable":true,"href":"https:\/\/blogg.fumei.se\/index.php?rest_route=%2Fwp%2Fv2%2Fcomments&post=1398"}],"version-history":[{"count":1,"href":"https:\/\/blogg.fumei.se\/index.php?rest_route=\/wp\/v2\/posts\/1398\/revisions"}],"predecessor-version":[{"id":1399,"href":"https:\/\/blogg.fumei.se\/index.php?rest_route=\/wp\/v2\/posts\/1398\/revisions\/1399"}],"wp:attachment":[{"href":"https:\/\/blogg.fumei.se\/index.php?rest_route=%2Fwp%2Fv2%2Fmedia&parent=1398"}],"wp:term":[{"taxonomy":"category","embeddable":true,"href":"https:\/\/blogg.fumei.se\/index.php?rest_route=%2Fwp%2Fv2%2Fcategories&post=1398"},{"taxonomy":"post_tag","embeddable":true,"href":"https:\/\/blogg.fumei.se\/index.php?rest_route=%2Fwp%2Fv2%2Ftags&post=1398"}],"curies":[{"name":"wp","href":"https:\/\/api.w.org\/{rel}","templated":true}]}}