{"id":141,"date":"2011-01-01T20:05:00","date_gmt":"2011-01-01T20:05:00","guid":{"rendered":"\/Blogg\/post\/30-dagarslista3b-Dag-1.aspx"},"modified":"2011-01-01T20:05:00","modified_gmt":"2011-01-01T20:05:00","slug":"30-dagarslista-dag-1","status":"publish","type":"post","link":"https:\/\/blogg.fumei.se\/?p=141","title":{"rendered":"30-dagarslista; Dag 1"},"content":{"rendered":"<p>Dag 1: En bild p&aring; dig sj&auml;lv och femton fakta om dig sj&auml;lv.<\/p>\n<p>Okej, h&auml;r &auml;r bilden:<\/p>\n<p><img decoding=\"async\" src=\"\/blogg\/image.axd?picture=2011%2f1%2fP1100946b.jpg\" alt=\"\" \/><\/p>\n<p>&#8230;och 15 fakta om mig sj&auml;lv:<\/p>\n<ol>\n<li>N&auml;r jag var liten trodde jag att mina f&ouml;r&auml;ldrar bodde i grottor  n&auml;r de var barn. Allt pga en kommentar fr&aring;n de stora barnen p&aring; g&aring;rden;  &#8221;morsan och farsan &auml;r ju fr&aring;n sten&aring;ldern&#8221;.<\/li>\n<li>En annan g&aring;ng i min barndom stoppade jag fingret i sockeln p&aring; en  inkopplad lampa och allt som h&auml;nde var att jag fick en sotig ring runt  fingret.<\/li>\n<li>Min favoritf&auml;rg &auml;r gr&ouml;nt.<\/li>\n<li>Jag b&ouml;rjade r&ouml;ka n&auml;r jag var 13 &aring;r.<\/li>\n<li>och slutade n&auml;r jag var 34. (att jag sen b&ouml;rjade och slutade <em>igen <\/em>inom loppet av 6 m&aring;nader beh&ouml;ver vi inte ta upp h&auml;r&#8230;)<\/li>\n<li>Jag &auml;r v&auml;rldsb&auml;st p&aring; att skjuta upp saker till &#8221;senare&#8221;.<\/li>\n<li>N&auml;r jag var liten ville jag bli arkeolog, sk&aring;despelerska eller sjuksk&ouml;terska. Jag kom n&auml;stan &auml;nda fram.<\/li>\n<li>Jag sorterar inte bara mina b&ouml;cker, utan &auml;ven min garderob &auml;r f&auml;rgkoordinerad.<\/li>\n<li>N&auml;r jag var liten var min framtidsplan att f&aring; en flicka och s&aring; skulle jag bo hemma och ta hand om mamma och pappa.<\/li>\n<li>Jag &auml;r egentligen ganska blyg, men det &auml;r aldrig n&aring;gon som tror det. T&auml;nk vad man kan &aring;stadkomma bara man vill.<\/li>\n<li>Jag har en gr&aring; slinga i luggen sedan jag var 22, och d&auml;rf&ouml;r f&auml;rgar  jag h&aring;ret med j&auml;mna mellanrum. F&auml;rgen blir alltid samma; m&ouml;rkbrun &#8211;  samma som originalet.<\/li>\n<li>Min favoritfrukt &auml;r vindruvor. St&auml;ll en sk&aring;l framf&ouml;r mig och du f&aring;r skylla dig sj&auml;lv om de tar slut f&ouml;r fort!<\/li>\n<li>jag kan inte rita om s&aring; mitt liv h&auml;ngde p&aring; det. men jag &auml;r en hejare p&aring; att fixa och dona i Paint Shop Pro!<\/li>\n<li>Mina favorit&auml;mnen i skolan var svenska, engelska, historia och musik.<\/li>\n<li>Jag opererade v&auml;nster &ouml;ra f&ouml;r benr&ouml;ta n&auml;r jag var 10 &aring;r. Sedan  dess har det blivit ytterligare 3 operationer, och numera har jag bara  en halv h&ouml;rselg&aring;ng och 3% h&ouml;rsel p&aring; v&auml;nster &ouml;ra. Om det bl&aring;ser riktigt  ordentligt blir jag yr, f&ouml;r det bl&aring;ser r&auml;tt in i balanscentrum.<\/li>\n<\/ol>\n<p>Bra att veta. Eller???<\/p>\n","protected":false},"excerpt":{"rendered":"<p>Dag 1: En bild p&aring; dig sj&auml;lv och femton fakta om dig sj&auml;lv. Okej, h&auml;r &auml;r bilden: &#8230;och 15 fakta om mig sj&auml;lv: N&auml;r jag var liten trodde jag att mina f&ouml;r&auml;ldrar bodde i grottor n&auml;r de var barn. Allt pga en kommentar fr&aring;n de stora barnen p&aring; g&aring;rden; &#8221;morsan och farsan &auml;r ju fr&aring;n&#8230;<\/p>\n","protected":false},"author":1,"featured_media":0,"comment_status":"open","ping_status":"open","sticky":false,"template":"","format":"standard","meta":{"jetpack_post_was_ever_published":false,"_jetpack_newsletter_access":"","_jetpack_dont_email_post_to_subs":false,"_jetpack_newsletter_tier_id":0,"_jetpack_memberships_contains_paywalled_content":false,"_jetpack_memberships_contains_paid_content":false,"footnotes":"","jetpack_publicize_message":"","jetpack_publicize_feature_enabled":true,"jetpack_social_post_already_shared":false,"jetpack_social_options":{"image_generator_settings":{"template":"highway","default_image_id":0,"font":"","enabled":false},"version":2}},"categories":[47],"tags":[],"class_list":["post-141","post","type-post","status-publish","format-standard","hentry","category-vardagsliv"],"jetpack_publicize_connections":[],"jetpack_featured_media_url":"","jetpack_shortlink":"https:\/\/wp.me\/p3qko4-2h","jetpack_sharing_enabled":true,"jetpack_likes_enabled":true,"jetpack-related-posts":[{"id":2680,"url":"https:\/\/blogg.fumei.se\/?p=2680","url_meta":{"origin":141,"position":0},"title":"Jag blir bara s\u00e5 tr\u00f6tt&#8230;","author":"M :)","date":"2012-08-16","format":false,"excerpt":"I v\u00e5ras skrev jag ett inl\u00e4gg om hur fel och dumt det blir n\u00e4r felaktiga fakta cirkulerar p\u00e5 bla Facebook. Nu finns det \u00e4nnu en s\u00e5n d\u00e4r idiotgrej, som yttrar sig i att folk delar den h\u00e4r bilden: klicka p\u00e5 bilden om du vill se den i st\u00f6rre format S\u00e5\u2026","rel":"","context":"I \u201dVardagsliv\u201d","block_context":{"text":"Vardagsliv","link":"https:\/\/blogg.fumei.se\/?cat=47"},"img":{"alt_text":"","src":"https:\/\/i0.wp.com\/blogg.fumei.se\/wp-content\/uploads\/2012\/08\/578788_4423456672838_1255093414_n-300x287.jpg?resize=350%2C200","width":350,"height":200},"classes":[]},{"id":142,"url":"https:\/\/blogg.fumei.se\/?p=142","url_meta":{"origin":141,"position":1},"title":"Nystart","author":"M :)","date":"2011-01-01","format":false,"excerpt":"Solen skiner, himlen \u00e4r (n\u00e4stan) klarbl\u00e5 och jag \u00e4r ledig i tv\u00e5 dagar till. Kan det bli en b\u00e4ttre start p\u00e5 det nya \u00e5ret?Tja, det \u00e4r ju i alla fall en b\u00e4ttre start p\u00e5 f\u00f6rsta dagen p\u00e5 det nya \u00e5ret \u00e4n sj\u00e4lva b\u00f6rjan p\u00e5 \u00e5ret blev. Tolvslaget tillbringade vi n\u00e4mligen\u2026","rel":"","context":"I \u201dVardagsliv\u201d","block_context":{"text":"Vardagsliv","link":"https:\/\/blogg.fumei.se\/?cat=47"},"img":{"alt_text":"","src":"","width":0,"height":0},"classes":[]},{"id":1086,"url":"https:\/\/blogg.fumei.se\/?p=1086","url_meta":{"origin":141,"position":2},"title":"Bokrecension 2-i-1; Labyrinth och Sepulchre","author":"M :)","date":"2009-09-29","format":false,"excerpt":"I Labyrinten tr\u00e4ffar vi f\u00f6rst en ung engelsk kvinna, Alice, som under sitt arbete som volont\u00e4r vid en arkeologisk utgr\u00e4vning i s\u00f6dra Frankrike, uppt\u00e4cker en grotta som har dolt sina hemligheter f\u00f6r omv\u00e4rlden I \u00e5rhundraden. Ber\u00e4ttelsen tar sedan ett skutt 800 \u00e5r bak\u00e5t I tiden, d\u00e5 en annan ung kvinna,\u2026","rel":"","context":"I \u201dVardagsliv\u201d","block_context":{"text":"Vardagsliv","link":"https:\/\/blogg.fumei.se\/?cat=47"},"img":{"alt_text":"","src":"","width":0,"height":0},"classes":[]},{"id":143,"url":"https:\/\/blogg.fumei.se\/?p=143","url_meta":{"origin":141,"position":3},"title":"30-dagarslista","author":"M :)","date":"2011-01-01","format":false,"excerpt":"Dag 1: En bild p\u00e5 dig sj\u00e4lv och femton fakta om dig sj\u00e4lv.Dag 2; En bild p\u00e5 dig sj\u00e4lv och den person du varit v\u00e4n med l\u00e4ngst.Dag 3; En bild p\u00e5 dig och n\u00e5gon som f\u00e5r dig att skratta mycket.Dag 4; En bild p\u00e5 n\u00e5got du skulle vilja g\u00f6ra igen.Dag\u2026","rel":"","context":"I \u201dVardagsliv\u201d","block_context":{"text":"Vardagsliv","link":"https:\/\/blogg.fumei.se\/?cat=47"},"img":{"alt_text":"","src":"","width":0,"height":0},"classes":[]},{"id":484,"url":"https:\/\/blogg.fumei.se\/?p=484","url_meta":{"origin":141,"position":4},"title":"100 (on\u00f6diga) fakta om mig","author":"M :)","date":"2008-08-17","format":false,"excerpt":"Jag \u00e4r f\u00f6dd den 17 Januari 1970Jag \u00e4r StenbockJag \u00e4r inte en typisk stenbockJag har en dotter som heter Sophia...och en son som heter RobinJag \u00e4r en(s)a(m)st\u00e5ende mamma.Jag har en (halv-)storasyster som heter Ilse...och 2 br\u00f6der som heter Roberto och SilvioJag \u00e4r moster till tv\u00e5 systerd\u00f6ttrar - Frida och TyraJag\u2026","rel":"","context":"I \u201dListor\u201d","block_context":{"text":"Listor","link":"https:\/\/blogg.fumei.se\/?cat=633"},"img":{"alt_text":"","src":"","width":0,"height":0},"classes":[]},{"id":5107,"url":"https:\/\/blogg.fumei.se\/?p=5107","url_meta":{"origin":141,"position":5},"title":"\u2665\ufe0e Min mamma \u2665\ufe0e","author":"M :)","date":"2022-03-16","format":false,"excerpt":"Min mamma, Lis Fumei, f\u00f6ddes 15 April 1937 i Herning i Danmark. Hon var nummer sju av tolv barn till Ingeborg Elisabeth L\u00f8vstad och Aage Christian L\u00f8vstad.Pappa Aage var snickare vid j\u00e4rnv\u00e4gen och mamma Ingeborg var hemmafru med allt vad det innebar, med alla barnen och ett hush\u00e5ll att ta\u2026","rel":"","context":"I \u201dFamiljen\u201d","block_context":{"text":"Familjen","link":"https:\/\/blogg.fumei.se\/?cat=34"},"img":{"alt_text":"","src":"https:\/\/i0.wp.com\/blogg.fumei.se\/wp-content\/uploads\/2022\/11\/BEFDDF98-BDCB-4E63-B088-B3B56E759D0C_1_201_a.jpeg?resize=350%2C200&ssl=1","width":350,"height":200,"srcset":"https:\/\/i0.wp.com\/blogg.fumei.se\/wp-content\/uploads\/2022\/11\/BEFDDF98-BDCB-4E63-B088-B3B56E759D0C_1_201_a.jpeg?resize=350%2C200&ssl=1 1x, https:\/\/i0.wp.com\/blogg.fumei.se\/wp-content\/uploads\/2022\/11\/BEFDDF98-BDCB-4E63-B088-B3B56E759D0C_1_201_a.jpeg?resize=525%2C300&ssl=1 1.5x, https:\/\/i0.wp.com\/blogg.fumei.se\/wp-content\/uploads\/2022\/11\/BEFDDF98-BDCB-4E63-B088-B3B56E759D0C_1_201_a.jpeg?resize=700%2C400&ssl=1 2x"},"classes":[]}],"_links":{"self":[{"href":"https:\/\/blogg.fumei.se\/index.php?rest_route=\/wp\/v2\/posts\/141","targetHints":{"allow":["GET"]}}],"collection":[{"href":"https:\/\/blogg.fumei.se\/index.php?rest_route=\/wp\/v2\/posts"}],"about":[{"href":"https:\/\/blogg.fumei.se\/index.php?rest_route=\/wp\/v2\/types\/post"}],"author":[{"embeddable":true,"href":"https:\/\/blogg.fumei.se\/index.php?rest_route=\/wp\/v2\/users\/1"}],"replies":[{"embeddable":true,"href":"https:\/\/blogg.fumei.se\/index.php?rest_route=%2Fwp%2Fv2%2Fcomments&post=141"}],"version-history":[{"count":0,"href":"https:\/\/blogg.fumei.se\/index.php?rest_route=\/wp\/v2\/posts\/141\/revisions"}],"wp:attachment":[{"href":"https:\/\/blogg.fumei.se\/index.php?rest_route=%2Fwp%2Fv2%2Fmedia&parent=141"}],"wp:term":[{"taxonomy":"category","embeddable":true,"href":"https:\/\/blogg.fumei.se\/index.php?rest_route=%2Fwp%2Fv2%2Fcategories&post=141"},{"taxonomy":"post_tag","embeddable":true,"href":"https:\/\/blogg.fumei.se\/index.php?rest_route=%2Fwp%2Fv2%2Ftags&post=141"}],"curies":[{"name":"wp","href":"https:\/\/api.w.org\/{rel}","templated":true}]}}