{"id":1423,"date":"2011-09-16T14:06:39","date_gmt":"2011-09-16T12:06:39","guid":{"rendered":"http:\/\/blogg.fumei.se\/?p=1423"},"modified":"2011-09-16T14:06:39","modified_gmt":"2011-09-16T12:06:39","slug":"platt-fall","status":"publish","type":"post","link":"https:\/\/blogg.fumei.se\/?p=1423","title":{"rendered":"Platt fall"},"content":{"rendered":"<p>Jag har ingen syn helst aning om vad som h\u00e4nde, men pl\u00f6tsligt sm\u00e4llde det till i ryggen och nu kan jag knappt r\u00f6ra mig. K\u00e4nns inte kul att ringa jobbet bara ett par timmar innan jag ska b\u00f6rja, men jag hade inte precis n\u00e5got val.<br \/>\nTog lite sm\u00e4rtstillande och f\u00f6rs\u00f6kte rasta hunden, men fick ge upp och be mor ta hand om henne tills Robin kommer hem fr\u00e5n skolan.<br \/>\nNu ligger jag p\u00e5 s\u00e4ngen och har hittat en st\u00e4llning som inte g\u00f6r ont, och \u00e4r tacksam f\u00f6r att det finns b\u00e5de b\u00f6cker och wordfeud. <br \/>\nN\u00e4r min k\u00e4ra sambo kommer hem ska han f\u00e5 hj\u00e4lpa mig f\u00e4sta TENS-plattorna s\u00e5 jag f\u00f6rhoppningsvis kan kurera mig till imorgon. Har verkligen inte r\u00e5d att vara hemma.\n<\/p>\n<p><span class=\"post_sig\">Posted from WordPress for Android<\/span><\/p>\n","protected":false},"excerpt":{"rendered":"<p>Jag har ingen syn helst aning om vad som h\u00e4nde, men pl\u00f6tsligt sm\u00e4llde det till i ryggen och nu kan jag knappt r\u00f6ra mig. K\u00e4nns inte kul att ringa jobbet bara ett par timmar innan jag ska b\u00f6rja, men jag hade inte precis n\u00e5got val. Tog lite sm\u00e4rtstillande och f\u00f6rs\u00f6kte rasta hunden, men fick ge&#8230;<\/p>\n","protected":false},"author":1,"featured_media":0,"comment_status":"open","ping_status":"open","sticky":false,"template":"","format":"standard","meta":{"jetpack_post_was_ever_published":false,"_jetpack_newsletter_access":"","_jetpack_dont_email_post_to_subs":false,"_jetpack_newsletter_tier_id":0,"_jetpack_memberships_contains_paywalled_content":false,"_jetpack_memberships_contains_paid_content":false,"footnotes":"","jetpack_publicize_message":"","jetpack_publicize_feature_enabled":true,"jetpack_social_post_already_shared":false,"jetpack_social_options":{"image_generator_settings":{"template":"highway","default_image_id":0,"font":"","enabled":false},"version":2}},"categories":[47],"tags":[],"class_list":["post-1423","post","type-post","status-publish","format-standard","hentry","category-vardagsliv"],"jetpack_publicize_connections":[],"jetpack_featured_media_url":"","jetpack_shortlink":"https:\/\/wp.me\/p3qko4-mX","jetpack_sharing_enabled":true,"jetpack_likes_enabled":true,"jetpack-related-posts":[{"id":1795,"url":"https:\/\/blogg.fumei.se\/?p=1795","url_meta":{"origin":1423,"position":0},"title":"1:a Advent 2011","author":"M :)","date":"2011-11-27","format":false,"excerpt":"Herregud vilken trist rubrik, men jag har verkligen ingen fantasi f\u00f6r det just nu! \u00c4r hur tr\u00f6tt som helst, och har fortfarande inte str\u00e4ckt ut kroppen ordentligt efter att vi satt i bilen i flera timmar ig\u00e5r. Det var ju dags f\u00f6r operation l\u00e4mna-bilen-i-V\u00e4xj\u00f6, s\u00e5 J och jag k\u00f6rde ner\u2026","rel":"","context":"I \u201dVardagsliv\u201d","block_context":{"text":"Vardagsliv","link":"https:\/\/blogg.fumei.se\/?cat=47"},"img":{"alt_text":"","src":"https:\/\/i0.wp.com\/blogg.fumei.se\/wp-content\/uploads\/2011\/11\/2011-11-26-15.54.29-300x225.jpg?resize=350%2C200","width":350,"height":200},"classes":[]},{"id":729,"url":"https:\/\/blogg.fumei.se\/?p=729","url_meta":{"origin":1423,"position":1},"title":"Sm\u00e5. platta paket","author":"M :)","date":"2008-12-19","format":false,"excerpt":"och ett lite st\u00f6rre, mjukt kom fr\u00e5n syster yster idag. P\u00e5 s\u00f6ndag f\u00e5r barnen veta vad som \u00e4r i deras. D\u00e5 ska vi ha lilla-jul h\u00e4r hemma i samband med adventsfika. De \u00e5ker ju till sin pappa p\u00e5 m\u00e5ndag, och ska vara borta till den 28 eller 29. Har fixat\u2026","rel":"","context":"I \u201dVardagsliv\u201d","block_context":{"text":"Vardagsliv","link":"https:\/\/blogg.fumei.se\/?cat=47"},"img":{"alt_text":"","src":"","width":0,"height":0},"classes":[]},{"id":271,"url":"https:\/\/blogg.fumei.se\/?p=271","url_meta":{"origin":1423,"position":2},"title":"Redan tisdag","author":"EmEff","date":"2010-03-16","format":false,"excerpt":"Tiden g\u00e5r alldeles f\u00f6r fort f\u00f6r att jag ska hinna med ordentligt nu f\u00f6r tiden, k\u00e4nns det som. Nyss var det arbetsvecka med massor att g\u00f6ra, \u00e4nnu nyligare var det helg och jag skulle passa p\u00e5 att vila och formatera om datorn. Formaterat om har jag gjort, men vilan blev\u2026","rel":"","context":"I \u201dVardagsliv\u201d","block_context":{"text":"Vardagsliv","link":"https:\/\/blogg.fumei.se\/?cat=47"},"img":{"alt_text":"","src":"","width":0,"height":0},"classes":[]},{"id":252,"url":"https:\/\/blogg.fumei.se\/?p=252","url_meta":{"origin":1423,"position":3},"title":"Sn\u00e5lbl\u00e5st","author":"M :)","date":"2010-04-13","format":false,"excerpt":"Solen sken idag ocks\u00e5, men det bl\u00e5ste fasligt kallt, s\u00e5 det var n\u00e4stan l\u00e4ge f\u00f6r jacka igen, men jag h\u00e4rdar ut! Har ingen lust att kr\u00e4nga p\u00e5 mig en vinterjacka igen, n\u00e4r jag nu har h\u00e4ngt undan den f\u00f6r i \u00e5r, och n\u00e5gon v\u00e5rjacka har jag inte hunnit inf\u00f6rskaffa, s\u00e5\u2026","rel":"","context":"I \u201dVardagsliv\u201d","block_context":{"text":"Vardagsliv","link":"https:\/\/blogg.fumei.se\/?cat=47"},"img":{"alt_text":"","src":"","width":0,"height":0},"classes":[]},{"id":103,"url":"https:\/\/blogg.fumei.se\/?p=103","url_meta":{"origin":1423,"position":4},"title":"30-dagarslista; Dag 22","author":"M :)","date":"2011-02-01","format":false,"excerpt":"Dag 22: En bild p\u00e5 n\u00e5got du \u00f6nskar du vore b\u00e4ttre p\u00e5. \u00a0 L\u00e4tt som en pl\u00e4tt! Har alltid velat kunna prata italienska b\u00e4ttre \u00e4n vad jag g\u00f6r. Inte f\u00f6r att jag beh\u00f6ver b\u00f6rja fr\u00e5n grunden, men lite praktik vore trevligt. Och nej, jag pratar inte med mor och far.\u2026","rel":"","context":"I \u201dVardagsliv\u201d","block_context":{"text":"Vardagsliv","link":"https:\/\/blogg.fumei.se\/?cat=47"},"img":{"alt_text":"","src":"","width":0,"height":0},"classes":[]},{"id":940,"url":"https:\/\/blogg.fumei.se\/?p=940","url_meta":{"origin":1423,"position":5},"title":"Melodifestival","author":"M :)","date":"2009-05-17","format":false,"excerpt":"Eurovisionsschlagerfestival. Eurovision Song Contest. Man kan kalla det vad man vill, men det \u00e4r och f\u00f6rblir \u00e5rets st\u00f6rsta tv-h\u00e4ndelse f\u00f6r svenska folket. \u00c4ven f\u00f6r de som s\u00e4ger att de inte bryr sig. De verkar p\u00e5 n\u00e5got s\u00e4tt alltid veta vem som sj\u00f6ng vad eller vad de hade p\u00e5 sig, och\u2026","rel":"","context":"I \u201dVardagsliv\u201d","block_context":{"text":"Vardagsliv","link":"https:\/\/blogg.fumei.se\/?cat=47"},"img":{"alt_text":"","src":"","width":0,"height":0},"classes":[]}],"_links":{"self":[{"href":"https:\/\/blogg.fumei.se\/index.php?rest_route=\/wp\/v2\/posts\/1423","targetHints":{"allow":["GET"]}}],"collection":[{"href":"https:\/\/blogg.fumei.se\/index.php?rest_route=\/wp\/v2\/posts"}],"about":[{"href":"https:\/\/blogg.fumei.se\/index.php?rest_route=\/wp\/v2\/types\/post"}],"author":[{"embeddable":true,"href":"https:\/\/blogg.fumei.se\/index.php?rest_route=\/wp\/v2\/users\/1"}],"replies":[{"embeddable":true,"href":"https:\/\/blogg.fumei.se\/index.php?rest_route=%2Fwp%2Fv2%2Fcomments&post=1423"}],"version-history":[{"count":0,"href":"https:\/\/blogg.fumei.se\/index.php?rest_route=\/wp\/v2\/posts\/1423\/revisions"}],"wp:attachment":[{"href":"https:\/\/blogg.fumei.se\/index.php?rest_route=%2Fwp%2Fv2%2Fmedia&parent=1423"}],"wp:term":[{"taxonomy":"category","embeddable":true,"href":"https:\/\/blogg.fumei.se\/index.php?rest_route=%2Fwp%2Fv2%2Fcategories&post=1423"},{"taxonomy":"post_tag","embeddable":true,"href":"https:\/\/blogg.fumei.se\/index.php?rest_route=%2Fwp%2Fv2%2Ftags&post=1423"}],"curies":[{"name":"wp","href":"https:\/\/api.w.org\/{rel}","templated":true}]}}