{"id":1425,"date":"2011-09-18T18:15:54","date_gmt":"2011-09-18T16:15:54","guid":{"rendered":"http:\/\/blogg.fumei.se\/?p=1425"},"modified":"2011-09-18T18:15:54","modified_gmt":"2011-09-18T16:15:54","slug":"sondagsgodis","status":"publish","type":"post","link":"https:\/\/blogg.fumei.se\/?p=1425","title":{"rendered":"S\u00f6ndagsgodis"},"content":{"rendered":"<p>Fattar ni hur sk\u00f6nt det \u00e4r att kunna r\u00f6ra sig igen?? Jag k\u00e4nner visserligen av de t onda i musklerna fortfarande, men det mesta flyter p\u00e5 r\u00e4tt okej, bara jag inte ta i f\u00f6r h\u00e5rt eller g\u00f6r n\u00e5gra hastiga r\u00f6relser. \u00c5terst\u00e5r nu bara att se hur det g\u00e5r p\u00e5 jobbet imorgon.<\/p>\n<p>F\u00f6r att fira att jag \u00e4r s\u00e5 gott som \u00e5terst\u00e4lld (jag kan ju inte skriva <em>frisk <\/em>f\u00f6r d\u00e5 \u00e4r det genast ett par stycken som opponerar sig haha) s\u00e5 gjorde jag chokladmousse idag till efterr\u00e4tt.<br \/>\nKan till\u00e4gga att efterr\u00e4tt \u00e4r en s\u00e4llsynt sak i det h\u00e4r hemmet, s\u00e5 d\u00e4rf\u00f6r k\u00e4ndes det lite halvfuttigt att ha thaikyckling till middag, men i brist p\u00e5 n\u00f6tstek med prim\u00f6rer och gr\u00e4dds\u00e5s, s\u00e5&#8230;<\/p>\n<p>Moussen var inte ett dugg kr\u00e5nglig att g\u00f6ra, s\u00e5 alla som suckar och t\u00e4nker &#8221;gud nu \u00e4r hon s\u00e5 d\u00e4r duktig och pr\u00e4ktig igen&#8221; kan sluta med det genast, och ist\u00e4llet sj\u00e4lva valsa ut i k\u00f6ket och fixa eget mums. H\u00e4r \u00e4r receptet:<\/p>\n<ul>\n<li>3 dl vispgr\u00e4dde (jag k\u00f6r laktosfritt, som tar lite l\u00e4ngre tid att vispa ordentligt tjock, men s\u00e5 kan alla \u00e4ta av den h\u00e4r hemma)<\/li>\n<li>100 gram m\u00f6rk choklad (Fazers m\u00f6rka som finns d\u00e4r bakprodukter finns)<\/li>\n<li>2 \u00e4ggulor<\/li>\n<li>smaks\u00e4ttning (jag tog en matsked koncentrerad apelsinjuice)<\/li>\n<\/ul>\n<div><span style=\"font-size: small;\">Vispa gr\u00e4dden ganska tjockt. Blanda i \u00e4ggulorna och eventuell smaks\u00e4ttning. Sm\u00e4lt chokladen i vattenbad eller i micron.<br \/>\nTa ca 1 dl av gr\u00e4dden och r\u00f6r ner f\u00f6rsiktigt i chokladen, forts\u00e4tt s\u00e5 tills all gr\u00e4dde \u00e4r blandad med chokladen. R\u00f6r f\u00f6rsiktigt med yviga v\u00e4ndor s\u00e5 att alltihop blandas och det kommer in mycket luft medan du r\u00f6r. H\u00e4ll upp i portionsglas och st\u00e4ll i kylen en stund.<\/span><\/div>\n<div><span style=\"font-size: small;\">\u00a0<\/span><\/div>\n<div><span style=\"font-size: small;\">Idag r\u00e5kade jag se en bit av programmet &#8221;Vad h\u00e4nde med?&#8221; p\u00e5 TV3. Det \u00e4r Alex Schulman, Pernilla Wahlgren, Jonas Gardell och Ann S\u00f6derlund som ska lista de 10 personer som de allra mest undrar vad som h\u00e4nde med dem efter att rampljuset slocknade. (Allts\u00e5, jag vet inte hur jag fick ihop den meningen, den l\u00e5ter alldeles fjortis, men strunt samma, ni fattar nog vad jag menar \u00e4nd\u00e5!)<br \/>\nDet var lite kul, men jag hade velat se mycket mer av vad som h\u00e4nde sen. Nu fick man bara ungef\u00e4r 20-30 sekunders resum\u00e8 av deras efter-k\u00e4ndislivet-liv. Synd. Hade kunnat bli ett favoritprogram annars. S\u00e4rskilt med Gardells kommentarer och \u00e5sikter, ena stunden \u00e4r han s\u00e5 &#8221;b\u00f6gig&#8221; &#8211; som han sj\u00e4lv uttrycker det &#8211; och n\u00e4sta \u00e4r han lika seri\u00f6s som en nyhetsuppl\u00e4sare. <\/span><\/div>\n<div><span style=\"font-size: small;\">Nog om det. Nu ska jag spela lite spel p\u00e5 datorn och hux flux har det nog g\u00e5tt ett par timmar och det \u00e4r dags att studsa i s\u00e4ng.<\/span><\/div>\n<div><span style=\"font-size: small;\">\u00a0<\/span><\/div>\n","protected":false},"excerpt":{"rendered":"<p>Fattar ni hur sk\u00f6nt det \u00e4r att kunna r\u00f6ra sig igen?? Jag k\u00e4nner visserligen av de t onda i musklerna fortfarande, men det mesta flyter p\u00e5 r\u00e4tt okej, bara jag inte ta i f\u00f6r h\u00e5rt eller g\u00f6r n\u00e5gra hastiga r\u00f6relser. \u00c5terst\u00e5r nu bara att se hur det g\u00e5r p\u00e5 jobbet imorgon. F\u00f6r att fira att&#8230;<\/p>\n","protected":false},"author":1,"featured_media":0,"comment_status":"open","ping_status":"open","sticky":false,"template":"","format":"standard","meta":{"jetpack_post_was_ever_published":false,"_jetpack_newsletter_access":"","_jetpack_dont_email_post_to_subs":false,"_jetpack_newsletter_tier_id":0,"_jetpack_memberships_contains_paywalled_content":false,"_jetpack_memberships_contains_paid_content":false,"footnotes":"","jetpack_publicize_message":"","jetpack_publicize_feature_enabled":true,"jetpack_social_post_already_shared":false,"jetpack_social_options":{"image_generator_settings":{"template":"highway","default_image_id":0,"font":"","enabled":false},"version":2}},"categories":[47],"tags":[],"class_list":["post-1425","post","type-post","status-publish","format-standard","hentry","category-vardagsliv"],"jetpack_publicize_connections":[],"jetpack_featured_media_url":"","jetpack_shortlink":"https:\/\/wp.me\/p3qko4-mZ","jetpack_sharing_enabled":true,"jetpack_likes_enabled":true,"jetpack-related-posts":[{"id":1145,"url":"https:\/\/blogg.fumei.se\/?p=1145","url_meta":{"origin":1425,"position":0},"title":"Travel and change of place impart new vigor to the mind","author":"M :)","date":"2009-10-19","format":false,"excerpt":"Sagt av Seneca\u00a0n\u00e5gon g\u00e5ng mellan \u00e5r 4 fKr och \u00e5r 65 eKr. Men det var inte honom jag skulle skriva om, det bara k\u00e4ndes s\u00e5 passande med ett citat om resor och resande h\u00e4r.Jag ska ju n\u00e4mligen ut och resa. Igen. Fast inte s\u00e5 l\u00e5ngt den h\u00e4r g\u00e5ngen. Heller. Jag\u2026","rel":"","context":"I \u201dVardagsliv\u201d","block_context":{"text":"Vardagsliv","link":"https:\/\/blogg.fumei.se\/?cat=47"},"img":{"alt_text":"","src":"","width":0,"height":0},"classes":[]},{"id":208,"url":"https:\/\/blogg.fumei.se\/?p=208","url_meta":{"origin":1425,"position":1},"title":"Shoppat loss","author":"EmEff","date":"2010-07-01","format":false,"excerpt":"Idag har jag och Fia varit p\u00e5 IKEA med Sylwia och Carina. Jag beh\u00f6vde ju som bekant g\u00f6ra en liten resa dit f\u00f6r att se p\u00e5 deras gardinskenor, s\u00e5 varf\u00f6r inte passa p\u00e5 n\u00e4r jag \u00e4r ledig och g\u00f6ra en dagsutflykt av det hela?Jag hittade gardinskenor - jippii - och\u2026","rel":"","context":"I \u201dVardagsliv\u201d","block_context":{"text":"Vardagsliv","link":"https:\/\/blogg.fumei.se\/?cat=47"},"img":{"alt_text":"","src":"","width":0,"height":0},"classes":[]},{"id":1045,"url":"https:\/\/blogg.fumei.se\/?p=1045","url_meta":{"origin":1425,"position":2},"title":"Tr\u00f6\u00f6\u00f6\u00f6\u00f6\u00f6tt","author":"M :)","date":"2009-07-01","format":false,"excerpt":"Vaknade inatt kl 3.30 av att Fia st\u00e5r vid min s\u00e4ng och gr\u00e5ter f\u00f6r att hon har ont i huvudet och inte hittar v\u00e4rktabletter. Jag g\u00e5r upp och letar och hittar en Ipren. Stackars Fia \u00e4r spyf\u00e4rdig s\u00e5 jag ger henne hink, kall trasa till pannan och vatten, sen kan\u2026","rel":"","context":"I \u201dVardagsliv\u201d","block_context":{"text":"Vardagsliv","link":"https:\/\/blogg.fumei.se\/?cat=47"},"img":{"alt_text":"","src":"","width":0,"height":0},"classes":[]},{"id":215,"url":"https:\/\/blogg.fumei.se\/?p=215","url_meta":{"origin":1425,"position":3},"title":"Senaste nytt","author":"EmEff","date":"2010-06-15","format":false,"excerpt":"F\u00f6rra g\u00e5ngen jag pratade med handl\u00e4ggaren p\u00e5 MV sa han ju att jag skulle \u00e5terkomma om en m\u00e5nad och d\u00e5 skulle han kunna ha ett n\u00e4rmare besked \u00e5t mig. Efter att ha f\u00f6rs\u00f6kt komma \u00e5t en telefon under sj\u00e4lva telefontiden (en timme mellan 8.30 och 9.30)\u00a0och, de g\u00e5nger jag lyckats\u2026","rel":"","context":"I \u201dVardagsliv\u201d","block_context":{"text":"Vardagsliv","link":"https:\/\/blogg.fumei.se\/?cat=47"},"img":{"alt_text":"","src":"","width":0,"height":0},"classes":[]},{"id":1709,"url":"https:\/\/blogg.fumei.se\/?p=1709","url_meta":{"origin":1425,"position":4},"title":"B\u00e4ttre","author":"M :)","date":"2011-11-11","format":false,"excerpt":"Kort, men intensivt. S\u00e5 kan man sammanfatta mitt bes\u00f6k p\u00e5 v\u00e5rdcentralen idag. Jag kom dit, doktorn tittade och hon konstaterade genast att jag hade en infektion. Duktig doktor, det d\u00e4r, med tanke p\u00e5 att jag ocks\u00e5 redan fattat det. S\u00e5 jag fick ett fotbad i gr\u00f6ns\u00e5pa (tydligen \u00e4r det otroligt\u2026","rel":"","context":"I \u201dVardagsliv\u201d","block_context":{"text":"Vardagsliv","link":"https:\/\/blogg.fumei.se\/?cat=47"},"img":{"alt_text":"","src":"https:\/\/i0.wp.com\/blogg.fumei.se\/wp-content\/uploads\/2011\/11\/2011-11-11-11.01.17.jpg?resize=350%2C200","width":350,"height":200},"classes":[]},{"id":1152,"url":"https:\/\/blogg.fumei.se\/?p=1152","url_meta":{"origin":1425,"position":5},"title":"L\u00e4slust","author":"M :)","date":"2009-10-14","format":false,"excerpt":"bristen p\u00e5 densamma t\u00e4nkte jag filosofera lite \u00f6ver h\u00e4r. Jag har ingen lust att l\u00e4sa. Genast undrar folk om n\u00e5got har h\u00e4nt, om jag m\u00e5r bra, det kan inte st\u00e4mma, jag l\u00e4ser ju j\u00e4mt! Ja, jo, jag g\u00e4r nog det. Men nu har lusten inte funnits d\u00e4r p\u00e5 ett tag.\u2026","rel":"","context":"I \u201dVardagsliv\u201d","block_context":{"text":"Vardagsliv","link":"https:\/\/blogg.fumei.se\/?cat=47"},"img":{"alt_text":"","src":"","width":0,"height":0},"classes":[]}],"_links":{"self":[{"href":"https:\/\/blogg.fumei.se\/index.php?rest_route=\/wp\/v2\/posts\/1425","targetHints":{"allow":["GET"]}}],"collection":[{"href":"https:\/\/blogg.fumei.se\/index.php?rest_route=\/wp\/v2\/posts"}],"about":[{"href":"https:\/\/blogg.fumei.se\/index.php?rest_route=\/wp\/v2\/types\/post"}],"author":[{"embeddable":true,"href":"https:\/\/blogg.fumei.se\/index.php?rest_route=\/wp\/v2\/users\/1"}],"replies":[{"embeddable":true,"href":"https:\/\/blogg.fumei.se\/index.php?rest_route=%2Fwp%2Fv2%2Fcomments&post=1425"}],"version-history":[{"count":3,"href":"https:\/\/blogg.fumei.se\/index.php?rest_route=\/wp\/v2\/posts\/1425\/revisions"}],"predecessor-version":[{"id":6771,"href":"https:\/\/blogg.fumei.se\/index.php?rest_route=\/wp\/v2\/posts\/1425\/revisions\/6771"}],"wp:attachment":[{"href":"https:\/\/blogg.fumei.se\/index.php?rest_route=%2Fwp%2Fv2%2Fmedia&parent=1425"}],"wp:term":[{"taxonomy":"category","embeddable":true,"href":"https:\/\/blogg.fumei.se\/index.php?rest_route=%2Fwp%2Fv2%2Fcategories&post=1425"},{"taxonomy":"post_tag","embeddable":true,"href":"https:\/\/blogg.fumei.se\/index.php?rest_route=%2Fwp%2Fv2%2Ftags&post=1425"}],"curies":[{"name":"wp","href":"https:\/\/api.w.org\/{rel}","templated":true}]}}