{"id":1428,"date":"2011-09-18T23:19:19","date_gmt":"2011-09-18T21:19:19","guid":{"rendered":"http:\/\/blogg.fumei.se\/?p=1428"},"modified":"2024-03-31T11:41:48","modified_gmt":"2024-03-31T09:41:48","slug":"veckoplanering","status":"publish","type":"post","link":"https:\/\/blogg.fumei.se\/?p=1428","title":{"rendered":"Veckoplanering"},"content":{"rendered":"<p>Mina barn har aldrig h\u00e5llit p\u00e5 med sporter eller andra regelbundna aktiviteter, och sj\u00e4lv slutade jag med s\u00e5nt n\u00e4r jag b\u00f6rjade gymnasiet, men n\u00e5gra g\u00e5nger om \u00e5ret blir det helt uppbokat i almanackan.<\/p>\n<p>I veckan som kommer ska jag till att b\u00f6rja med baka s\u00e5 att det finns ett litet LCHF-f\u00f6rr\u00e5d n\u00e4r alla andra i familjen glufsar mackor. Jag ska f\u00e4rga h\u00e5ret, l\u00e4mna tillbaka b\u00f6cker p\u00e5 biblioteket, boka om Fias tandl\u00e4kartid och jag ska jobba. Och kanske tom jobba lite extra f\u00f6r att ta igen det jag f\u00f6rlorade p\u00e5 att vara sjukskriven i tv\u00e5 dagar.<br \/>\nMellan allt det h\u00e4r ska jag vara mamma, \u00e4lskarinna, kurator, bankkass\u00f6rska, kock och st\u00e4derska. Fast resten av familjen f\u00e5r allt dra i sina str\u00e5n. Det \u00e4r ju bara det att jag vill ha lite extra (mycket) koll&#8230;<\/p>\n<p>Och p\u00e5 ska jag ju hinna tr\u00e4ffa Kerstin! F\u00f6rst invigningsfest f\u00f6r bokm\u00e4ssan p\u00e5 onsdag (jag kommer att vara helt f\u00e4rdig efter f\u00f6rr\u00e5dsdag men det struntar jag i) och sen f\u00f6rhoppningsvis en fikadejt nnan hon \u00e5ker hem. P\u00e5 l\u00f6rdag ska jag bli av med oskulden. Bokm\u00e4sseoskulden, vill s\u00e4ga. S\u00e5 p\u00e5 s\u00f6ndag l\u00e4r jag vara helt slut. Men jag tror det kommer vara v\u00e4rt det.<\/p>\n<p>Nu ska jag l\u00e4sa klart min italienska deckare s\u00e5 att jag kan l\u00e4mna tillbaka den utan f\u00f6rseningsavgift.<\/p>\n<p><span class=\"post_sig\">Posted from WordPress for Android<\/span><\/p>\n","protected":false},"excerpt":{"rendered":"<p>Mina barn har aldrig h\u00e5llit p\u00e5 med sporter eller andra regelbundna aktiviteter, och sj\u00e4lv slutade jag med s\u00e5nt n\u00e4r jag b\u00f6rjade gymnasiet, men n\u00e5gra g\u00e5nger om \u00e5ret blir det helt uppbokat i almanackan. I veckan som kommer ska jag till att b\u00f6rja med baka s\u00e5 att det finns ett litet LCHF-f\u00f6rr\u00e5d n\u00e4r alla andra i&#8230;<\/p>\n","protected":false},"author":1,"featured_media":0,"comment_status":"open","ping_status":"open","sticky":false,"template":"","format":"standard","meta":{"jetpack_post_was_ever_published":false,"_jetpack_newsletter_access":"","_jetpack_dont_email_post_to_subs":false,"_jetpack_newsletter_tier_id":0,"_jetpack_memberships_contains_paywalled_content":false,"_jetpack_memberships_contains_paid_content":false,"footnotes":"","jetpack_publicize_message":"","jetpack_publicize_feature_enabled":true,"jetpack_social_post_already_shared":false,"jetpack_social_options":{"image_generator_settings":{"template":"highway","default_image_id":0,"font":"","enabled":false},"version":2}},"categories":[29,34],"tags":[],"class_list":["post-1428","post","type-post","status-publish","format-standard","hentry","category-bocker-och-lasning","category-familjen"],"jetpack_publicize_connections":[],"jetpack_featured_media_url":"","jetpack_shortlink":"https:\/\/wp.me\/p3qko4-n2","jetpack_sharing_enabled":true,"jetpack_likes_enabled":true,"jetpack-related-posts":[{"id":2857,"url":"https:\/\/blogg.fumei.se\/?p=2857","url_meta":{"origin":1428,"position":0},"title":"Dan f\u00f6re dan f\u00f6re&#8230;","author":"M :)","date":"2012-12-19","format":false,"excerpt":"\u00c4n \u00e4r det n\u00e5gra dagar kvar till jul, men vips s\u00e5 \u00e4r den h\u00e4r och lika vips \u00e4r den \u00f6ver. Jag har stressat \u00f6ver att jag skulle jobba s\u00e5 himla mycket f\u00f6re, mellan, under och efter jul och ny\u00e5rshelgerna att jag n\u00e4stan gl\u00f6mde att jag ju \u00e4r ledig i tre\u2026","rel":"","context":"I \u201dB\u00f6cker och l\u00e4sning\u201d","block_context":{"text":"B\u00f6cker och l\u00e4sning","link":"https:\/\/blogg.fumei.se\/?cat=29"},"img":{"alt_text":"reservationerdecember12","src":"https:\/\/i0.wp.com\/blogg.fumei.se\/wp-content\/uploads\/2012\/12\/reservationerdecember12-180x180.jpg?resize=350%2C200","width":350,"height":200},"classes":[]},{"id":1742,"url":"https:\/\/blogg.fumei.se\/?p=1742","url_meta":{"origin":1428,"position":1},"title":"Dan f\u00f6re dan, f\u00f6re dan, f\u00f6re&#8230;","author":"M :)","date":"2011-11-14","format":false,"excerpt":"Ja nu \u00e4r det knappt en och en halv m\u00e5nad kvar till julafton, det \u00e4r sv\u00e5rt att tro det, men almanackan ljuger ju s\u00e4llan (aldrig...). I \u00e5r \u00e4r det mitt lags tur att slippa jobba julen, och det \u00e4r min tur att ha barnen hemma p\u00e5 jul, det \u00e4r ju\u2026","rel":"","context":"I \u201dVardagsliv\u201d","block_context":{"text":"Vardagsliv","link":"https:\/\/blogg.fumei.se\/?cat=47"},"img":{"alt_text":"","src":"","width":0,"height":0},"classes":[]},{"id":20,"url":"https:\/\/blogg.fumei.se\/?p=20","url_meta":{"origin":1428,"position":2},"title":"Bokrecension: Boktjuven","author":"M :)","date":"2011-08-16","format":false,"excerpt":"\u00a0 \"Boktjuven\" av Markus Zusak N\u00e4r d\u00f6den ber\u00e4ttar en historia, m\u00e5ste du lyssna. Det \u00e4r egentligen bara en liten historia som, bland annat, handlar om: en flicka, n\u00e5gra ord, en dragspelare, n\u00e5gra fanatiska tyskar, en judisk slagsk\u00e4mpe och en hel del st\u00f6lder. Tyskland 1939. Landet h\u00e5ller andan. D\u00f6den har aldrig\u2026","rel":"","context":"I \u201dB\u00f6cker och l\u00e4sning\u201d","block_context":{"text":"B\u00f6cker och l\u00e4sning","link":"https:\/\/blogg.fumei.se\/?cat=29"},"img":{"alt_text":"","src":"https:\/\/i0.wp.com\/blogg.fumei.se\/wp-content\/uploads\/2011\/08\/boktjuven.png?resize=350%2C200","width":350,"height":200},"classes":[]},{"id":32,"url":"https:\/\/blogg.fumei.se\/?p=32","url_meta":{"origin":1428,"position":3},"title":"Sommartider hej hej","author":"M :)","date":"2011-06-12","format":false,"excerpt":"Idag \u00e4r f\u00f6rsta dagen p\u00e5 min semester. Det har regnat som attan i flera dagar h\u00e4r, men idag skiner solen n\u00e4stan hela tiden, och fast\u00e4n det bl\u00e5ser lite mer \u00e4n jag tycker \u00e4r sk\u00f6nt, s\u00e5 \u00e4r jag r\u00e4tt n\u00f6jd.Jag har inget planerat f\u00f6r semestern, f\u00f6rutom en tur till V\u00e4ster\u00e5s f\u00f6r\u2026","rel":"","context":"I \u201dVardagsliv\u201d","block_context":{"text":"Vardagsliv","link":"https:\/\/blogg.fumei.se\/?cat=47"},"img":{"alt_text":"","src":"","width":0,"height":0},"classes":[]},{"id":163,"url":"https:\/\/blogg.fumei.se\/?p=163","url_meta":{"origin":1428,"position":4},"title":"Nu kan vi det h\u00e4r&#8230;","author":"M :)","date":"2010-11-13","format":false,"excerpt":"Jobba, sova, \u00e4ta, jobba, sova, \u00e4ta...det k\u00e4nns som om det bara \u00e4r det jag g\u00f6r numera. Jag skulle beh\u00f6va en tv\u00e5 m\u00e5nader l\u00e5ng semester, l\u00e5ngt borta fr\u00e5n verkligheten och alla m\u00e5sten, n\u00e5gonstans d\u00e4r det finns v\u00e4rme och sol. Men det kan jag ju bara dr\u00f6mma om. S\u00e5vida jag inte vinner\u2026","rel":"","context":"I \u201dVardagsliv\u201d","block_context":{"text":"Vardagsliv","link":"https:\/\/blogg.fumei.se\/?cat=47"},"img":{"alt_text":"","src":"","width":0,"height":0},"classes":[]},{"id":1203,"url":"https:\/\/blogg.fumei.se\/?p=1203","url_meta":{"origin":1428,"position":5},"title":"Ehrm&#8230;","author":"M :)","date":"2009-11-05","format":false,"excerpt":"hmm...det var ett tag sen jga skrev n\u00e5got i bloggen...kan iofs bero en hel del p\u00e5 att RL brukar g\u00e5 f\u00f6re allt annat. Tr\u00f6tt som fasen \u00e4r jag nuf\u00f6rtiden, har ingen aning om varf\u00f6r, men sover d\u00e5ligt g\u00f6r jag iaf, det kanske kan vara en bidragande orsak (you think??)? Sen\u2026","rel":"","context":"I \u201dVardagsliv\u201d","block_context":{"text":"Vardagsliv","link":"https:\/\/blogg.fumei.se\/?cat=47"},"img":{"alt_text":"","src":"","width":0,"height":0},"classes":[]}],"_links":{"self":[{"href":"https:\/\/blogg.fumei.se\/index.php?rest_route=\/wp\/v2\/posts\/1428","targetHints":{"allow":["GET"]}}],"collection":[{"href":"https:\/\/blogg.fumei.se\/index.php?rest_route=\/wp\/v2\/posts"}],"about":[{"href":"https:\/\/blogg.fumei.se\/index.php?rest_route=\/wp\/v2\/types\/post"}],"author":[{"embeddable":true,"href":"https:\/\/blogg.fumei.se\/index.php?rest_route=\/wp\/v2\/users\/1"}],"replies":[{"embeddable":true,"href":"https:\/\/blogg.fumei.se\/index.php?rest_route=%2Fwp%2Fv2%2Fcomments&post=1428"}],"version-history":[{"count":2,"href":"https:\/\/blogg.fumei.se\/index.php?rest_route=\/wp\/v2\/posts\/1428\/revisions"}],"predecessor-version":[{"id":6772,"href":"https:\/\/blogg.fumei.se\/index.php?rest_route=\/wp\/v2\/posts\/1428\/revisions\/6772"}],"wp:attachment":[{"href":"https:\/\/blogg.fumei.se\/index.php?rest_route=%2Fwp%2Fv2%2Fmedia&parent=1428"}],"wp:term":[{"taxonomy":"category","embeddable":true,"href":"https:\/\/blogg.fumei.se\/index.php?rest_route=%2Fwp%2Fv2%2Fcategories&post=1428"},{"taxonomy":"post_tag","embeddable":true,"href":"https:\/\/blogg.fumei.se\/index.php?rest_route=%2Fwp%2Fv2%2Ftags&post=1428"}],"curies":[{"name":"wp","href":"https:\/\/api.w.org\/{rel}","templated":true}]}}