{"id":145,"date":"2010-12-27T09:36:00","date_gmt":"2010-12-27T09:36:00","guid":{"rendered":"\/Blogg\/post\/Jul-jul-stralande-jul.aspx"},"modified":"2010-12-27T09:36:00","modified_gmt":"2010-12-27T09:36:00","slug":"jul-jul-stralande-jul","status":"publish","type":"post","link":"https:\/\/blogg.fumei.se\/?p=145","title":{"rendered":"Jul, jul, str\u00e5lande jul&#8230;"},"content":{"rendered":"<p>Julen har b&aring;de kommit och g&aring;tt, och jag har varit urd&aring;lig p&aring; att blogga den senaste tiden, s&aring; nu blir det ett s&aring;nt d&auml;r komprimerande inl&auml;gg igen.<br \/>Jag har som vanligt jobbat en massa, och knappt gjort n&aring;got annat. N&aring;got s&auml;rskilt julpyntande eller fixande har jag inte beh&ouml;vt &auml;gna mig &aring;t, eftersom jag dels inte haft barnen hemma den h&auml;r julen, dels har jobbat julhelgen, och dessutom skulle vi ju utf&ouml;ra sj&auml;lva julfirandet hemma hos mor och far.<br \/>Stj&auml;rnor och stakar har kommit upp, tillsammans med n&aring;gra f&aring; andra prydnader (som julbocken, och krans p&aring; ytterd&ouml;rren), men i &ouml;vrigt l&auml;r det v&auml;l ta sis&aring;d&auml;r en 10 minuter att rensa ut julen h&auml;r hemma.<\/p>\n<p>Julklappar har jag k&ouml;pt, naturligtvis, fattas bara annat. Och hade jag inte gjort det, hade jag f&aring;tt veta att jag lever av ungarna! Visserligen har de inte f&aring;tt sina &auml;n, f&ouml;r vi ska fira efter-jul p&aring; torsddag kv&auml;ll. I vanliga fall brukar vi fira p&aring; ny&aring;rsafton de &aring;ren som barnen &auml;r hos sin pappa p&aring; sj&auml;lva julhelgen, men i &aring;r ska Fia p&aring; tjejkv&auml;ll och sen vidare p&aring; ny&aring;rsfest, s&aring; vi l&auml;gger om planerna lite.<\/p>\n<p>Julhelgens flesta timmar spenderades p&aring; jobbet, d&auml;r vi p&aring; torsdagen fick smaskig t&aring;rta av chefen<\/p>\n<p><img decoding=\"async\" src=\"\/blogg\/image.axd?picture=2010%2f12%2f201012232498.jpg\" alt=\"\" \/><\/p>\n<p>Det var en ganska bra helg, med lagom mycket att g&ouml;ra. N&aring;gra julbebisar fick vi, men vi hann ocks&aring; med att sitta ner och &auml;ta och fika i lugn och ro tillsmammans.<\/p>\n<p>Julaftonskv&auml;llen tillbringade J och jag hemma hos mor och far, med ankstek till middagen och sen lite julklappsutdelning. Mamma och pappa blev v&auml;ldigt glada f&ouml;r sina; jag hade k&ouml;pt dem varsin ny mobil, f&ouml;r deras gamla gick ju knappt att se vad det stod i displayen p&aring;. Moster fick en flaska vin, och J fick ett par jogging\/mysbrallor. Sj&auml;lv fick jag ett halsband och ett presentkort p&aring; Pocketshop.<\/p>\n<p><img decoding=\"async\" src=\"\/blogg\/image.axd?picture=2010%2f12%2fhalsband.jpg\" alt=\"\" \/><\/p>\n<p>P&aring; juldagen efter att J k&ouml;rt mig till stationen i Fkp, fick han sladd p&aring; bilen och r&auml;nde r&auml;tt in i en lyktstolpe, s&aring; bilen m&aring;r inte s&aring; bra just nu. Pappa (som ju &auml;ger bilen) var v&auml;l inte s&aring; n&ouml;jd men som han sa, s&aring; kan man ju inte g&ouml;ra n&aring;t &aring;t att det &auml;r halt ute, om de inte plogar ordentligt eller sandar, s&aring; spelar det ibland ingen roll hur f&ouml;rsiktigt man k&ouml;r.<br \/>Det mesta kunde pappa fixa sj&auml;lv med bilen, men balkarna var b&ouml;jda, s&aring; han ska testk&ouml;ra bilen och se hur den g&aring;r. Vi h&aring;ller tummarna f&ouml;r att den g&aring;r att k&ouml;ra med. Den &auml;r ju r&auml;tt gammal, s&aring; att l&auml;mna in den f&ouml;r lagning kostar mer &auml;n det smakar, och att k&ouml;pa en ny nu, kommer lite fel i planeringen. J sa visserligen att det som ska lagas kommer han att betala, men &auml;nd&aring;.<\/p>\n<p>Eftersom vi inte visste om det gick att k&ouml;ra med bilen, s&aring; fick jag ju ett litet problem vad g&auml;ller jobbet. Det g&aring;r ju inga t&aring;g som passar mina eftermiddagspass p&aring; s&ouml;ndagar, s&aring; jag skulle ju bli k&ouml;rd till Fkp och stationen &auml;ven p&aring; Annandagen, men jag f&ouml;reslog f&ouml;r sektionsledaren att antingen flytta mig fr&aring;n em till fm, s&aring; kunde jag sova p&aring; jobbet ooch sen &aring;ka hem p&aring; em, eller ge mig en semesterdag.<br \/>Hon drog ut p&aring; det valet in i det l&auml;ngsta, men s&aring; ringde en kollega och ber&auml;ttade att hon brutit benet, s&aring; jag fick min semesterdag mot att jag g&aring;r in och g&ouml;r ett par n&auml;tter f&ouml;r att t&auml;cka upp de luckor som blir nu.<\/p>\n<p>S&aring; ig&aring;r blev det f&ouml;rsenad juldagslunch hemma hos mor och far. F&ouml;r J:s del var det nog lite ensidigt, f&ouml;r han &auml;ter (av n&aring;n anledning) inte fl&auml;skk&ouml;tt, s&aring; han fick n&ouml;tk&ouml;ttbullar, rostbiff, &auml;gg och tomater. ja han &auml;ter ju inte sill eller r&ouml;kt lax heller. Kr&auml;sen karl jag skaffat mig&#8230;<\/p>\n<p>P&aring; kv&auml;llen kom Fia och Robin hem, den ena f&ouml;rsvann in p&aring; sitt rum f&ouml;r att spela Xbox &#8211; han fick Assassins Creed III i julklapp &#8211; och den andra f&ouml;rsvann ut med n&aring;gra kompisar. Jag fick min julklapp fr&aring;n dem ocks&aring;; ett par gr&ouml;na lyktglas att ha sm&aring; blockljus i.<\/p>\n<p><img decoding=\"async\" src=\"\/blogg\/image.axd?picture=2010%2f12%2f201012272533.jpg\" alt=\"\" \/><\/p>\n<p>Idag &auml;r det slappa som g&auml;ller, f&ouml;r inatt blir det f&ouml;rsta nattpasset. Det sn&ouml;ar (surprise, surprise) och bl&aring;ser, s&aring; en promenad l&auml;r inte bli s&aring; behaglig, men en tur till ICA f&aring;r det &auml;nd&aring; bli.<\/p>\n<p>Om ni vill se fler bilder kan ni kika i <a href=\"http:\/\/www.facebook.com\/album.php?aid=257475&amp;id=525427107&amp;l=716d920f2a\" target=\"_blank\"><strong>[mina album]<\/strong><\/a> p&aring; Facebook.<\/p>\n<p>&nbsp;<\/p>\n","protected":false},"excerpt":{"rendered":"<p>Julen har b&aring;de kommit och g&aring;tt, och jag har varit urd&aring;lig p&aring; att blogga den senaste tiden, s&aring; nu blir det ett s&aring;nt d&auml;r komprimerande inl&auml;gg igen.Jag har som vanligt jobbat en massa, och knappt gjort n&aring;got annat. N&aring;got s&auml;rskilt julpyntande eller fixande har jag inte beh&ouml;vt &auml;gna mig &aring;t, eftersom jag dels inte haft&#8230;<\/p>\n","protected":false},"author":1,"featured_media":0,"comment_status":"open","ping_status":"open","sticky":false,"template":"","format":"standard","meta":{"jetpack_post_was_ever_published":false,"_jetpack_newsletter_access":"","_jetpack_dont_email_post_to_subs":false,"_jetpack_newsletter_tier_id":0,"_jetpack_memberships_contains_paywalled_content":false,"_jetpack_memberships_contains_paid_content":false,"footnotes":"","jetpack_publicize_message":"","jetpack_publicize_feature_enabled":true,"jetpack_social_post_already_shared":false,"jetpack_social_options":{"image_generator_settings":{"template":"highway","default_image_id":0,"font":"","enabled":false},"version":2}},"categories":[47],"tags":[],"class_list":["post-145","post","type-post","status-publish","format-standard","hentry","category-vardagsliv"],"jetpack_publicize_connections":[],"jetpack_featured_media_url":"","jetpack_shortlink":"https:\/\/wp.me\/p3qko4-2l","jetpack_sharing_enabled":true,"jetpack_likes_enabled":true,"jetpack-related-posts":[{"id":1742,"url":"https:\/\/blogg.fumei.se\/?p=1742","url_meta":{"origin":145,"position":0},"title":"Dan f\u00f6re dan, f\u00f6re dan, f\u00f6re&#8230;","author":"M :)","date":"2011-11-14","format":false,"excerpt":"Ja nu \u00e4r det knappt en och en halv m\u00e5nad kvar till julafton, det \u00e4r sv\u00e5rt att tro det, men almanackan ljuger ju s\u00e4llan (aldrig...). I \u00e5r \u00e4r det mitt lags tur att slippa jobba julen, och det \u00e4r min tur att ha barnen hemma p\u00e5 jul, det \u00e4r ju\u2026","rel":"","context":"I \u201dVardagsliv\u201d","block_context":{"text":"Vardagsliv","link":"https:\/\/blogg.fumei.se\/?cat=47"},"img":{"alt_text":"","src":"","width":0,"height":0},"classes":[]},{"id":715,"url":"https:\/\/blogg.fumei.se\/?p=715","url_meta":{"origin":145,"position":1},"title":"Snart \u00e4r glada julen slut, slut, slut&#8230;","author":"M :)","date":"2008-12-26","format":false,"excerpt":"...bara n\u00e5gra f\u00e5 timmar kvar av sj\u00e4lva julen. Men det g\u00f6r inget, jag brukar oftast vara tr\u00f6tt p\u00e5 julen redan innan den b\u00f6rjat. Mest f\u00f6r att det \u00e4r s\u00e5nt tjat och s\u00e5n hysteri kring allting som har med julen att g\u00f6ra, helst i flera m\u00e5nader i f\u00f6rv\u00e4g. Snart \u00e4r det\u2026","rel":"","context":"I \u201dVardagsliv\u201d","block_context":{"text":"Vardagsliv","link":"https:\/\/blogg.fumei.se\/?cat=47"},"img":{"alt_text":"","src":"","width":0,"height":0},"classes":[]},{"id":730,"url":"https:\/\/blogg.fumei.se\/?p=730","url_meta":{"origin":145,"position":2},"title":"Setting the mood","author":"M :)","date":"2008-12-19","format":false,"excerpt":"Jag \u00e4r uppe och kanske tom lite vaken, trots att jag egentligen vill ligga kvar ett par timmar till i min sk\u00f6na varma s\u00e4ng. Bara ligga under t\u00e4cket och dra mig, l\u00e4sa lite och kanske sova en stund till. Ute \u00e4r det gr\u00e5tt, kallt och bl\u00f6tt. Allt som ens tydde\u2026","rel":"","context":"I \u201dVardagsliv\u201d","block_context":{"text":"Vardagsliv","link":"https:\/\/blogg.fumei.se\/?cat=47"},"img":{"alt_text":"","src":"","width":0,"height":0},"classes":[]},{"id":1887,"url":"https:\/\/blogg.fumei.se\/?p=1887","url_meta":{"origin":145,"position":3},"title":"Lite stress f\u00e5r det nog bli \u00e4nd\u00e5","author":"M :)","date":"2011-12-21","format":false,"excerpt":"Jobbar ju r\u00e4tt mycket de h\u00e4r sista dagarna innan jul, s\u00e5 de lediga stunder jag har blir ganska v\u00e4lfyllda med s\u00e5nt som ska g\u00f6ras. Men jag \u00e4r bra p\u00e5 att delegera d\u00e4r hemma s\u00e5 lite blir gjort \u00e4ven av dem! Idag \u00e4r en s\u00e5n d\u00e4r \"mellandag\" n\u00e4r man inte beh\u00f6ver\u2026","rel":"","context":"I \u201dVardagsliv\u201d","block_context":{"text":"Vardagsliv","link":"https:\/\/blogg.fumei.se\/?cat=47"},"img":{"alt_text":"","src":"","width":0,"height":0},"classes":[]},{"id":1221,"url":"https:\/\/blogg.fumei.se\/?p=1221","url_meta":{"origin":145,"position":4},"title":"Jul-lista","author":"M :)","date":"2009-12-10","format":false,"excerpt":"Det var l\u00e4ngesen, s\u00e5 nu blir det lista igen. Den h\u00e4r har jag l\u00e5nat ifr\u00e5n\u00a0LiveLoveLearn.\u00a0 H\u00f6gst upp p\u00e5 \u00f6nskelistan: Diskmaskin ligger bra till, men b\u00f6cker och pengar sl\u00e5r nog \u00e4ven en diskmaskin.Detta vill jag inte ha i jul: Vaser och sk\u00e5lar och prydnadssaker och annat som bara st\u00e5r i sk\u00e5pen\u2026","rel":"","context":"I \u201dVardagsliv\u201d","block_context":{"text":"Vardagsliv","link":"https:\/\/blogg.fumei.se\/?cat=47"},"img":{"alt_text":"","src":"","width":0,"height":0},"classes":[]},{"id":2857,"url":"https:\/\/blogg.fumei.se\/?p=2857","url_meta":{"origin":145,"position":5},"title":"Dan f\u00f6re dan f\u00f6re&#8230;","author":"M :)","date":"2012-12-19","format":false,"excerpt":"\u00c4n \u00e4r det n\u00e5gra dagar kvar till jul, men vips s\u00e5 \u00e4r den h\u00e4r och lika vips \u00e4r den \u00f6ver. Jag har stressat \u00f6ver att jag skulle jobba s\u00e5 himla mycket f\u00f6re, mellan, under och efter jul och ny\u00e5rshelgerna att jag n\u00e4stan gl\u00f6mde att jag ju \u00e4r ledig i tre\u2026","rel":"","context":"I \u201dB\u00f6cker och l\u00e4sning\u201d","block_context":{"text":"B\u00f6cker och l\u00e4sning","link":"https:\/\/blogg.fumei.se\/?cat=29"},"img":{"alt_text":"reservationerdecember12","src":"https:\/\/i0.wp.com\/blogg.fumei.se\/wp-content\/uploads\/2012\/12\/reservationerdecember12-180x180.jpg?resize=350%2C200","width":350,"height":200},"classes":[]}],"_links":{"self":[{"href":"https:\/\/blogg.fumei.se\/index.php?rest_route=\/wp\/v2\/posts\/145","targetHints":{"allow":["GET"]}}],"collection":[{"href":"https:\/\/blogg.fumei.se\/index.php?rest_route=\/wp\/v2\/posts"}],"about":[{"href":"https:\/\/blogg.fumei.se\/index.php?rest_route=\/wp\/v2\/types\/post"}],"author":[{"embeddable":true,"href":"https:\/\/blogg.fumei.se\/index.php?rest_route=\/wp\/v2\/users\/1"}],"replies":[{"embeddable":true,"href":"https:\/\/blogg.fumei.se\/index.php?rest_route=%2Fwp%2Fv2%2Fcomments&post=145"}],"version-history":[{"count":0,"href":"https:\/\/blogg.fumei.se\/index.php?rest_route=\/wp\/v2\/posts\/145\/revisions"}],"wp:attachment":[{"href":"https:\/\/blogg.fumei.se\/index.php?rest_route=%2Fwp%2Fv2%2Fmedia&parent=145"}],"wp:term":[{"taxonomy":"category","embeddable":true,"href":"https:\/\/blogg.fumei.se\/index.php?rest_route=%2Fwp%2Fv2%2Fcategories&post=145"},{"taxonomy":"post_tag","embeddable":true,"href":"https:\/\/blogg.fumei.se\/index.php?rest_route=%2Fwp%2Fv2%2Ftags&post=145"}],"curies":[{"name":"wp","href":"https:\/\/api.w.org\/{rel}","templated":true}]}}