{"id":147,"date":"2010-12-17T12:10:00","date_gmt":"2010-12-17T12:10:00","guid":{"rendered":"\/Blogg\/post\/Idag-sager-vi-GRATTIS.aspx"},"modified":"2010-12-17T12:10:00","modified_gmt":"2010-12-17T12:10:00","slug":"idag-sager-vi-grattis","status":"publish","type":"post","link":"https:\/\/blogg.fumei.se\/?p=147","title":{"rendered":"Idag s\u00e4ger vi GRATTIS"},"content":{"rendered":"<p>till Emma som f&aring;r kliva i vuxenskorna p&aring; riktigt nu \ud83d\ude09<\/p>\n<p>&nbsp;<\/p>\n<p><img decoding=\"async\" src=\"\/blogg\/image.axd?picture=2010%2f12%2femma30.png\" alt=\"\" \/><\/p>\n","protected":false},"excerpt":{"rendered":"<p>till Emma som f&aring;r kliva i vuxenskorna p&aring; riktigt nu \ud83d\ude09 &nbsp;<\/p>\n","protected":false},"author":1,"featured_media":0,"comment_status":"open","ping_status":"open","sticky":false,"template":"","format":"standard","meta":{"jetpack_post_was_ever_published":false,"_jetpack_newsletter_access":"","_jetpack_dont_email_post_to_subs":false,"_jetpack_newsletter_tier_id":0,"_jetpack_memberships_contains_paywalled_content":false,"_jetpack_memberships_contains_paid_content":false,"footnotes":"","jetpack_publicize_message":"","jetpack_publicize_feature_enabled":true,"jetpack_social_post_already_shared":false,"jetpack_social_options":{"image_generator_settings":{"template":"highway","default_image_id":0,"font":"","enabled":false},"version":2}},"categories":[47],"tags":[],"class_list":["post-147","post","type-post","status-publish","format-standard","hentry","category-vardagsliv"],"jetpack_publicize_connections":[],"jetpack_featured_media_url":"","jetpack_shortlink":"https:\/\/wp.me\/p3qko4-2n","jetpack_sharing_enabled":true,"jetpack_likes_enabled":true,"jetpack-related-posts":[{"id":1213,"url":"https:\/\/blogg.fumei.se\/?p=1213","url_meta":{"origin":147,"position":0},"title":"Idag \u00e4r ingen vanlig dag&#8230;","author":"M :)","date":"2009-12-17","format":false,"excerpt":"...f\u00f6r idag \u00e4r det Emmas f\u00f6delsedag! Grattis p\u00e5 20-\u00e5rsdagen fr\u00e5n oss h\u00e4r i bonnh\u00e5lan! ;)","rel":"","context":"I \u201dVardagsliv\u201d","block_context":{"text":"Vardagsliv","link":"https:\/\/blogg.fumei.se\/?cat=47"},"img":{"alt_text":"","src":"","width":0,"height":0},"classes":[]},{"id":733,"url":"https:\/\/blogg.fumei.se\/?p=733","url_meta":{"origin":147,"position":1},"title":"Hurra hurra hurra","author":"M :)","date":"2008-12-17","format":false,"excerpt":"f\u00f6r det \u00e4r Emmas dag idag! Grattis p\u00e5 f\u00f6delsedagen!","rel":"","context":"I \u201dVardagsliv\u201d","block_context":{"text":"Vardagsliv","link":"https:\/\/blogg.fumei.se\/?cat=47"},"img":{"alt_text":"","src":"","width":0,"height":0},"classes":[]},{"id":1147,"url":"https:\/\/blogg.fumei.se\/?p=1147","url_meta":{"origin":147,"position":2},"title":"T\u00e5rtkalas","author":"M :)","date":"2009-10-18","format":false,"excerpt":"Inte h\u00e4r, men tydligen i V\u00e4xj\u00f6. Idag n\u00e4r Silvio fyller 37 \u00e5r. (Du kan gl\u00f6mma att jag skriver 26, som Emma gjorde moahahhahaaa) GRATTIS!!!","rel":"","context":"I \u201dVardagsliv\u201d","block_context":{"text":"Vardagsliv","link":"https:\/\/blogg.fumei.se\/?cat=47"},"img":{"alt_text":"","src":"","width":0,"height":0},"classes":[]},{"id":116,"url":"https:\/\/blogg.fumei.se\/?p=116","url_meta":{"origin":147,"position":3},"title":"F\u00f6delsedag i kvadrat","author":"M :)","date":"2011-01-17","format":false,"excerpt":"Idag fyller jag \u00e5r. Hipp hurra. Men - \u00e4ven bus-Victor fyller \u00e5r idag! Hela 2 \u00e5r har han hunnit bli! Grattis och dubbel-hurra!! \u00a0 Men det \u00e4r inte slut d\u00e4r...f\u00f6r det var ju en liten Lovisafr\u00f6ken som inte fick en ordentlig scrap p\u00e5 sin f\u00f6delsedag, s\u00e5 den kommer h\u00e4r: (nej,\u2026","rel":"","context":"I \u201dVardagsliv\u201d","block_context":{"text":"Vardagsliv","link":"https:\/\/blogg.fumei.se\/?cat=47"},"img":{"alt_text":"","src":"","width":0,"height":0},"classes":[]},{"id":7152,"url":"https:\/\/blogg.fumei.se\/?p=7152","url_meta":{"origin":147,"position":4},"title":"Idag \u00e4r det pappornas dag","author":"M :)","date":"2024-11-10","format":false,"excerpt":"S\u00e5 grattis p\u00e5 fars dag, alla pappor som varje dag skjutsar, peppar, pushar, roar, uppfostrar och \u00e4lskar sina barn, men \u00e4ven de pappor som inte f\u00e5r lov eller har m\u00f6jlighet att g\u00f6ra alla dess saker.\u2028Idag \u00e4r ocks\u00e5 en dag att minnas de pappor som inte l\u00e4ngre finns hos oss. Till\u2026","rel":"","context":"I \u201dFamiljen\u201d","block_context":{"text":"Familjen","link":"https:\/\/blogg.fumei.se\/?cat=34"},"img":{"alt_text":"","src":"https:\/\/i0.wp.com\/blogg.fumei.se\/wp-content\/uploads\/2024\/12\/FD1BFEBF-960E-4B6A-846F-D74A99873057_1_102_o.jpeg?resize=350%2C200&ssl=1","width":350,"height":200,"srcset":"https:\/\/i0.wp.com\/blogg.fumei.se\/wp-content\/uploads\/2024\/12\/FD1BFEBF-960E-4B6A-846F-D74A99873057_1_102_o.jpeg?resize=350%2C200&ssl=1 1x, https:\/\/i0.wp.com\/blogg.fumei.se\/wp-content\/uploads\/2024\/12\/FD1BFEBF-960E-4B6A-846F-D74A99873057_1_102_o.jpeg?resize=525%2C300&ssl=1 1.5x, https:\/\/i0.wp.com\/blogg.fumei.se\/wp-content\/uploads\/2024\/12\/FD1BFEBF-960E-4B6A-846F-D74A99873057_1_102_o.jpeg?resize=700%2C400&ssl=1 2x, https:\/\/i0.wp.com\/blogg.fumei.se\/wp-content\/uploads\/2024\/12\/FD1BFEBF-960E-4B6A-846F-D74A99873057_1_102_o.jpeg?resize=1050%2C600&ssl=1 3x"},"classes":[]},{"id":1240,"url":"https:\/\/blogg.fumei.se\/?p=1240","url_meta":{"origin":147,"position":5},"title":"Grattis Lovisa!","author":"M :)","date":"2010-01-09","format":false,"excerpt":"Idag fyller busungen hela 2 \u00e5r! T\u00e4nk att tiden kan g\u00e5 s\u00e5 fort!Stor grattiskram fr\u00e5n faster och kusinerna! (Sitter p\u00e5 jobbets dator och skriver detta, och den d\u00e4r ber\u00f6mda bilden jag alltid bruklar fixa till lagom till inl\u00e4gget ska publiceras, det ligger p\u00e5 min egen dator, s\u00e5 det l\u00e4gger jag\u2026","rel":"","context":"I \u201dVardagsliv\u201d","block_context":{"text":"Vardagsliv","link":"https:\/\/blogg.fumei.se\/?cat=47"},"img":{"alt_text":"","src":"","width":0,"height":0},"classes":[]}],"_links":{"self":[{"href":"https:\/\/blogg.fumei.se\/index.php?rest_route=\/wp\/v2\/posts\/147","targetHints":{"allow":["GET"]}}],"collection":[{"href":"https:\/\/blogg.fumei.se\/index.php?rest_route=\/wp\/v2\/posts"}],"about":[{"href":"https:\/\/blogg.fumei.se\/index.php?rest_route=\/wp\/v2\/types\/post"}],"author":[{"embeddable":true,"href":"https:\/\/blogg.fumei.se\/index.php?rest_route=\/wp\/v2\/users\/1"}],"replies":[{"embeddable":true,"href":"https:\/\/blogg.fumei.se\/index.php?rest_route=%2Fwp%2Fv2%2Fcomments&post=147"}],"version-history":[{"count":0,"href":"https:\/\/blogg.fumei.se\/index.php?rest_route=\/wp\/v2\/posts\/147\/revisions"}],"wp:attachment":[{"href":"https:\/\/blogg.fumei.se\/index.php?rest_route=%2Fwp%2Fv2%2Fmedia&parent=147"}],"wp:term":[{"taxonomy":"category","embeddable":true,"href":"https:\/\/blogg.fumei.se\/index.php?rest_route=%2Fwp%2Fv2%2Fcategories&post=147"},{"taxonomy":"post_tag","embeddable":true,"href":"https:\/\/blogg.fumei.se\/index.php?rest_route=%2Fwp%2Fv2%2Ftags&post=147"}],"curies":[{"name":"wp","href":"https:\/\/api.w.org\/{rel}","templated":true}]}}