{"id":148,"date":"2010-12-07T20:45:00","date_gmt":"2010-12-07T20:45:00","guid":{"rendered":"\/Blogg\/post\/Ibland-hinner-jag-inte-med.aspx"},"modified":"2010-12-07T20:45:00","modified_gmt":"2010-12-07T20:45:00","slug":"ibland-hinner-jag-inte-med","status":"publish","type":"post","link":"https:\/\/blogg.fumei.se\/?p=148","title":{"rendered":"Ibland hinner jag inte med&#8230;"},"content":{"rendered":"<p>Vssa dagar har jag s&aring; mycket p&aring; att-g&ouml;ra-listan att jag skulle beh&ouml;va n&aring;gra timmar till p&aring; dygnet, andra dagar tycker jag tiden sniglar sig fram trots att jag har fullt upp hela tiden. Vissa dagar har jag hur mycket ork och energi som helst, men inget att skriva om i bloggen, andra dagar &auml;r jag s&aring; tr&ouml;tt att jag bara vill kura ihop mig till en boll under t&auml;cket, trots att jag egentligen har n&aring;got att skriva om.<br \/>S&aring; d&auml;rf&ouml;r f&aring;r ni idag ett inl&auml;gg som handlar om lite av varje och t&auml;cker flera dagar.<\/p>\n<p>I torsdags var jag p&aring; EVK &#8211; elevv&aring;rdskonferens &#8211; f&ouml;r dottern. Hon har ju inte direkt varit aktiv och flitig i skolan, och med 52% fr&aring;nvaro s&aring; var det dags att vidta &aring;tg&auml;rder. Vi (jag, Fia, rektor och mentor) samlades och s&aring; fick Fia ber&auml;tta varf&ouml;r hon inte sk&ouml;ter skolan. D&auml;refter gav rektor henne tv&aring; val; sk&auml;rpa till sig och b&ouml;rja sk&ouml;ta skolan eller hoppa av och antingen b&ouml;rja om igen till h&ouml;sten i &aring;k 1 eller skaffa ett jobb. B&ouml;rja om ville on inte g&ouml;ra en g&aring;ng till, hon har ju redan b&ouml;rjat om f&ouml;r att hon bytt program. Jobba blir sv&aring;rt, f&ouml;r det &auml;r inte m&aring;nga som anst&auml;ller en 17-&aring;ring som inte har vare sig betyg, utbildning eller erfarenhet. <br \/>S&aring; hon valde att sk&auml;rpa till sig. Utifr&aring;n det valet diskuterade vi sen fram olika alternativ f&ouml;r att underl&auml;tta f&ouml;r henne att sk&ouml;ta skolan. En stor hj&auml;lp f&aring;r hon s&auml;kert i och med att hon nu har glas&ouml;gon. Vi var till optikern f&ouml;r att hon st&auml;ndigt har huvudv&auml;rk, och minsann &#8211; hade hon inte ett litet synfel!<br \/>Nu ska man ju inte ta ut n&aring;got i f&ouml;rskott, men de h&auml;r dagarna som har g&aring;tt sedan dess har hon faktiskt sk&ouml;tt sig, s&aring; jag hoppasm hoppas att det h&aring;ller i sig, att hon m&auml;rker att det faktiskt kan vara b&aring;de roligt och givande att se hur bra det g&aring;r i skolan, att hon l&auml;r sig saker och att hon kommer in i en rutin.<\/p>\n<p>Efter m&ouml;tet &aring;kte jag in till SK&ouml;vde centrum och snokade upp en frissa p&aring; en tv&auml;rgata, s&aring; nu har jag inte bara 20 cm kortare h&aring;r, jag har dessutom lugg. Igen. Fia sk&auml;llde lite p&aring; mig f&ouml;r hon tycker inte att jag ska ha lugg p&aring; vintern, men jag trivs r&auml;tt bra i lugg, och dessutom &auml;r det ju <em>mitt <\/em>h&aring;r&#8230;<br \/>D&auml;refter m&ouml;tte jag upp J som kom fr&aring;n skolan, och s&aring; letade vi st&ouml;vlar &aring;t mig. Nu &auml;r det ju dessv&auml;rre s&aring; att mina ben &auml;r lite underligt utformade: breda f&ouml;tter, smala smalben och kraftiga vader. Inte v&auml;rldens b&auml;sta kombination n&auml;r man ska k&ouml;pa st&ouml;vlar. S&auml;rskilt inte om man vill ha ett par snygga st&ouml;vlar som inte kostar skjortan. Jag provade och provade, men antingen var de f&ouml;r smala i skaftet eller s&aring; hade de f&ouml;r l&aring;ga valv s&aring; jag inte fick i sj&auml;lva foten. S&aring; jag gav upp.<\/p>\n<p>I l&ouml;rdags var jag p&aring; julfest med jobbet. Temat var julglamour, men jag k&auml;nde mig inte s&aring; glamour&ouml;s, mest f&ouml;r att jag k&auml;nner mig lite tjock och inte tycker att kl&auml;derna sitter ok, s&aring; det blev leggings och en tunika och mina gamla st&ouml;vlar (som jag egentligen inte kan g&aring; i ute n&auml;r det &auml;r sn&ouml; f&ouml;r det &auml;r en h&aring;rd plastsula s&aring; jag g&aring;r som om jag gjort p&aring; mig). Fia lockade mitt h&aring;r och s&aring; sl&auml;ngde jag p&aring; lite smink &#8211; det fick bli min glamour.<br \/>N&auml;r jag kom fram till Gbg skulle jag g&aring; till Brunnsparken via Femmanhuset f&ouml;r att ta sp&aring;rvagnen till Slottskogen d&auml;r vi skulle ha festen. M&auml;r jag paserade Din Sko ser jag st&ouml;vlarna! De bara h&auml;ngde d&auml;r och v&auml;ntade p&aring; mig! Jag provade, de passade (s&aring;klart, eftersom de v&auml;ntade p&aring; mig), jag betalade och &aring;kte iv&auml;g. Och jag &auml;r sjukt n&ouml;jd med mina nya, snygga st&ouml;vlar!<\/p>\n<p><img decoding=\"async\" src=\"\/blogg\/image.axd?picture=2010%2f12%2f201012072472.jpg\" alt=\"\" \/><\/p>\n<p>I l&ouml;rdags hann vi &auml;ven med att g&aring; p&aring; secondhand p&aring; f&ouml;rmiddagen. Vi var v&auml;l egentligen ute efter l&auml;ngdskidor, men det fanns inga bra, s&aring; vi lade pengarna p&aring; ett par bokhyllor ist&auml;llet. Himla fina och precis vad vi beh&ouml;vde, s&aring; i m&aring;ndags for pappa och J och h&auml;mtade dem och nu har vi m&ouml;blerat om lite i vardagsrummet\/sovrummet, och jag har dessutom f&aring;tt upp alla b&ouml;cker i hyllorna och vi slipper snubbla &ouml;ver boktravar p&aring; golvet. Ett tag i alla fall&#8230;<br \/>S&aring; h&auml;r s&aring;g det ut innan:<\/p>\n<p><img decoding=\"async\" src=\"\/blogg\/image.axd?picture=2010%2f12%2f201012052458.jpg\" alt=\"\" \/><\/p>\n<p><img decoding=\"async\" src=\"\/blogg\/image.axd?picture=2010%2f12%2f201012052457.jpg\" alt=\"\" \/><\/p>\n<p>och s&aring; h&auml;r ser det ut nu:<\/p>\n<p><img decoding=\"async\" src=\"\/blogg\/image.axd?picture=2010%2f12%2f201012072469.jpg\" alt=\"\" \/><\/p>\n<p><img decoding=\"async\" src=\"\/blogg\/image.axd?picture=2010%2f12%2f201012072470.jpg\" alt=\"\" \/><\/p>\n<p>S&ouml;ndagen &auml;gnades &aring;t pyssel och omm&ouml;blering. Resultatet av pysslet blev en adventsljusstake och en krans till d&ouml;rren.<br \/>Ljusstaken gjorde jag av en br&ouml;dform som jag &auml;nd&aring; aldrig anv&auml;nder att baka i, lite oasis, en hyacint, fyra ljus, vitmossa, en kotte och en tomte. Formens utsida kl&auml;dde jag med vanlig aluminiumfolie och sen band jag ett r&ouml;tt bastsn&ouml;re runt.<br \/>Kransen &auml;r buxbom virad p&aring; hj&auml;rtformad stomme av st&aring;l och s&aring; kn&ouml;t jag i ett band med texten God Jul att h&auml;nga den i.<br \/>Enkelt, men fyller sina funktioner och jag blev ganska n&ouml;jd!<\/p>\n<p><img decoding=\"async\" src=\"\/blogg\/image.axd?picture=2010%2f12%2f201012052460.jpg\" alt=\"\" \/><\/p>\n<p><img decoding=\"async\" src=\"\/blogg\/image.axd?picture=2010%2f12%2f201012052456.jpg\" alt=\"\" \/><\/p>\n<p>Idag till middag var det dags att buzza lite f&ouml;r Santa Maria Thai. Jag strimlade kyckling och stekte upp, &ouml;ste i en halv p&aring;se frysta wokgr&ouml;nsaker och l&auml;t det steka en stund till. Sen h&auml;llde jag i en p&aring;se kryddmix och en bur kokosmj&ouml;lk och l&auml;t det hela koka ihop ett par minuter. Till sist blandade jag alltihop med ett paket uppkokta nudlar och serverade. Det var verkligen mums! Imorgon &auml;r det Sara p&aring; jobbet som f&aring;r njuta av det, jeg f&aring;r se till att buzza arbetskamraterna ocks&aring;. Familjen &auml;r redan fr&auml;lst.<\/p>\n<p><img decoding=\"async\" src=\"\/blogg\/image.axd?picture=2010%2f12%2f201012072465.jpg\" alt=\"\" \/><\/p>\n<p><img decoding=\"async\" src=\"\/blogg\/image.axd?picture=2010%2f12%2f201012072468.jpg\" alt=\"\" \/><\/p>\n<p>Idag fick jag &auml;ven min v&auml;rdecheck f&ouml;r Arlas smaksatta gr&auml;dde, s&aring; imorgon ska jag se till att k&ouml;pa hem inf&ouml;r helgen.<\/p>\n<p><img decoding=\"async\" src=\"\/blogg\/image.axd?picture=2010%2f12%2f201012072466.jpg\" alt=\"\" \/><\/p>\n<p>Nu &auml;r det snart dags f&ouml;r s&auml;ngen, f&ouml;r jag har en dundrande huvudv&auml;rk, men den har jag haft sedan i fredags, s&aring; nu &auml;r jag ganska van. Har den inte f&ouml;rsvunnit tills p&aring; torsdag morgon ska jag ringa v&aring;rdcentralen. Jag lovar. Men f&ouml;rst ska jag krypa ner och l&auml;sa lite.<\/p>\n","protected":false},"excerpt":{"rendered":"<p>Vssa dagar har jag s&aring; mycket p&aring; att-g&ouml;ra-listan att jag skulle beh&ouml;va n&aring;gra timmar till p&aring; dygnet, andra dagar tycker jag tiden sniglar sig fram trots att jag har fullt upp hela tiden. Vissa dagar har jag hur mycket ork och energi som helst, men inget att skriva om i bloggen, andra dagar &auml;r jag&#8230;<\/p>\n","protected":false},"author":1,"featured_media":0,"comment_status":"open","ping_status":"open","sticky":false,"template":"","format":"standard","meta":{"jetpack_post_was_ever_published":false,"_jetpack_newsletter_access":"","_jetpack_dont_email_post_to_subs":false,"_jetpack_newsletter_tier_id":0,"_jetpack_memberships_contains_paywalled_content":false,"_jetpack_memberships_contains_paid_content":false,"footnotes":"","jetpack_publicize_message":"","jetpack_publicize_feature_enabled":true,"jetpack_social_post_already_shared":false,"jetpack_social_options":{"image_generator_settings":{"template":"highway","default_image_id":0,"font":"","enabled":false},"version":2}},"categories":[47],"tags":[],"class_list":["post-148","post","type-post","status-publish","format-standard","hentry","category-vardagsliv"],"jetpack_publicize_connections":[],"jetpack_featured_media_url":"","jetpack_shortlink":"https:\/\/wp.me\/p3qko4-2o","jetpack_sharing_enabled":true,"jetpack_likes_enabled":true,"jetpack-related-posts":[{"id":3668,"url":"https:\/\/blogg.fumei.se\/?p=3668","url_meta":{"origin":148,"position":0},"title":"Sjung om studentens&#8230;","author":"M :)","date":"2015-06-11","format":false,"excerpt":"\u00a0 I fredags hade vi studentfirande h\u00e4r i huset. Eller ja, inte h\u00e4r i huset, utan i huset d\u00e4r den studentande sonen bor. F\u00f6r han bor ju numera inte h\u00e4r hos mig, utan \u00e4r inneboende hos sin mormor och morfar. Detta f\u00f6r att han inte ville byta skola n\u00e4r det\u2026","rel":"","context":"I \u201dFamiljen\u201d","block_context":{"text":"Familjen","link":"https:\/\/blogg.fumei.se\/?cat=34"},"img":{"alt_text":"","src":"https:\/\/i0.wp.com\/blogg.fumei.se\/wp-content\/uploads\/2015\/06\/2015-06-04-18.37.jpg?fit=800%2C1200&ssl=1&resize=350%2C200","width":350,"height":200,"srcset":"https:\/\/i0.wp.com\/blogg.fumei.se\/wp-content\/uploads\/2015\/06\/2015-06-04-18.37.jpg?fit=800%2C1200&ssl=1&resize=350%2C200 1x, https:\/\/i0.wp.com\/blogg.fumei.se\/wp-content\/uploads\/2015\/06\/2015-06-04-18.37.jpg?fit=800%2C1200&ssl=1&resize=525%2C300 1.5x, https:\/\/i0.wp.com\/blogg.fumei.se\/wp-content\/uploads\/2015\/06\/2015-06-04-18.37.jpg?fit=800%2C1200&ssl=1&resize=700%2C400 2x"},"classes":[]},{"id":2431,"url":"https:\/\/blogg.fumei.se\/?p=2431","url_meta":{"origin":148,"position":1},"title":"Skolavslutning","author":"M :)","date":"2012-06-17","format":false,"excerpt":"I fredags var det dags f\u00f6r Robin att sluta nian. Fattar inte vart tiden tar v\u00e4gen, det \u00e4r ju inte alls l\u00e4ngesedan jag hade tv\u00e5 sm\u00e5 husmonster som sprang omkring med dockvagnar, Barbie och lego!?! Till allas gl\u00e4dje bj\u00f6d fredagen p\u00e5 sol och n\u00e4stan helt bl\u00e5 himmel dagen till \u00e4ra,\u2026","rel":"","context":"I \u201dVardagsliv\u201d","block_context":{"text":"Vardagsliv","link":"https:\/\/blogg.fumei.se\/?cat=47"},"img":{"alt_text":"","src":"https:\/\/i0.wp.com\/blogg.fumei.se\/wp-content\/uploads\/2012\/06\/1.jpg?resize=350%2C200","width":350,"height":200},"classes":[]},{"id":702,"url":"https:\/\/blogg.fumei.se\/?p=702","url_meta":{"origin":148,"position":2},"title":"Utvecklande invecklingar","author":"M :)","date":"2008-11-03","format":false,"excerpt":"Nyss hemkommen fr\u00e5n Robins skola, d\u00e4r jag (vi) varit p\u00e5 utvecklingssamtal. Det var inte s\u00e5 mycket nytt, han sk\u00f6ter sig och g\u00f6r bra ifr\u00e5n sig i alla \u00e4mnen. Som vanligt h\u00f6ll jag p\u00e5 att s\u00e4ga, f\u00f6r det har n\u00e4stan bara varit den responsen sen han b\u00f6rjade skolan. Det \u00e4r v\u00e4ldigt\u2026","rel":"","context":"I \u201dVardagsliv\u201d","block_context":{"text":"Vardagsliv","link":"https:\/\/blogg.fumei.se\/?cat=47"},"img":{"alt_text":"","src":"","width":0,"height":0},"classes":[]},{"id":2339,"url":"https:\/\/blogg.fumei.se\/?p=2339","url_meta":{"origin":148,"position":3},"title":"R\u00e4ck upp en hand","author":"M :)","date":"2012-05-11","format":false,"excerpt":"alla som n\u00e5gon g\u00e5ng sjungit svenska nationals\u00e5ngen p\u00e5 skolavslutningen! Upplysningsvis kan jag s\u00e4ga att sj\u00e4lv har jag nog aldrig gjort det vad jag kan minnas, d\u00e4remot fick jag l\u00e4ra mig den i l\u00e5g- eller mellanstadiet, men p\u00e5 skolavslutningarna sj\u00f6ng vi alltid ett antal psalmer, tex Den blomstertid nu kommer, I\u2026","rel":"","context":"I \u201dVardagsliv\u201d","block_context":{"text":"Vardagsliv","link":"https:\/\/blogg.fumei.se\/?cat=47"},"img":{"alt_text":"","src":"","width":0,"height":0},"classes":[]},{"id":252,"url":"https:\/\/blogg.fumei.se\/?p=252","url_meta":{"origin":148,"position":4},"title":"Sn\u00e5lbl\u00e5st","author":"M :)","date":"2010-04-13","format":false,"excerpt":"Solen sken idag ocks\u00e5, men det bl\u00e5ste fasligt kallt, s\u00e5 det var n\u00e4stan l\u00e4ge f\u00f6r jacka igen, men jag h\u00e4rdar ut! Har ingen lust att kr\u00e4nga p\u00e5 mig en vinterjacka igen, n\u00e4r jag nu har h\u00e4ngt undan den f\u00f6r i \u00e5r, och n\u00e5gon v\u00e5rjacka har jag inte hunnit inf\u00f6rskaffa, s\u00e5\u2026","rel":"","context":"I \u201dVardagsliv\u201d","block_context":{"text":"Vardagsliv","link":"https:\/\/blogg.fumei.se\/?cat=47"},"img":{"alt_text":"","src":"","width":0,"height":0},"classes":[]},{"id":26,"url":"https:\/\/blogg.fumei.se\/?p=26","url_meta":{"origin":148,"position":5},"title":"D\u00e5 har man varit p\u00e5 semesterresa ocks\u00e5, d\u00e5","author":"M :)","date":"2011-07-03","format":false,"excerpt":"Inget m\u00e4rkv\u00e4rdigt, men v\u00e4ldigt trevligt. Vi for till V\u00e4ster\u00e5s och h\u00e4lsade p\u00e5 k\u00e4ra syster med familj. Vi betyder alla utom Fia, f\u00f6r det \u00e4r ju s\u00e5 mycket annat man vill g\u00f6ra n\u00e4r man nyss fyllt 18 \u00e5r och det \u00e4r sommar och sol (ibland i alla fall) och varmt och\u2026","rel":"","context":"I \u201dVardagsliv\u201d","block_context":{"text":"Vardagsliv","link":"https:\/\/blogg.fumei.se\/?cat=47"},"img":{"alt_text":"","src":"https:\/\/i0.wp.com\/blogg.fumei.se\/wp-content\/uploads\/2011\/07\/2011-06-30-20.08.26.jpg?resize=350%2C200","width":350,"height":200},"classes":[]}],"_links":{"self":[{"href":"https:\/\/blogg.fumei.se\/index.php?rest_route=\/wp\/v2\/posts\/148","targetHints":{"allow":["GET"]}}],"collection":[{"href":"https:\/\/blogg.fumei.se\/index.php?rest_route=\/wp\/v2\/posts"}],"about":[{"href":"https:\/\/blogg.fumei.se\/index.php?rest_route=\/wp\/v2\/types\/post"}],"author":[{"embeddable":true,"href":"https:\/\/blogg.fumei.se\/index.php?rest_route=\/wp\/v2\/users\/1"}],"replies":[{"embeddable":true,"href":"https:\/\/blogg.fumei.se\/index.php?rest_route=%2Fwp%2Fv2%2Fcomments&post=148"}],"version-history":[{"count":0,"href":"https:\/\/blogg.fumei.se\/index.php?rest_route=\/wp\/v2\/posts\/148\/revisions"}],"wp:attachment":[{"href":"https:\/\/blogg.fumei.se\/index.php?rest_route=%2Fwp%2Fv2%2Fmedia&parent=148"}],"wp:term":[{"taxonomy":"category","embeddable":true,"href":"https:\/\/blogg.fumei.se\/index.php?rest_route=%2Fwp%2Fv2%2Fcategories&post=148"},{"taxonomy":"post_tag","embeddable":true,"href":"https:\/\/blogg.fumei.se\/index.php?rest_route=%2Fwp%2Fv2%2Ftags&post=148"}],"curies":[{"name":"wp","href":"https:\/\/api.w.org\/{rel}","templated":true}]}}