{"id":150,"date":"2010-12-01T20:24:00","date_gmt":"2010-12-01T20:24:00","guid":{"rendered":"\/Blogg\/post\/Midvinternattens-kold-ar-hard.aspx"},"modified":"2010-12-01T20:24:00","modified_gmt":"2010-12-01T20:24:00","slug":"midvinternattens-kold-ar-hard","status":"publish","type":"post","link":"https:\/\/blogg.fumei.se\/?p=150","title":{"rendered":"Midvinternattens k\u00f6ld \u00e4r h\u00e5rd&#8230;"},"content":{"rendered":"<p>Ja fy fasen vad kallt det &auml;r nu!! Jag gl&ouml;mde i och f&ouml;r sig att kolla p&aring; termometern  innan jag gick till t&aring;get i morse, men J sa att n&auml;r han gick vid &aring;tta s&aring; var det -20!! Och ikv&auml;ll p&aring; TV4s lokalnyheter var det ett inslag fr&aring;n n&aring;n liten h&aring;la mellan Falk&ouml;ping och Tdaholm, d&auml;r de tydligen haft kallast i Sverige: -29!!<br \/>Just nu &auml;r jag v&auml;&auml;&auml;ldigt glad &ouml;ver att jag har ett inomhusarbete&#8230;<\/p>\n<p>Aprop&aring; arbete s&aring; &auml;r det inte s&aring; mycket av den varan f&ouml;r min del den h&auml;r veckan. Jag jobbade ju natten mellan s&ouml;ndag och m&aring;ndag, och s&aring; idag, och sen g&ouml;r jag sista passet p&aring; fredag kv&auml;ll.&nbsp;&nbsp; Egentligen skulle jag ju jobbat m&aring;ndag, men tog ju sjuklucka p&aring; natten ist&auml;llet, och p&aring; l&ouml;rdag har jag lyckats byta f&ouml;r att kunna g&aring; p&aring; julfest med mina kollegor.<br \/>Vi ska h&aring;lla till i <a href=\"http:\/\/www5.goteborg.se\/prod\/parkochnatur\/dalis2.nsf\/535e371e7fd657aec1256a5c0045675f\/d2fb9b1d607a05b3c125755400443fc3!OpenDocument\" target=\"_blank\"><strong>[Gr&auml;fsn&auml;sg&aring;rden i Slottskogen]<\/strong><\/a> i G&ouml;teborg. Och vi har varit s&aring; duktiga p&aring; att jobba som man ska, s&aring; vi har tj&auml;nat pengar p&aring; det i form av bel&ouml;ningar, som vi nu anv&auml;nder till den h&auml;r julfesten. Det blir premi&auml;r f&ouml;r min del i personalfestiviteter.<\/p>\n<p>Idag hade jag t&auml;nkt g&aring; lite tidigare ifr&aring;n jobbet och f&ouml;rs&ouml;ka hitta en drop-in-salong s&aring; jag kan klippa mig, men jag uppt&auml;ckte att jag hade gl&ouml;mt pl&aring;nboken hemma, s&aring; det blev inget med det. Men imorgon ska jag ju till Fias skola f&ouml;r EVK, och efter&aring;t t&auml;nkte jag strosa lite p&aring; stan I Sk&ouml;vde och jag kanske kommer hem med b&aring;de ny frisyr och nya st&ouml;vlar, vem vet!?<\/p>\n<p>Nu har jag kommit p&aring; hur min julkrans till ytterd&ouml;rren ska se ut ocks&aring;, s&aring; nu beh&ouml;ver jag bara inf&ouml;rskaffa lite buxbom och ett fint band, s&aring; kan jag sl&auml;nga ihop den imorgon kv&auml;ll. N&aring;got julkortspyssel av det kklassiska slaget blir det inte hos oss i &aring;r, men jag kommer att utnyttja postens <a href=\"http:\/\/www.posten.se\/m\/egnabilder\" target=\"_blank\"><strong>[g&ouml;r-ditt-eget-julkort-service]<\/strong><\/a> p&aring; n&auml;tet. Man laddar upp den bild man vill ha som motiv p&aring; julkortet, skriver in vilka det ska skickas till, betalar &#8211; och vips s&aring; &auml;r det fixat!<\/p>\n<p>Nu t&auml;nker jag dra p&aring; mig pyjamas, fixa en v&auml;rmande mugg te och krypa ner i soffan under pl&auml;den och se ikapp mig p&aring; missade avsnitt av Vampire Diaries. Hej svejs!<\/p>\n<p>&nbsp;<\/p>\n","protected":false},"excerpt":{"rendered":"<p>Ja fy fasen vad kallt det &auml;r nu!! Jag gl&ouml;mde i och f&ouml;r sig att kolla p&aring; termometern innan jag gick till t&aring;get i morse, men J sa att n&auml;r han gick vid &aring;tta s&aring; var det -20!! Och ikv&auml;ll p&aring; TV4s lokalnyheter var det ett inslag fr&aring;n n&aring;n liten h&aring;la mellan Falk&ouml;ping och Tdaholm,&#8230;<\/p>\n","protected":false},"author":1,"featured_media":0,"comment_status":"open","ping_status":"open","sticky":false,"template":"","format":"standard","meta":{"jetpack_post_was_ever_published":false,"_jetpack_newsletter_access":"","_jetpack_dont_email_post_to_subs":false,"_jetpack_newsletter_tier_id":0,"_jetpack_memberships_contains_paywalled_content":false,"_jetpack_memberships_contains_paid_content":false,"footnotes":"","jetpack_publicize_message":"","jetpack_publicize_feature_enabled":true,"jetpack_social_post_already_shared":false,"jetpack_social_options":{"image_generator_settings":{"template":"highway","default_image_id":0,"font":"","enabled":false},"version":2}},"categories":[47],"tags":[],"class_list":["post-150","post","type-post","status-publish","format-standard","hentry","category-vardagsliv"],"jetpack_publicize_connections":[],"jetpack_featured_media_url":"","jetpack_shortlink":"https:\/\/wp.me\/p3qko4-2q","jetpack_sharing_enabled":true,"jetpack_likes_enabled":true,"jetpack-related-posts":[{"id":870,"url":"https:\/\/blogg.fumei.se\/?p=870","url_meta":{"origin":150,"position":0},"title":"Hem ljuva hem","author":"M :)","date":"2009-03-25","format":false,"excerpt":"Nu har vi flyttat. Eller s\u00e5 gott som, i alla fall. Inatt sover vi f\u00f6r f\u00f6rsta g\u00e5ngen i v\u00e5r nya l\u00e4genhet. Visserligen p\u00e5 madrasser p\u00e5 golvet, men \u00e4nd\u00e5.Vi har flyttat hit alla kl\u00e4der och s\u00e5 gott som alla sm\u00e5prylar och k\u00f6ksartiklar, s\u00e5 nu \u00e4r det mest bara m\u00f6bler och st\u00f6rre\u2026","rel":"","context":"I \u201dVardagsliv\u201d","block_context":{"text":"Vardagsliv","link":"https:\/\/blogg.fumei.se\/?cat=47"},"img":{"alt_text":"","src":"","width":0,"height":0},"classes":[]},{"id":291,"url":"https:\/\/blogg.fumei.se\/?p=291","url_meta":{"origin":150,"position":1},"title":"Jaha ja&#8230;","author":"EmEff","date":"2010-02-20","format":false,"excerpt":"Jag skulle ju jobba inatt. Tror ni det blir s\u00e5? Nej. F\u00f6r det sn\u00f6ar. Som fan. T\u00e5g och bussar \u00e4r inst\u00e4llda, folk f\u00e5r gr\u00e4va sig ut ur sina hus och kan knappt, om ens alls, ta sig till sina jobb eller annat de bokat in. Sverige st\u00e5r helt enkelt stilla.\u2026","rel":"","context":"I \u201dVardagsliv\u201d","block_context":{"text":"Vardagsliv","link":"https:\/\/blogg.fumei.se\/?cat=47"},"img":{"alt_text":"","src":"","width":0,"height":0},"classes":[]},{"id":1041,"url":"https:\/\/blogg.fumei.se\/?p=1041","url_meta":{"origin":150,"position":2},"title":"Slapp, sl\u00f6 och likgiltig","author":"M :)","date":"2009-07-04","format":false,"excerpt":"Det \u00e4r jag, det. Orka bry mig om att g\u00f6ra n\u00e5t. Just nu \u00e4r jag lite tr\u00f6tt p\u00e5 att bry mig \u00f6ver huvud taget. Fia har hoppat av sommarjobbet, f\u00f6r kompisen som hon jobbar med \"\u00e4r dum i huvudet och p\u00e5st\u00e5r att hon inte g\u00f6r n\u00e5nting\". Kan jag mycket v\u00e4l\u2026","rel":"","context":"I \u201dVardagsliv\u201d","block_context":{"text":"Vardagsliv","link":"https:\/\/blogg.fumei.se\/?cat=47"},"img":{"alt_text":"","src":"","width":0,"height":0},"classes":[]},{"id":1186,"url":"https:\/\/blogg.fumei.se\/?p=1186","url_meta":{"origin":150,"position":3},"title":"Blah","author":"M :)","date":"2009-11-24","format":false,"excerpt":"Rubriks\u00e4ttaren \u00e4r p\u00e5 semester i Maldiverna s\u00e5 jag f\u00e5r s\u00e4tta egna rubriker och det g\u00e5r s\u00e5d\u00e4r, som ni kan se...Dags f\u00f6r en flera dagars uppdatering igen, ser jag. Tja, helgen var lugn, jag jobbade l\u00f6rdag kv\u00e4ll, och det var inte s\u00e5 mycket att g\u00f6ra, vi var dessutom gott om personal\u2026","rel":"","context":"I \u201dVardagsliv\u201d","block_context":{"text":"Vardagsliv","link":"https:\/\/blogg.fumei.se\/?cat=47"},"img":{"alt_text":"","src":"","width":0,"height":0},"classes":[]},{"id":170,"url":"https:\/\/blogg.fumei.se\/?p=170","url_meta":{"origin":150,"position":4},"title":"Bloggtorka","author":"M :)","date":"2010-10-30","format":false,"excerpt":"N\u00e4r man inte g\u00f6r mycket mer \u00e4n jobbar och tar hand om hemmet - och dessemellan f\u00f6rs\u00f6ker vara lite social med resten av familjen - d\u00e5 har man inte mycket att skriva om. F\u00f6r hur kul \u00e4r det att l\u00e4sa varje dag att jag har lagat middag och jobbat och\u2026","rel":"","context":"I \u201dVardagsliv\u201d","block_context":{"text":"Vardagsliv","link":"https:\/\/blogg.fumei.se\/?cat=47"},"img":{"alt_text":"","src":"","width":0,"height":0},"classes":[]},{"id":1015,"url":"https:\/\/blogg.fumei.se\/?p=1015","url_meta":{"origin":150,"position":5},"title":"Seeeeeeeegt","author":"M :)","date":"2009-07-23","format":false,"excerpt":"Min dator \u00e4r seg. Den h\u00e4nger sig och den jobbar l\u00e5ngsamt och den vill inte \u00f6ppna applikationer som funkat innan.Alltsammans b\u00f6rjade efter att jag installerade WoW p\u00e5 den. Och varf\u00f6r gjorde jag nu det, d\u00e5, jag som inte ens spelar WoW?!Jo, till att b\u00f6rja med s\u00e5 hade Robin det installerat\u2026","rel":"","context":"I \u201dVardagsliv\u201d","block_context":{"text":"Vardagsliv","link":"https:\/\/blogg.fumei.se\/?cat=47"},"img":{"alt_text":"","src":"","width":0,"height":0},"classes":[]}],"_links":{"self":[{"href":"https:\/\/blogg.fumei.se\/index.php?rest_route=\/wp\/v2\/posts\/150","targetHints":{"allow":["GET"]}}],"collection":[{"href":"https:\/\/blogg.fumei.se\/index.php?rest_route=\/wp\/v2\/posts"}],"about":[{"href":"https:\/\/blogg.fumei.se\/index.php?rest_route=\/wp\/v2\/types\/post"}],"author":[{"embeddable":true,"href":"https:\/\/blogg.fumei.se\/index.php?rest_route=\/wp\/v2\/users\/1"}],"replies":[{"embeddable":true,"href":"https:\/\/blogg.fumei.se\/index.php?rest_route=%2Fwp%2Fv2%2Fcomments&post=150"}],"version-history":[{"count":0,"href":"https:\/\/blogg.fumei.se\/index.php?rest_route=\/wp\/v2\/posts\/150\/revisions"}],"wp:attachment":[{"href":"https:\/\/blogg.fumei.se\/index.php?rest_route=%2Fwp%2Fv2%2Fmedia&parent=150"}],"wp:term":[{"taxonomy":"category","embeddable":true,"href":"https:\/\/blogg.fumei.se\/index.php?rest_route=%2Fwp%2Fv2%2Fcategories&post=150"},{"taxonomy":"post_tag","embeddable":true,"href":"https:\/\/blogg.fumei.se\/index.php?rest_route=%2Fwp%2Fv2%2Ftags&post=150"}],"curies":[{"name":"wp","href":"https:\/\/api.w.org\/{rel}","templated":true}]}}