{"id":151,"date":"2010-11-29T12:25:00","date_gmt":"2010-11-29T12:25:00","guid":{"rendered":"\/Blogg\/post\/Sugen.aspx"},"modified":"2010-11-29T12:25:00","modified_gmt":"2010-11-29T12:25:00","slug":"sugen","status":"publish","type":"post","link":"https:\/\/blogg.fumei.se\/?p=151","title":{"rendered":"Sugen"},"content":{"rendered":"<p>Jag &auml;r lite sugen p&aring; att pyssla h&auml;r hemma, g&ouml;ra fint och i ordning.  Problemet &auml;r att jag beh&ouml;ver en massa saker f&ouml;r att g&ouml;ra det  jag vill g&ouml;ra, och f&ouml;r att f&aring; tag i de sakerna m&aring;ste jag ge mig ut och handla. <em>Det<\/em> k&auml;nns inte s&auml;rskilt lockande just nu, n&auml;r jag jobbat hela natten och bara sovit tre timmar.<br \/>Jag har granris, r&ouml;da band och st&aring;ltr&aring;d hemma, s&aring; tills vidare f&aring;r jag n&ouml;ja mig med att binda krans. Men imorgon &auml;r jag ledig, s&aring; d&aring; blir det kanske en tur till stan och shoppa lite prylar.<\/p>\n<p>I eftermiddag kommer vaktis med kopplingen till diskmaskinen (&auml;ntligen), s&aring; idag ska vi premi&auml;rdiska middagsdisken per automatik ist&auml;llet f&ouml;r manuellt.Och aprop&aring; st&auml;dning s&aring; ska jag nu ta tag i s&aring;nt d&auml;r som blir ogjort f&ouml;r att jag inte &auml;r hemma p&aring; veckorna&#8230;<\/p>\n<p>&nbsp;<\/p>\n","protected":false},"excerpt":{"rendered":"<p>Jag &auml;r lite sugen p&aring; att pyssla h&auml;r hemma, g&ouml;ra fint och i ordning. Problemet &auml;r att jag beh&ouml;ver en massa saker f&ouml;r att g&ouml;ra det jag vill g&ouml;ra, och f&ouml;r att f&aring; tag i de sakerna m&aring;ste jag ge mig ut och handla. Det k&auml;nns inte s&auml;rskilt lockande just nu, n&auml;r jag jobbat hela&#8230;<\/p>\n","protected":false},"author":1,"featured_media":0,"comment_status":"open","ping_status":"open","sticky":false,"template":"","format":"standard","meta":{"jetpack_post_was_ever_published":false,"_jetpack_newsletter_access":"","_jetpack_dont_email_post_to_subs":false,"_jetpack_newsletter_tier_id":0,"_jetpack_memberships_contains_paywalled_content":false,"_jetpack_memberships_contains_paid_content":false,"footnotes":"","jetpack_publicize_message":"","jetpack_publicize_feature_enabled":true,"jetpack_social_post_already_shared":false,"jetpack_social_options":{"image_generator_settings":{"template":"highway","default_image_id":0,"font":"","enabled":false},"version":2}},"categories":[47],"tags":[],"class_list":["post-151","post","type-post","status-publish","format-standard","hentry","category-vardagsliv"],"jetpack_publicize_connections":[],"jetpack_featured_media_url":"","jetpack_shortlink":"https:\/\/wp.me\/s3qko4-sugen","jetpack_sharing_enabled":true,"jetpack_likes_enabled":true,"jetpack-related-posts":[{"id":33,"url":"https:\/\/blogg.fumei.se\/?p=33","url_meta":{"origin":151,"position":0},"title":"Morgonmorr","author":"M :)","date":"2011-06-07","format":false,"excerpt":"Klev (som vanligt) upp 4.15 och gjorde mig i ordning f\u00f6r att \u00e5ka till jobbet. Klickade som vanligt fram [Trafikverkets sida f\u00f6r t\u00e5ginformation]. D\u00e4r stod inget s\u00e4rskilt, men ankomst- och avg\u00e5ngstider var inte heller ifyllda f\u00f6r varje station. det h\u00e4nder ibland att den som ska skriva in informationen inte hinner\u2026","rel":"","context":"I \u201dVardagsliv\u201d","block_context":{"text":"Vardagsliv","link":"https:\/\/blogg.fumei.se\/?cat=47"},"img":{"alt_text":"","src":"","width":0,"height":0},"classes":[]},{"id":842,"url":"https:\/\/blogg.fumei.se\/?p=842","url_meta":{"origin":151,"position":1},"title":"N\u00e4r jag blir stor&#8230;","author":"M :)","date":"2009-02-18","format":false,"excerpt":"...eller snarare n\u00e4r mina barn blivit stora nog att klara sig sj\u00e4lva, d\u00e5 skulle jag vilja g\u00f6ra s\u00e5nt jag inte hann\/kunde\/fick\/hade r\u00e5d med innan de f\u00f6ddes. I stora drag kan man v\u00e4l s\u00e4ga att det inneb\u00e4r en del resande, men \u00e4ven en del jobb. Jag har n\u00e4mligen t\u00e4nkt jobba mig\u2026","rel":"","context":"I \u201dVardagsliv\u201d","block_context":{"text":"Vardagsliv","link":"https:\/\/blogg.fumei.se\/?cat=47"},"img":{"alt_text":"","src":"","width":0,"height":0},"classes":[]},{"id":1179,"url":"https:\/\/blogg.fumei.se\/?p=1179","url_meta":{"origin":151,"position":2},"title":"Cursed be thy name","author":"M :)","date":"2009-10-01","format":false,"excerpt":"Idag bjuder jag p\u00e5 \u00e4nnu en liten solskenshistoria d\u00e4r SJ har huvudrollen. Det b\u00f6rjade som vanligt med att jag skule ta t\u00e5get hem kl 17.07 fr\u00e5n Gbg. Det t\u00e5g jag kliver p\u00e5 skulle fr\u00e5n b\u00f6rjan ha g\u00e5tt till Stenungsund och Uddevalla, men de bytte om p\u00e5 de tv\u00e5 t\u00e5gen och\u2026","rel":"","context":"I \u201dVardagsliv\u201d","block_context":{"text":"Vardagsliv","link":"https:\/\/blogg.fumei.se\/?cat=47"},"img":{"alt_text":"","src":"","width":0,"height":0},"classes":[]},{"id":729,"url":"https:\/\/blogg.fumei.se\/?p=729","url_meta":{"origin":151,"position":3},"title":"Sm\u00e5. platta paket","author":"M :)","date":"2008-12-19","format":false,"excerpt":"och ett lite st\u00f6rre, mjukt kom fr\u00e5n syster yster idag. P\u00e5 s\u00f6ndag f\u00e5r barnen veta vad som \u00e4r i deras. D\u00e5 ska vi ha lilla-jul h\u00e4r hemma i samband med adventsfika. De \u00e5ker ju till sin pappa p\u00e5 m\u00e5ndag, och ska vara borta till den 28 eller 29. Har fixat\u2026","rel":"","context":"I \u201dVardagsliv\u201d","block_context":{"text":"Vardagsliv","link":"https:\/\/blogg.fumei.se\/?cat=47"},"img":{"alt_text":"","src":"","width":0,"height":0},"classes":[]},{"id":486,"url":"https:\/\/blogg.fumei.se\/?p=486","url_meta":{"origin":151,"position":4},"title":"S\u00f6ndag","author":"M :)","date":"2008-08-17","format":false,"excerpt":"Idag \u00e4r det dags f\u00f6r \u00e5rets husm\u00f6te. Jag bor i ett ganska litet hyreshus, en stor villa omgjord till 3 l\u00e4genheter, s\u00e5 en g\u00e5ng om \u00e5ret har vi husm\u00f6te, vi som bor h\u00e4r tillsammans med de som \u00e4ger huset. De brukar informera om st\u00f6rre saker som ska g\u00f6ras eller \u00e4ndras\u2026","rel":"","context":"I \u201dVardagsliv\u201d","block_context":{"text":"Vardagsliv","link":"https:\/\/blogg.fumei.se\/?cat=47"},"img":{"alt_text":"","src":"","width":0,"height":0},"classes":[]},{"id":2786,"url":"https:\/\/blogg.fumei.se\/?p=2786","url_meta":{"origin":151,"position":5},"title":"Change is good?","author":"M :)","date":"2012-10-14","format":false,"excerpt":"Idag har vi gjort lite f\u00f6r\u00e4ndringar h\u00e4r hemma. Flyttat p\u00e5 m\u00f6bler och s\u00e5 d\u00e4r, ni vet, som g\u00f6r att det k\u00e4nns lite nytt trots att det \u00e4r samma gamla saker. S\u00e5 nu \u00e4r det inte s\u00e5 m\u00f6rkt och inst\u00e4ngt l\u00e4ngre. Men den stora f\u00f6r\u00e4ndringen har inte s\u00e5 mycket med saker\u2026","rel":"","context":"I \u201dFamiljen\u201d","block_context":{"text":"Familjen","link":"https:\/\/blogg.fumei.se\/?cat=34"},"img":{"alt_text":"","src":"","width":0,"height":0},"classes":[]}],"_links":{"self":[{"href":"https:\/\/blogg.fumei.se\/index.php?rest_route=\/wp\/v2\/posts\/151","targetHints":{"allow":["GET"]}}],"collection":[{"href":"https:\/\/blogg.fumei.se\/index.php?rest_route=\/wp\/v2\/posts"}],"about":[{"href":"https:\/\/blogg.fumei.se\/index.php?rest_route=\/wp\/v2\/types\/post"}],"author":[{"embeddable":true,"href":"https:\/\/blogg.fumei.se\/index.php?rest_route=\/wp\/v2\/users\/1"}],"replies":[{"embeddable":true,"href":"https:\/\/blogg.fumei.se\/index.php?rest_route=%2Fwp%2Fv2%2Fcomments&post=151"}],"version-history":[{"count":0,"href":"https:\/\/blogg.fumei.se\/index.php?rest_route=\/wp\/v2\/posts\/151\/revisions"}],"wp:attachment":[{"href":"https:\/\/blogg.fumei.se\/index.php?rest_route=%2Fwp%2Fv2%2Fmedia&parent=151"}],"wp:term":[{"taxonomy":"category","embeddable":true,"href":"https:\/\/blogg.fumei.se\/index.php?rest_route=%2Fwp%2Fv2%2Fcategories&post=151"},{"taxonomy":"post_tag","embeddable":true,"href":"https:\/\/blogg.fumei.se\/index.php?rest_route=%2Fwp%2Fv2%2Ftags&post=151"}],"curies":[{"name":"wp","href":"https:\/\/api.w.org\/{rel}","templated":true}]}}