{"id":1589,"date":"2011-10-11T19:17:05","date_gmt":"2011-10-11T17:17:05","guid":{"rendered":"http:\/\/blogg.fumei.se\/?p=1589"},"modified":"2011-10-11T21:34:03","modified_gmt":"2011-10-11T19:34:03","slug":"tisdagsnoje","status":"publish","type":"post","link":"https:\/\/blogg.fumei.se\/?p=1589","title":{"rendered":"Tisdagsn\u00f6je"},"content":{"rendered":"<p>Tja, egentligen kunde jag v\u00e4l gjort det vilken dag som helst i veckan &#8211; utom l\u00f6rdag och s\u00f6ndag, d\u00e5 &#8211; men nu blev det idag. Jag har varit hos tandl\u00e4karen.<\/p>\n<p>Jag har varit v\u00e4ldigt slarvig, och inte varit hos tandl\u00e4karen p\u00e5 s\u00e4kert 18 \u00e5r. Jag gick regelbundet medan jag v\u00e4ntade Fia, men sen har jag bara varit d\u00e4r en enda g\u00e5ng och det var f\u00f6r att jag tappade en fyllning f\u00f6r ungef\u00e4r 10 \u00e5r sen. Den g\u00e5ngen sa han till mig att allt var okej, men att jag skulle komma tillbaka om jag fick besv\u00e4r. Ungef\u00e4r s\u00e5d\u00e4r som de flesta tandl\u00e4kare och \u00f6vriga l\u00e4kare s\u00e4ger&#8230;<\/p>\n<p>Men trots att jag inte varit p\u00e5 n\u00e5gon kontroll p\u00e5 s\u00e5 l\u00e5ng tid, s\u00e5 hade jag \u00e4nd\u00e5 r\u00e4tt okej status, sa min nya tandl\u00e4kare. Jag har lite tandsten, men det \u00e4r i princip oundvikligt att f\u00e5 &#8221;med \u00e5ren&#8221;, och s\u00e5 hade jag tv\u00e5 gamla lagningar som inte var helt hundra l\u00e4ngre, s\u00e5 dem ska hon fixa, s\u00e5 att det inte blir h\u00e5l d\u00e4r. S\u00e5 hade jag ocks\u00e5 tre h\u00e5l, varav ett satt l\u00e4ngst in vid visdomstanden medan de andra tv\u00e5 satt mellan framt\u00e4nderna! Jag tyckte att det borde vara fler h\u00e5l ju sv\u00e5rare det \u00e4r att komma \u00e5t att g\u00f6ra rent, men tydligen inte!<br \/>\nP\u00e5 torsdag ska jag tillbaka, denna g\u00e5ng till tandhygienisten f\u00f6r att ta bort tandstenen.<\/p>\n<p>Efter det lilla (men dyra) \u00e4ventyret gick jag hem till mor och far f\u00f6r att visa mor hur man bygger sl\u00e4kttr\u00e4d p\u00e5 <a href=\"http:\/\/www.myheritage.se\" target=\"_blank\">MyHeritage<\/a>\u00a0och f\u00f6r att dricka kaffe.<br \/>\nSen h\u00e4mtade jag Robins nya bildsk\u00e4rm, som han k\u00f6pt f\u00f6r att hans gamla bara lade av helt pl\u00f6tsligt i torsdags. Lite plock och lunch och grejande hemma, och sen iv\u00e4g till Falk\u00f6ping f\u00f6r cellprovskontroll.<br \/>\nJag fick skjuts av sn\u00e4lla f\u00f6r\u00e4ldrar till Falk\u00f6ping, f\u00f6r de skulle \u00e4nd\u00e5 handla sj\u00e4lva, s\u00e5 jag lyckades komma hem med b\u00e5de leggings, ny almanacka f\u00f6r n\u00e4sta \u00e5r och &#8221;nytt&#8221; soffbord, ut\u00f6ver maten jag &#8221;bara&#8221; skulle handla.<br \/>\nBordet \u00e4r ett smalt, l\u00e5gt bord som kostade mig hela 40 kronor p\u00e5 Pingstkyrkans second hand, och det blir nog mycket b\u00e4ttre med det \u00e4n det gamla; mer plats och mindre skr\u00e4p p\u00e5 bordet.<\/p>\n<p>Nu v\u00e4ntar jag bara p\u00e5 att kycklingen ska bli klar i ugnen s\u00e5 att vi kan \u00e4ta middag, jag och mina karlar. Sen blir det l\u00e4sning tills jag slocknar.<\/p>\n","protected":false},"excerpt":{"rendered":"<p>Tja, egentligen kunde jag v\u00e4l gjort det vilken dag som helst i veckan &#8211; utom l\u00f6rdag och s\u00f6ndag, d\u00e5 &#8211; men nu blev det idag. Jag har varit hos tandl\u00e4karen. Jag har varit v\u00e4ldigt slarvig, och inte varit hos tandl\u00e4karen p\u00e5 s\u00e4kert 18 \u00e5r. Jag gick regelbundet medan jag v\u00e4ntade Fia, men sen har jag&#8230;<\/p>\n","protected":false},"author":1,"featured_media":0,"comment_status":"open","ping_status":"open","sticky":false,"template":"","format":"standard","meta":{"jetpack_post_was_ever_published":false,"_jetpack_newsletter_access":"","_jetpack_dont_email_post_to_subs":false,"_jetpack_newsletter_tier_id":0,"_jetpack_memberships_contains_paywalled_content":false,"_jetpack_memberships_contains_paid_content":false,"footnotes":"","jetpack_publicize_message":"","jetpack_publicize_feature_enabled":true,"jetpack_social_post_already_shared":false,"jetpack_social_options":{"image_generator_settings":{"template":"highway","default_image_id":0,"font":"","enabled":false},"version":2}},"categories":[47],"tags":[],"class_list":["post-1589","post","type-post","status-publish","format-standard","hentry","category-vardagsliv"],"jetpack_publicize_connections":[],"jetpack_featured_media_url":"","jetpack_shortlink":"https:\/\/wp.me\/p3qko4-pD","jetpack_sharing_enabled":true,"jetpack_likes_enabled":true,"jetpack-related-posts":[{"id":823,"url":"https:\/\/blogg.fumei.se\/?p=823","url_meta":{"origin":1589,"position":0},"title":"Test-dags igen!","author":"M :)","date":"2009-01-06","format":false,"excerpt":"Emma hade hittat ett slags personlighetstest d\u00e4r man \u00e4ven kan se vilka yrken som passar ens personlighet.Mitt resultat tar jag med en stor nypa salt:Din personlighetstyp:Kraftfulla, originella och k\u00e4nsliga. Slutf\u00f6r vad de p\u00e5b\u00f6rjat. Extremt god m\u00e4nniskok\u00e4nnedom. Lyh\u00f6rda f\u00f6r andras k\u00e4nslor. Str\u00e4var efter att leva upp till sina v\u00e4rderingar, som tenderar\u2026","rel":"","context":"I \u201dVardagsliv\u201d","block_context":{"text":"Vardagsliv","link":"https:\/\/blogg.fumei.se\/?cat=47"},"img":{"alt_text":"","src":"","width":0,"height":0},"classes":[]},{"id":926,"url":"https:\/\/blogg.fumei.se\/?p=926","url_meta":{"origin":1589,"position":1},"title":"Energizer bunny","author":"M :)","date":"2009-05-28","format":false,"excerpt":"skulle jag beh\u00f6vt vara de senaste 2 dygnen. Jag b\u00f6rjade med att \u00e5ka till jobbet som vanligt p\u00e5 Onsdag morgon. D\u00e4r blev jag strax tillfr\u00e5gad om jag kunde t\u00e4nka mig att jobba \u00e4ven nattpasset. Som vanligt fick den d\u00e5liga ekonomin best\u00e4mma, s\u00e5 jag sa ja. Det innebar att jag skulle\u2026","rel":"","context":"I \u201dVardagsliv\u201d","block_context":{"text":"Vardagsliv","link":"https:\/\/blogg.fumei.se\/?cat=47"},"img":{"alt_text":"","src":"","width":0,"height":0},"classes":[]},{"id":2024,"url":"https:\/\/blogg.fumei.se\/?p=2024","url_meta":{"origin":1589,"position":2},"title":"Hinklista","author":"M :)","date":"2012-01-07","format":false,"excerpt":"eng. Bucket list. A list of things to do before you die. Comes from the term \"kicked the bucket\". Nej nej nej! Jag ska inte d\u00f6! Lugn och fin...jag ska bara lista n\u00e5gra saker jag skulle vilja g\u00f6ra innan jag trillar av pinnen. Jag radar upp en massa saker h\u00e4r,\u2026","rel":"","context":"I \u201dVardagsliv\u201d","block_context":{"text":"Vardagsliv","link":"https:\/\/blogg.fumei.se\/?cat=47"},"img":{"alt_text":"","src":"","width":0,"height":0},"classes":[]},{"id":260,"url":"https:\/\/blogg.fumei.se\/?p=260","url_meta":{"origin":1589,"position":3},"title":"Det var v\u00e4ldigt vad det g\u00e5r undan!","author":"EmEff","date":"2010-03-28","format":false,"excerpt":"Nu har det g\u00e5tt en vecka till och jag har knappt hunnit med att fatta att det var ny vecka f\u00f6rr\u00e4n den var slut! Som vanligt...Har varit ledig i helgen i alla fall, och det var sk\u00f6nt. \u00c4ven om arbetsveckan inte var superanstr\u00e4ngande s\u00e5 \u00e4r det \u00e4nd\u00e5 sk\u00f6nt med en\u2026","rel":"","context":"I \u201dVardagsliv\u201d","block_context":{"text":"Vardagsliv","link":"https:\/\/blogg.fumei.se\/?cat=47"},"img":{"alt_text":"","src":"","width":0,"height":0},"classes":[]},{"id":1951,"url":"https:\/\/blogg.fumei.se\/?p=1951","url_meta":{"origin":1589,"position":4},"title":"\u00c5rets h\u00f6jdpunkter och bottennapp","author":"M :)","date":"2012-01-02","format":false,"excerpt":"\u00c5ret 2011 kom och gick lite grann som alla andra \u00e5r, med vissa undantag. Jag jobbade massor och f\u00f6rs\u00f6kte f\u00e5 tid, lust och ork \u00f6ver till annat mellan arbetspassen. Det ar inte alltid s\u00e5 l\u00e4tt. Av det som avviker fr\u00e5n det vardagliga minns jag: n\u00e4r jag och Kerstin skulle tr\u00e4ffas\u2026","rel":"","context":"I \u201dVardagsliv\u201d","block_context":{"text":"Vardagsliv","link":"https:\/\/blogg.fumei.se\/?cat=47"},"img":{"alt_text":"","src":"","width":0,"height":0},"classes":[]},{"id":2386,"url":"https:\/\/blogg.fumei.se\/?p=2386","url_meta":{"origin":1589,"position":5},"title":"H\u00e4nt i veckan","author":"M :)","date":"2012-05-27","format":false,"excerpt":"Eller ja. Det blir nog mer \u00e4n i veckan, men ni fattar. Jag har jobbat. Kors i taket, det g\u00f6r jag ju s\u00e5 s\u00e4llan. Inte. Ibland k\u00e4nns det som att jag \u00e4r mer p\u00e5 jobbet \u00e4n hemma. Inte blir det b\u00e4ttre nu under sommaren heller, f\u00f6r d\u00e5 m\u00e5ste vi som\u2026","rel":"","context":"I \u201dVardagsliv\u201d","block_context":{"text":"Vardagsliv","link":"https:\/\/blogg.fumei.se\/?cat=47"},"img":{"alt_text":"","src":"","width":0,"height":0},"classes":[]}],"_links":{"self":[{"href":"https:\/\/blogg.fumei.se\/index.php?rest_route=\/wp\/v2\/posts\/1589","targetHints":{"allow":["GET"]}}],"collection":[{"href":"https:\/\/blogg.fumei.se\/index.php?rest_route=\/wp\/v2\/posts"}],"about":[{"href":"https:\/\/blogg.fumei.se\/index.php?rest_route=\/wp\/v2\/types\/post"}],"author":[{"embeddable":true,"href":"https:\/\/blogg.fumei.se\/index.php?rest_route=\/wp\/v2\/users\/1"}],"replies":[{"embeddable":true,"href":"https:\/\/blogg.fumei.se\/index.php?rest_route=%2Fwp%2Fv2%2Fcomments&post=1589"}],"version-history":[{"count":2,"href":"https:\/\/blogg.fumei.se\/index.php?rest_route=\/wp\/v2\/posts\/1589\/revisions"}],"predecessor-version":[{"id":1595,"href":"https:\/\/blogg.fumei.se\/index.php?rest_route=\/wp\/v2\/posts\/1589\/revisions\/1595"}],"wp:attachment":[{"href":"https:\/\/blogg.fumei.se\/index.php?rest_route=%2Fwp%2Fv2%2Fmedia&parent=1589"}],"wp:term":[{"taxonomy":"category","embeddable":true,"href":"https:\/\/blogg.fumei.se\/index.php?rest_route=%2Fwp%2Fv2%2Fcategories&post=1589"},{"taxonomy":"post_tag","embeddable":true,"href":"https:\/\/blogg.fumei.se\/index.php?rest_route=%2Fwp%2Fv2%2Ftags&post=1589"}],"curies":[{"name":"wp","href":"https:\/\/api.w.org\/{rel}","templated":true}]}}