{"id":164,"date":"2010-11-10T17:39:00","date_gmt":"2010-11-10T17:39:00","guid":{"rendered":"\/Blogg\/post\/Testpilot.aspx"},"modified":"2010-11-10T17:39:00","modified_gmt":"2010-11-10T17:39:00","slug":"testpilot","status":"publish","type":"post","link":"https:\/\/blogg.fumei.se\/?p=164","title":{"rendered":"Testpilot"},"content":{"rendered":"<p>Jag har precis anm&auml;lt mig hos <a href=\"http:\/\/smartsontestpilot.se\/arla-smaksatt-vispgradde\/bli-testpilot\/\" target=\"_blank\"><strong>[Smartson]<\/strong><\/a> f&ouml;r att f&aring; testa Arlas nya smaksatta gr&auml;dde.<br \/>Den finns i tv&aring; smaker; <em>choklad <\/em>&#8211; som inneh&aring;ller 70-procentig choklad och &auml;r helt sl&auml;t &#8211; och <em>jordgubb <\/em>&#8211; d&auml;r gr&auml;dden inneh&aring;ller sm&aring; bitar av jordgubbar.<\/p>\n<p>En choklad-cheesecake eller kladdkaka med jordgubbsgr&auml;dde. Ja vilket &auml;r godast, det &auml;r sv&aring;rt att v&auml;lja, men jag valde att testa chokladgr&auml;dden, om jag skulle bli utvald.<br \/>N&auml;r man anm&auml;lde sig fick man ange en smak man sj&auml;lv skulle vilja s&auml;tta p&aring; gr&auml;dden om man fick m&ouml;jligheten, och jag valde kola eller polkagris.<\/p>\n<p><img decoding=\"async\" src=\"\/blogg\/image.axd?picture=2010%2f11%2fArla-smaksatt-vispgradde-choklad.png\" alt=\"\" \/><\/p>\n<p><img decoding=\"async\" src=\"\/blogg\/image.axd?picture=2010%2f11%2fArla-smaksatt-vispgradde-jordgubb.png\" alt=\"\" \/><\/p>\n<p><em>Smaksatt vispgr&auml;dde &auml;r vanlig vispgr&auml;dde med tv&aring; karakt&auml;ristiska smakvarianter.&nbsp;<\/em><em><br \/>I chokladgr&auml;dden ing&aring;r 70 procentig choklad och ijordgubbsgr&auml;dden en annan klassisk smakb&auml;rare: jordgubbssylt. <br \/>Chokladgr&auml;dden &auml;r helt sl&auml;t medan jordgubbsgr&auml;dden inneh&aring;ller sm&aring; bitar av b&auml;r. <\/em><\/p>\n<p><em>Den smaksatta vispgr&auml;dden har en fetthalt p&aring; 27 procent och vispas l&auml;tt till &ouml;nskad konsistens. <br \/>Den &auml;r dessutom lika h&aring;llbar i uppvispad form som vanlig vispgr&auml;dde.<br \/><\/em><\/p>\n<p><em>Arla K&ouml;ket smaksatt vispgr&auml;dde finns i butik fr&aring;n och med nu och har ett cirkapris p&aring; 16 kronor.<br \/>Produkterna kommer s&auml;ljas i &aring;terf&ouml;rslutbar f&ouml;rpackning (2,5 dl) med skruvkork. Smaksatt<br \/>vispgr&auml;dde &auml;r h&aring;llbar i 28 dagar i o&ouml;ppnad f&ouml;rpackning och 4-5 dagar i &ouml;ppnad.<\/em><\/p>\n<p>K&auml;lla: <a href=\"http:\/\/www.arla.se\/smaksatt\" target=\"_blank\"><strong>[<\/strong><\/a><strong><a href=\"http:\/\/www.arla.se\/smaksatt\" target=\"_blank\">Arla.se<\/a>]<\/strong><\/p>\n","protected":false},"excerpt":{"rendered":"<p>Jag har precis anm&auml;lt mig hos [Smartson] f&ouml;r att f&aring; testa Arlas nya smaksatta gr&auml;dde.Den finns i tv&aring; smaker; choklad &#8211; som inneh&aring;ller 70-procentig choklad och &auml;r helt sl&auml;t &#8211; och jordgubb &#8211; d&auml;r gr&auml;dden inneh&aring;ller sm&aring; bitar av jordgubbar. En choklad-cheesecake eller kladdkaka med jordgubbsgr&auml;dde. Ja vilket &auml;r godast, det &auml;r sv&aring;rt att v&auml;lja,&#8230;<\/p>\n","protected":false},"author":1,"featured_media":0,"comment_status":"open","ping_status":"open","sticky":false,"template":"","format":"standard","meta":{"jetpack_post_was_ever_published":false,"_jetpack_newsletter_access":"","_jetpack_dont_email_post_to_subs":false,"_jetpack_newsletter_tier_id":0,"_jetpack_memberships_contains_paywalled_content":false,"_jetpack_memberships_contains_paid_content":false,"footnotes":"","jetpack_publicize_message":"","jetpack_publicize_feature_enabled":true,"jetpack_social_post_already_shared":false,"jetpack_social_options":{"image_generator_settings":{"template":"highway","default_image_id":0,"font":"","enabled":false},"version":2}},"categories":[47],"tags":[],"class_list":["post-164","post","type-post","status-publish","format-standard","hentry","category-vardagsliv"],"jetpack_publicize_connections":[],"jetpack_featured_media_url":"","jetpack_shortlink":"https:\/\/wp.me\/p3qko4-2E","jetpack_sharing_enabled":true,"jetpack_likes_enabled":true,"jetpack-related-posts":[{"id":6971,"url":"https:\/\/blogg.fumei.se\/?p=6971","url_meta":{"origin":164,"position":0},"title":"Sommart\u00e5rta","author":"M :)","date":"2024-05-21","format":false,"excerpt":"Jag sl\u00e4ngde ihop en cheesecake \u00e5t mina kollegor som tack f\u00f6r hj\u00e4lpen n\u00e4r. jag blev sjuk f\u00f6rra veckan. Botten \u00e4r klassisk cheesecakebotten: digestive kex och sm\u00f6r. Jag fyllde den f\u00f6rst med citronfromage och sedan med vanlig cheesecakefyllning, garnerade med massor av jordgubbar, citronmeliss och riven choklad. H\u00e4r kommer receptet om\u2026","rel":"","context":"I \u201dMat och \u00e4tbart\u201d","block_context":{"text":"Mat och \u00e4tbart","link":"https:\/\/blogg.fumei.se\/?cat=206"},"img":{"alt_text":"","src":"https:\/\/i0.wp.com\/blogg.fumei.se\/wp-content\/uploads\/2024\/05\/59EC9D2D-2C71-4C6B-9877-5F50140D55B6_1_105_c-edited.jpeg?resize=350%2C200&ssl=1","width":350,"height":200,"srcset":"https:\/\/i0.wp.com\/blogg.fumei.se\/wp-content\/uploads\/2024\/05\/59EC9D2D-2C71-4C6B-9877-5F50140D55B6_1_105_c-edited.jpeg?resize=350%2C200&ssl=1 1x, https:\/\/i0.wp.com\/blogg.fumei.se\/wp-content\/uploads\/2024\/05\/59EC9D2D-2C71-4C6B-9877-5F50140D55B6_1_105_c-edited.jpeg?resize=525%2C300&ssl=1 1.5x"},"classes":[]},{"id":28,"url":"https:\/\/blogg.fumei.se\/?p=28","url_meta":{"origin":164,"position":1},"title":"T\u00e4vlingsdags!","author":"M :)","date":"2011-06-22","format":false,"excerpt":"Jag \u00e4r med och t\u00e4vlar om [B\u00e4sta sommart\u00e5rtan] p\u00e5 ICA.se. Min t\u00e5rta \u00e4r den jag gjorde p\u00e5 Robins skolavslutning. H\u00e4r kommer recept om n\u00e5n skulle vilja testa: Skolavslutningst\u00e5rta Ingredienser: Chokladt\u00e5rtbottnar hallonmousse (mix) vispgr\u00e4dde jordgubbar hallon bl\u00e5b\u00e4r ...eller andra b\u00e4r... G\u00f6r s\u00e5 h\u00e4r: Vispa hallonmoussen och st\u00e4ll kallt. Vispa gr\u00e4dden s\u00e5\u2026","rel":"","context":"I \u201dVardagsliv\u201d","block_context":{"text":"Vardagsliv","link":"https:\/\/blogg.fumei.se\/?cat=47"},"img":{"alt_text":"","src":"https:\/\/i0.wp.com\/blogg.fumei.se\/wp-content\/uploads\/2011\/06\/trta.jpg?resize=350%2C200","width":350,"height":200,"srcset":"https:\/\/i0.wp.com\/blogg.fumei.se\/wp-content\/uploads\/2011\/06\/trta.jpg?resize=350%2C200 1x, https:\/\/i0.wp.com\/blogg.fumei.se\/wp-content\/uploads\/2011\/06\/trta.jpg?resize=525%2C300 1.5x"},"classes":[]},{"id":154,"url":"https:\/\/blogg.fumei.se\/?p=154","url_meta":{"origin":164,"position":2},"title":"Hej och grattis!","author":"M :)","date":"2010-11-23","format":false,"excerpt":"Du har blivit utvald som Testpilot p\u00e5 Arla K\u00f6ket smaksatt gr\u00e4dde. S\u00e5 b\u00f6rjade mailet jag fick fr\u00e5n Smartson idag, s\u00e5 nu v\u00e4ntar jag med sp\u00e4nning p\u00e5 mina v\u00e4rdecheckar s\u00e5 att jag kan handla och b\u00f6rja anv\u00e4nda produkterna.Nu ska h\u00e4r bakas och lagas och smakas och provas och njutas och testas\u2026","rel":"","context":"I \u201dVardagsliv\u201d","block_context":{"text":"Vardagsliv","link":"https:\/\/blogg.fumei.se\/?cat=47"},"img":{"alt_text":"","src":"","width":0,"height":0},"classes":[]},{"id":1425,"url":"https:\/\/blogg.fumei.se\/?p=1425","url_meta":{"origin":164,"position":3},"title":"S\u00f6ndagsgodis","author":"M :)","date":"2011-09-18","format":false,"excerpt":"Fattar ni hur sk\u00f6nt det \u00e4r att kunna r\u00f6ra sig igen?? Jag k\u00e4nner visserligen av de t onda i musklerna fortfarande, men det mesta flyter p\u00e5 r\u00e4tt okej, bara jag inte ta i f\u00f6r h\u00e5rt eller g\u00f6r n\u00e5gra hastiga r\u00f6relser. \u00c5terst\u00e5r nu bara att se hur det g\u00e5r p\u00e5 jobbet\u2026","rel":"","context":"I \u201dVardagsliv\u201d","block_context":{"text":"Vardagsliv","link":"https:\/\/blogg.fumei.se\/?cat=47"},"img":{"alt_text":"","src":"","width":0,"height":0},"classes":[]},{"id":53,"url":"https:\/\/blogg.fumei.se\/?p=53","url_meta":{"origin":164,"position":4},"title":"Pizza tajm","author":"M :)","date":"2011-03-27","format":false,"excerpt":"Nu har jag anm\u00e4lt mig till \u00e4nnu ett test p\u00e5 [Smartson] , n\u00e4mligen att testa [Grandiosa Minipizza X-tra Allt]. Det finns tv\u00e5 smaker - calzone (ost och skinka) eller kebab - och man fick v\u00e4lja antingen eller eller vilket som. Jag valde calzone, f\u00f6r jag har p\u00e5 k\u00e4nn att de\u2026","rel":"","context":"I \u201dVardagsliv\u201d","block_context":{"text":"Vardagsliv","link":"https:\/\/blogg.fumei.se\/?cat=47"},"img":{"alt_text":"","src":"","width":0,"height":0},"classes":[]},{"id":5833,"url":"https:\/\/blogg.fumei.se\/?p=5833","url_meta":{"origin":164,"position":5},"title":"Jordgubbar","author":"M :)","date":"2023-06-29","format":false,"excerpt":"Idag fick vi bes\u00f6k av Kommunal p\u00e5 jobbet. Vi som \u00e4r anslutna fick en liten goodiebag med jordgubbar och vaniljvisp, och s\u00e5 pratade vi en stund om hur vi har det p\u00e5 jobbet.Vi var \u00e4nd\u00e5 sn\u00e4llla mot v\u00e5ra kollegor som tillh\u00f6r andra fackf\u00f6rbund och delade med oss av godsakerna. Och\u2026","rel":"","context":"I \u201dJobb\u201d","block_context":{"text":"Jobb","link":"https:\/\/blogg.fumei.se\/?cat=494"},"img":{"alt_text":"","src":"","width":0,"height":0},"classes":[]}],"_links":{"self":[{"href":"https:\/\/blogg.fumei.se\/index.php?rest_route=\/wp\/v2\/posts\/164","targetHints":{"allow":["GET"]}}],"collection":[{"href":"https:\/\/blogg.fumei.se\/index.php?rest_route=\/wp\/v2\/posts"}],"about":[{"href":"https:\/\/blogg.fumei.se\/index.php?rest_route=\/wp\/v2\/types\/post"}],"author":[{"embeddable":true,"href":"https:\/\/blogg.fumei.se\/index.php?rest_route=\/wp\/v2\/users\/1"}],"replies":[{"embeddable":true,"href":"https:\/\/blogg.fumei.se\/index.php?rest_route=%2Fwp%2Fv2%2Fcomments&post=164"}],"version-history":[{"count":0,"href":"https:\/\/blogg.fumei.se\/index.php?rest_route=\/wp\/v2\/posts\/164\/revisions"}],"wp:attachment":[{"href":"https:\/\/blogg.fumei.se\/index.php?rest_route=%2Fwp%2Fv2%2Fmedia&parent=164"}],"wp:term":[{"taxonomy":"category","embeddable":true,"href":"https:\/\/blogg.fumei.se\/index.php?rest_route=%2Fwp%2Fv2%2Fcategories&post=164"},{"taxonomy":"post_tag","embeddable":true,"href":"https:\/\/blogg.fumei.se\/index.php?rest_route=%2Fwp%2Fv2%2Ftags&post=164"}],"curies":[{"name":"wp","href":"https:\/\/api.w.org\/{rel}","templated":true}]}}