{"id":1646,"date":"2011-10-23T21:21:52","date_gmt":"2011-10-23T19:21:52","guid":{"rendered":"http:\/\/blogg.fumei.se\/?p=1646"},"modified":"2011-10-23T21:22:43","modified_gmt":"2011-10-23T19:22:43","slug":"en-styck-hittad-lista","status":"publish","type":"post","link":"https:\/\/blogg.fumei.se\/?p=1646","title":{"rendered":"En styck hittad lista"},"content":{"rendered":"<div>Hittade en lista hos <a href=\"http:\/\/emmut.blogg.se\" target=\"_blank\">Emma<\/a>, med uppmaningen att kopiera och svara, och listn\u00f6rd som jag \u00e4r, s\u00e5 antar jag naturligtvis den uppmaningen! H\u00e4r g\u00e5s:<\/div>\n<div><strong>Vad g\u00f6r du just nu?<\/strong><\/div>\n<div>Vad tror du?<\/div>\n<div><strong>Vad tror du att du \u00e4r\/g\u00f6r om 1 \u00e5r?<\/strong><\/div>\n<div>Med den h\u00e4r farten; f\u00f6rmodligen samma sak som nu.<\/div>\n<div><strong>Vad \u00e5ngrar du, om n\u00e5got, i livet?<\/strong><\/div>\n<div>Det \u00e4r dumt att \u00e5ngra saker, f\u00f6r det g\u00e5r oftast inte att \u00e4ndra \u00e4nd\u00e5, men en sak jag \u00e5ngrar \u00e4r att jag gjorde de dumheter som ledde till att jag idag har skulder hos kronofogden.<\/div>\n<div><strong>Hur kommer du g\u00e5 kl\u00e4dd i vinter?<\/strong><\/div>\n<div>Som alla andra vintrar, antagligen. Jacka, vinterskor alternativt st\u00f6vlar. m\u00f6ssa, vantar, halsduk. Om det blir s\u00e4rskilt kallt \u00e5ker nog ett par l\u00e5ngkallingar p\u00e5 under jeansen ocks\u00e5.<\/div>\n<div><strong>Vilka 3 saker \u00e4r du beroende av?<\/strong><\/div>\n<div>K\u00e4rlek, pengar och mina glas\u00f6gon. (Fast jag anv\u00e4nder iofs linserna mer, men ni fattar&#8230;)<\/div>\n<div><strong>Har du n\u00e5gon dold talang?<\/strong><\/div>\n<div>Jag lovar att s\u00e4ga till om jag hittar den.<\/div>\n<div><strong>Vad gjorde du f\u00f6rra helgen? Och vad ska du g\u00f6ra n\u00e4sta helg?<\/strong><\/div>\n<div>Jobbade. Och jobba. Varierande inneh\u00e5ll p\u00e5 mina helger, vill jag lova&#8230;<\/div>\n<div><strong>Vad har du p\u00e5 dig just nu?<\/strong><\/div>\n<div>Vara-hemma-och-g\u00f6ra-abslut-ingenting-kl\u00e4der, dvs slitna mjukisbrallor och en top som sett b\u00e4ttre dagar.<\/div>\n<div><strong>B\u00e4sta sk\u00f6nhetsknep?<\/strong><\/div>\n<div>Vatten. B\u00e5de p\u00e5 insidan och utsidan. Och s\u00f6mn.<\/div>\n<div><strong>Vilka \u00e4r dina dagens planer?<\/strong><\/div>\n<div>Har alltid en hel massa planer inf\u00f6r dagen, men de fallerar allt som oftast. Idag fick jag plockat undan alla sk sommarkl\u00e4der fr\u00e5n garderoben, dock.<\/div>\n<div><strong>Vad \u00e4ter du helst inte<\/strong><strong>?<\/strong><\/div>\n<div>S\u00e5nt jag inte tycker om. Enkelt.<\/div>\n<div><strong>N\u00e4mn 3 bloggar du bes\u00f6ker dagligen?<\/strong><br \/>\n<a href=\"http:\/\/calinas.se\" target=\"_blank\">Calinas<\/a>, <a href=\"http:\/\/mlilja.net\" target=\"_blank\">Milo <\/a>och ovan n\u00e4mnda Emma.<\/div>\n<div><strong>Har du haft ett f\u00f6rh\u00e5llande som varat i \u00f6ver ett \u00e5r?<\/strong><\/div>\n<div>Ja ett par stycken i bagaget och ett som p\u00e5g\u00e5r\u00a0just nu.<\/div>\n<div><strong>B\u00e4sta staden\/landet du bes\u00f6kt?<\/strong><\/div>\n<div>Har faktiskt inte bes\u00f6kt s\u00e5 m\u00e5nga st\u00e4der eller l\u00e4nder. Men Stockholm ligger r\u00e4tt bra till p\u00e5 listan. N\u00e4r jag varit i Rom kommer jag s\u00e4kert att skriva Rom ist\u00e4llet. L\u00e4nder&#8230;ja det f\u00e5 nog bli Italien \u00e4nd\u00e5, trots att det var m\u00e5nga \u00e5r sedan jag var d\u00e4r sist.<\/div>\n<div><strong>Vilken k\u00e4ndis f\u00e5r du h\u00f6ra att du liknar?<\/strong><\/div>\n<div>Det f\u00e5r jag inte h\u00f6ra. Numera. N\u00e4r jag var sis\u00e5d\u00e4r en 11-12 \u00e5r sa folk att jag s\u00e5g ut som Carola gjorde i samma \u00e5lder, och en g\u00e5ng var det ett \u00e4ldre par som stoppade mig och fr\u00e5gade vad jag gjorde p\u00e5 deras dagcentral n\u00e4r jag borde vara p\u00e5 turn\u00e8. De trodde jag var Sissel Kyrkjeb\u00f6. D\u00e5 hade jag sv\u00e5rt att h\u00e5lla mig f\u00f6r gapskratt&#8230;<\/div>\n<div><strong>Tror du p\u00e5 gud?<\/strong><\/div>\n<div>Nja, inte en gud som i allsm\u00e4ktig och allseende gud, skapare av himmel och jord och allt d\u00e4remellan och d\u00e4rp\u00e5, men jag tror att det finns h\u00f6gre makter som p\u00e5 n\u00e5got s\u00e4tt styr \u00f6ver det vi m\u00e4nniskor inte sj\u00e4lva kan styra \u00f6ver.<\/div>\n<div><strong>Vad \u00e4r din st\u00f6rsta r\u00e4dsla?<\/strong><\/div>\n<div><em>H\u00e4r t\u00e4nker jag sno Emmas svar helt fr\u00e4ckt<\/em>: Att n\u00e5got hemskt ska h\u00e4nda barnen eller andra n\u00e4rst\u00e5ende. Eller att n\u00e5got hemskt h\u00e4nder mig, inte f\u00f6r min egen skull utan barnens..<\/div>\n<div><strong>N\u00e4mn en sak du aldrig provat p\u00e5:<\/strong><\/div>\n<div>Bungyjump. Och jag kommer inte att g\u00f6ra det heller.<\/div>\n<div><strong>Vilka \u00e4r dina favoritnamn?<\/strong><\/div>\n<div>Mina barns namn, till att b\u00f6rja med, men \u00e4ven Kim och Saga, dvs de namn som barnens far sa &#8221;h\u00e4r ska inte d\u00f6pas varken efter dansband eller kioskromaner&#8221;. Hur han kunde veta att de namnen f\u00f6rekommer d\u00e4r, n\u00e4r han inte varken lyssnar p\u00e5 dansband eller l\u00e4ser kioskromaner, det \u00e4r fortfarande ett mysterium f\u00f6r mig. (FIY kan jag \u00e4ven till\u00e4gga att jag tyckte om de namnen redan innan&#8230;)<\/div>\n<div><strong>Hur\/var vill du bo i framtiden?<\/strong><\/div>\n<div>I Villa Villerkulla. Eller ja, inte i sj\u00e4lva just <em>det <\/em>huset, men ni fattar vad jag menar.<\/div>\n<div>Och nu n\u00e4r du har l\u00e4st igenom hela listan, tycker jag att (om du har en blogg, f\u00f6rst\u00e5s) du ska g\u00f6ra som jag gjorde, och kopoiera den och skriva dina egna svar, s\u00e5 kan du l\u00e4nka till ditt inl\u00e4gg h\u00e4r i kommentarerna sen, s\u00e5 jag f\u00e5r l\u00e4sa. Det \u00e4r alltid lika roligt att l\u00e4sa vad andra skriver!<\/div>\n","protected":false},"excerpt":{"rendered":"<p>Hittade en lista hos Emma, med uppmaningen att kopiera och svara, och listn\u00f6rd som jag \u00e4r, s\u00e5 antar jag naturligtvis den uppmaningen! H\u00e4r g\u00e5s: Vad g\u00f6r du just nu? Vad tror du? Vad tror du att du \u00e4r\/g\u00f6r om 1 \u00e5r? Med den h\u00e4r farten; f\u00f6rmodligen samma sak som nu. Vad \u00e5ngrar du, om n\u00e5got,&#8230;<\/p>\n","protected":false},"author":1,"featured_media":0,"comment_status":"open","ping_status":"open","sticky":false,"template":"","format":"standard","meta":{"jetpack_post_was_ever_published":false,"_jetpack_newsletter_access":"","_jetpack_dont_email_post_to_subs":false,"_jetpack_newsletter_tier_id":0,"_jetpack_memberships_contains_paywalled_content":false,"_jetpack_memberships_contains_paid_content":false,"footnotes":"","jetpack_publicize_message":"","jetpack_publicize_feature_enabled":true,"jetpack_social_post_already_shared":false,"jetpack_social_options":{"image_generator_settings":{"template":"highway","default_image_id":0,"font":"","enabled":false},"version":2}},"categories":[47],"tags":[],"class_list":["post-1646","post","type-post","status-publish","format-standard","hentry","category-vardagsliv"],"jetpack_publicize_connections":[],"jetpack_featured_media_url":"","jetpack_shortlink":"https:\/\/wp.me\/p3qko4-qy","jetpack_sharing_enabled":true,"jetpack_likes_enabled":true,"jetpack-related-posts":[{"id":897,"url":"https:\/\/blogg.fumei.se\/?p=897","url_meta":{"origin":1646,"position":0},"title":"Emma hade en lista","author":"M :)","date":"2009-04-22","format":false,"excerpt":"som jag naturligtvis inte kunde l\u00e5ta bli att kopiera:Du heter: Marcella Elisabetta FumeiSmeknamn: Tella av familj och \"gamla\" v\u00e4nner...Beroende av: S\u00f6mn och b\u00f6ckerVad beh\u00f6ver du mest just nu: PengarVad tror folk om dig? F\u00f6rmodligen en hel del...St\u00e4mmer det? ...som ibland \u00e4r helt upp\u00e5t v\u00e4ggarnaVad f\u00e5r du oftast komplimanger f\u00f6r? Har\u2026","rel":"","context":"I \u201dVardagsliv\u201d","block_context":{"text":"Vardagsliv","link":"https:\/\/blogg.fumei.se\/?cat=47"},"img":{"alt_text":"","src":"","width":0,"height":0},"classes":[]},{"id":949,"url":"https:\/\/blogg.fumei.se\/?p=949","url_meta":{"origin":1646,"position":1},"title":"P\u00e5 onsdag","author":"M :)","date":"2009-05-11","format":false,"excerpt":"ska Fia \u00e5ka till Stockholm med skolan. Eller det \u00e4r i alla fall som planeringen s\u00e5g ut fram tills idag. F\u00f6r nu har jag tr\u00f6ttnat p\u00e5 riktigt. Tr\u00f6ttnat p\u00e5 att alla mina saker f\u00f6rsvinner in i det svarta h\u00e5let som \u00e4r hennes rum.Det sista nu var min mascara. Hon har\u2026","rel":"","context":"I \u201dVardagsliv\u201d","block_context":{"text":"Vardagsliv","link":"https:\/\/blogg.fumei.se\/?cat=47"},"img":{"alt_text":"","src":"","width":0,"height":0},"classes":[]},{"id":538,"url":"https:\/\/blogg.fumei.se\/?p=538","url_meta":{"origin":1646,"position":2},"title":"Listdags igen&#8230;","author":"M :)","date":"2008-09-16","format":false,"excerpt":"Hittade denna hos Emma:Fem saker i min frys - jordgubbar- blandf\u00e4rs- falukorv- broccoli- baconFem saker i min garderob- alldeles f\u00f6r m\u00e5nga h\u00f6gklackade skor- skjortor som jag aldrig anv\u00e4nder- linnen, linnen, linnen- en himla massa toppar ocks\u00e5- flera kjolar som jag heller aldrig anv\u00e4nder (dags f\u00f6r en rensning kanske?)Fem saker i\u2026","rel":"","context":"I \u201dListor\u201d","block_context":{"text":"Listor","link":"https:\/\/blogg.fumei.se\/?cat=633"},"img":{"alt_text":"","src":"","width":0,"height":0},"classes":[]},{"id":176,"url":"https:\/\/blogg.fumei.se\/?p=176","url_meta":{"origin":1646,"position":3},"title":"Bok- och musikutmaning","author":"EmEff","date":"2010-10-10","format":false,"excerpt":"hittad hos Kerstin, som hittat den hos En bokcirkel f\u00f6r alla. Varje vecka kommer en ny utmaning (jag kommer s\u00e4kert inte att vara med varje vecka, men \u00e4nd\u00e5...) d\u00e4r man f\u00e5r en artist\/grupp, en l\u00e5t eller ett album givet och s\u00e5 ska man koppla till en bok eller en f\u00f6rfattare,\u2026","rel":"","context":"I \u201dVardagsliv\u201d","block_context":{"text":"Vardagsliv","link":"https:\/\/blogg.fumei.se\/?cat=47"},"img":{"alt_text":"","src":"","width":0,"height":0},"classes":[]},{"id":2024,"url":"https:\/\/blogg.fumei.se\/?p=2024","url_meta":{"origin":1646,"position":4},"title":"Hinklista","author":"M :)","date":"2012-01-07","format":false,"excerpt":"eng. Bucket list. A list of things to do before you die. Comes from the term \"kicked the bucket\". Nej nej nej! Jag ska inte d\u00f6! Lugn och fin...jag ska bara lista n\u00e5gra saker jag skulle vilja g\u00f6ra innan jag trillar av pinnen. Jag radar upp en massa saker h\u00e4r,\u2026","rel":"","context":"I \u201dVardagsliv\u201d","block_context":{"text":"Vardagsliv","link":"https:\/\/blogg.fumei.se\/?cat=47"},"img":{"alt_text":"","src":"","width":0,"height":0},"classes":[]},{"id":1128,"url":"https:\/\/blogg.fumei.se\/?p=1128","url_meta":{"origin":1646,"position":5},"title":"Dagens on\u00f6diga vetande","author":"M :)","date":"2009-09-07","format":false,"excerpt":"Visste ni att man s\u00e4ger att fredagen den 13:e \u00e4r en otursdag, d\u00e4rf\u00f6r att p\u00e5 morgonen denna dag \u00e5r 1307 blev Tempelriddarnas storm\u00e4stare Jaques de Molay och 60 andra h\u00f6gt uppsatta tempelriddare arresterade p\u00e5 order av Frankrikes kung Philip IV. Under dagen arresterades tusentals tempelriddare runt om i Europa och\u2026","rel":"","context":"I \u201dVardagsliv\u201d","block_context":{"text":"Vardagsliv","link":"https:\/\/blogg.fumei.se\/?cat=47"},"img":{"alt_text":"","src":"","width":0,"height":0},"classes":[]}],"_links":{"self":[{"href":"https:\/\/blogg.fumei.se\/index.php?rest_route=\/wp\/v2\/posts\/1646","targetHints":{"allow":["GET"]}}],"collection":[{"href":"https:\/\/blogg.fumei.se\/index.php?rest_route=\/wp\/v2\/posts"}],"about":[{"href":"https:\/\/blogg.fumei.se\/index.php?rest_route=\/wp\/v2\/types\/post"}],"author":[{"embeddable":true,"href":"https:\/\/blogg.fumei.se\/index.php?rest_route=\/wp\/v2\/users\/1"}],"replies":[{"embeddable":true,"href":"https:\/\/blogg.fumei.se\/index.php?rest_route=%2Fwp%2Fv2%2Fcomments&post=1646"}],"version-history":[{"count":3,"href":"https:\/\/blogg.fumei.se\/index.php?rest_route=\/wp\/v2\/posts\/1646\/revisions"}],"predecessor-version":[{"id":5626,"href":"https:\/\/blogg.fumei.se\/index.php?rest_route=\/wp\/v2\/posts\/1646\/revisions\/5626"}],"wp:attachment":[{"href":"https:\/\/blogg.fumei.se\/index.php?rest_route=%2Fwp%2Fv2%2Fmedia&parent=1646"}],"wp:term":[{"taxonomy":"category","embeddable":true,"href":"https:\/\/blogg.fumei.se\/index.php?rest_route=%2Fwp%2Fv2%2Fcategories&post=1646"},{"taxonomy":"post_tag","embeddable":true,"href":"https:\/\/blogg.fumei.se\/index.php?rest_route=%2Fwp%2Fv2%2Ftags&post=1646"}],"curies":[{"name":"wp","href":"https:\/\/api.w.org\/{rel}","templated":true}]}}