{"id":1649,"date":"2011-10-24T13:08:14","date_gmt":"2011-10-24T11:08:14","guid":{"rendered":"http:\/\/blogg.fumei.se\/?p=1649"},"modified":"2011-10-24T13:08:14","modified_gmt":"2011-10-24T11:08:14","slug":"mobiltjafs","status":"publish","type":"post","link":"https:\/\/blogg.fumei.se\/?p=1649","title":{"rendered":"Mobiltjafs"},"content":{"rendered":"<p>Av n\u00e5gon anledning g\u00e5r det inte att ta sk\u00e4rmdumpar p\u00e5 Samsung Galaxy Mini. Av n\u00e5gon annan anledning \u00e4r det just en s\u00e5n jag r\u00e5kar ha. I brist p\u00e5 den funktionen och i v\u00e4ntatn p\u00e5 att jag ska skaffa en annan mobl med st\u00f6rre sk\u00e4rm, s\u00e5 f\u00e5r man ta till det gamla tricket att fota av telefonen med vanliga kameran.<br \/>\nS\u00e5 h\u00e4r s\u00e5g det ut ig\u00e5r n\u00e4r jag och Mickan spelade Wordfeud:<\/p>\n<p><a rel=\"attachment wp-att-1650\" href=\"https:\/\/blogg.fumei.se\/?attachment_id=1650\"><img data-recalc-dims=\"1\" loading=\"lazy\" decoding=\"async\" data-attachment-id=\"1650\" data-permalink=\"https:\/\/blogg.fumei.se\/?attachment_id=1650\" data-orig-file=\"https:\/\/i0.wp.com\/blogg.fumei.se\/wp-content\/uploads\/2011\/10\/P1120155.jpg?fit=960%2C1280&amp;ssl=1\" data-orig-size=\"960,1280\" data-comments-opened=\"1\" data-image-meta=\"{&quot;aperture&quot;:&quot;2.8&quot;,&quot;credit&quot;:&quot;&quot;,&quot;camera&quot;:&quot;DMC-FX01&quot;,&quot;caption&quot;:&quot;&quot;,&quot;created_timestamp&quot;:&quot;1319383921&quot;,&quot;copyright&quot;:&quot;&quot;,&quot;focal_length&quot;:&quot;4.6&quot;,&quot;iso&quot;:&quot;100&quot;,&quot;shutter_speed&quot;:&quot;0.0333333333333&quot;,&quot;title&quot;:&quot;&quot;}\" data-image-title=\"P1120155\" data-image-description=\"\" data-image-caption=\"\" data-large-file=\"https:\/\/i0.wp.com\/blogg.fumei.se\/wp-content\/uploads\/2011\/10\/P1120155.jpg?fit=488%2C650&amp;ssl=1\" class=\"aligncenter size-medium wp-image-1650\" title=\"P1120155\" src=\"https:\/\/i0.wp.com\/blogg.fumei.se\/wp-content\/uploads\/2011\/10\/P1120155.jpg?resize=225%2C300&#038;ssl=1\" alt=\"\" width=\"225\" height=\"300\" srcset=\"https:\/\/i0.wp.com\/blogg.fumei.se\/wp-content\/uploads\/2011\/10\/P1120155.jpg?resize=225%2C300&amp;ssl=1 225w, https:\/\/i0.wp.com\/blogg.fumei.se\/wp-content\/uploads\/2011\/10\/P1120155.jpg?resize=768%2C1024&amp;ssl=1 768w, https:\/\/i0.wp.com\/blogg.fumei.se\/wp-content\/uploads\/2011\/10\/P1120155.jpg?w=960&amp;ssl=1 960w\" sizes=\"auto, (max-width: 225px) 100vw, 225px\" \/><\/a><a rel=\"attachment wp-att-1650\" href=\"https:\/\/blogg.fumei.se\/?attachment_id=1650\"><\/a><\/p>\n","protected":false},"excerpt":{"rendered":"<p>Av n\u00e5gon anledning g\u00e5r det inte att ta sk\u00e4rmdumpar p\u00e5 Samsung Galaxy Mini. Av n\u00e5gon annan anledning \u00e4r det just en s\u00e5n jag r\u00e5kar ha. I brist p\u00e5 den funktionen och i v\u00e4ntatn p\u00e5 att jag ska skaffa en annan mobl med st\u00f6rre sk\u00e4rm, s\u00e5 f\u00e5r man ta till det gamla tricket att fota av&#8230;<\/p>\n","protected":false},"author":1,"featured_media":0,"comment_status":"open","ping_status":"open","sticky":false,"template":"","format":"standard","meta":{"jetpack_post_was_ever_published":false,"_jetpack_newsletter_access":"","_jetpack_dont_email_post_to_subs":false,"_jetpack_newsletter_tier_id":0,"_jetpack_memberships_contains_paywalled_content":false,"_jetpack_memberships_contains_paid_content":false,"footnotes":"","jetpack_publicize_message":"","jetpack_publicize_feature_enabled":true,"jetpack_social_post_already_shared":false,"jetpack_social_options":{"image_generator_settings":{"template":"highway","default_image_id":0,"font":"","enabled":false},"version":2}},"categories":[47],"tags":[64,65],"class_list":["post-1649","post","type-post","status-publish","format-standard","hentry","category-vardagsliv","tag-wf","tag-wordfeud"],"jetpack_publicize_connections":[],"jetpack_featured_media_url":"","jetpack_shortlink":"https:\/\/wp.me\/p3qko4-qB","jetpack_sharing_enabled":true,"jetpack_likes_enabled":true,"jetpack-related-posts":[{"id":1423,"url":"https:\/\/blogg.fumei.se\/?p=1423","url_meta":{"origin":1649,"position":0},"title":"Platt fall","author":"M :)","date":"2011-09-16","format":false,"excerpt":"Jag har ingen syn helst aning om vad som h\u00e4nde, men pl\u00f6tsligt sm\u00e4llde det till i ryggen och nu kan jag knappt r\u00f6ra mig. K\u00e4nns inte kul att ringa jobbet bara ett par timmar innan jag ska b\u00f6rja, men jag hade inte precis n\u00e5got val. Tog lite sm\u00e4rtstillande och f\u00f6rs\u00f6kte\u2026","rel":"","context":"I \u201dVardagsliv\u201d","block_context":{"text":"Vardagsliv","link":"https:\/\/blogg.fumei.se\/?cat=47"},"img":{"alt_text":"","src":"","width":0,"height":0},"classes":[]},{"id":2089,"url":"https:\/\/blogg.fumei.se\/?p=2089","url_meta":{"origin":1649,"position":1},"title":"Man kanske borde ge sig p\u00e5 en liten uppdatering","author":"M :)","date":"2012-02-15","format":false,"excerpt":"Inte f\u00f6r att det finns s\u00e5 mycket att skriva om. Eller? Det som h\u00e4nt senaste tiden \u00e4r att jag och Fia \u00e4r sams igen, vi har k\u00f6pt en nya soffa och vi planerar semestern. Br\u00e5ket orkar jag helt enkelt inte skriva n\u00e5got om, det r\u00e4cker gott att vi \u00e4r sams\u2026","rel":"","context":"I \u201dHemmet\u201d","block_context":{"text":"Hemmet","link":"https:\/\/blogg.fumei.se\/?cat=31"},"img":{"alt_text":"","src":"https:\/\/i0.wp.com\/blogg.fumei.se\/wp-content\/uploads\/2012\/02\/2012-02-15-12.57.18-300x225.jpg?resize=350%2C200","width":350,"height":200},"classes":[]},{"id":1047,"url":"https:\/\/blogg.fumei.se\/?p=1047","url_meta":{"origin":1649,"position":2},"title":"Tjejsnack vecka 36","author":"M :)","date":"2009-08-30","format":false,"excerpt":"Vill du ocks\u00e5 vara med? Du hittar Tjejsnack h\u00e4r. Musik 1. Vad lyssnade\/lyssnar du p\u00e5 i ton\u00e5ren?Gawd det \u00e4r ju s\u00e5 l\u00e4ngesen! Jag tror att jag lyssnade p\u00e5 samma saker d\u00e5 som nu, tex Bon Jovi, Aerosmith, Mellencamp och Europe. Jag lyssnade \u00e4ven p\u00e5 pop som Duran Duran och Wham.2.\u2026","rel":"","context":"I \u201dVardagsliv\u201d","block_context":{"text":"Vardagsliv","link":"https:\/\/blogg.fumei.se\/?cat=47"},"img":{"alt_text":"","src":"","width":0,"height":0},"classes":[]},{"id":1436,"url":"https:\/\/blogg.fumei.se\/?p=1436","url_meta":{"origin":1649,"position":3},"title":"Mingel","author":"M :)","date":"2011-09-22","format":false,"excerpt":"Den h\u00e4r veckan \u00e4r det [bokm\u00e4ssa] i G\u00f6teborg, och min v\u00e4n [Kerstin] \u00e4r en av [bloggambassad\u00f6rerna], s\u00e5 ig\u00e5r var vi p\u00e5 bokm\u00e4ssans invigningsfest - Pressnatta. D\u00e4r tr\u00e4ffade vi andra bokbloggare\/ambassad\u00f6rer och spanade efter k\u00e4nda ansikten. Tyv\u00e4rr \u00e4r det ju v\u00e4ldigt f\u00e5 f\u00f6rfattare man kan peka ut och s\u00e4ga \"d\u00e4r \u00e4r\u2026","rel":"","context":"I \u201dB\u00f6cker och l\u00e4sning\u201d","block_context":{"text":"B\u00f6cker och l\u00e4sning","link":"https:\/\/blogg.fumei.se\/?cat=29"},"img":{"alt_text":"","src":"https:\/\/i0.wp.com\/blogg.fumei.se\/wp-content\/uploads\/2011\/09\/2011-09-21-21.28.28.jpg?resize=350%2C200","width":350,"height":200},"classes":[]},{"id":1108,"url":"https:\/\/blogg.fumei.se\/?p=1108","url_meta":{"origin":1649,"position":4},"title":"Tjejsnack vecka 38","author":"M :)","date":"2009-09-14","format":false,"excerpt":"Vill du ocks\u00e5 vara med? Du hittar Tjejsnack h\u00e4r. Br\u00f6llop 1. Vill du gifta dig\/\u00e4r du gift, varf\u00f6r?, om inte av vilken anledning?Jag \u00e4r inte gift, har inte varit gift heller. D\u00e4remot kan jag mycket v\u00e4l t\u00e4nka mig att gifta mig. F\u00f6rutsatt naturligtvis att jag har en man i mitt\u2026","rel":"","context":"I \u201dVardagsliv\u201d","block_context":{"text":"Vardagsliv","link":"https:\/\/blogg.fumei.se\/?cat=47"},"img":{"alt_text":"","src":"","width":0,"height":0},"classes":[]},{"id":6889,"url":"https:\/\/blogg.fumei.se\/?p=6889","url_meta":{"origin":1649,"position":5},"title":"Anti-allergi","author":"M :)","date":"2023-02-18","format":false,"excerpt":"\u00c4nda sedan jag gick i mellanstadiet har jag varit \u00f6verk\u00e4nslig mot mandlar och \u00e4ven mot p\u00e4ron. Inte mot n\u00e5gon annan frukt eller andra n\u00f6tter, av n\u00e5gon konstig anledning. F\u00f6r n\u00e5gra dagar sedan n\u00e4r Mikael var ute med jobbet k\u00f6pte jag hem indiskt, och inte f\u00f6rr\u00e4n efter\u00e5t ins\u00e5g jag att det\u2026","rel":"","context":"I \u201dMat och \u00e4tbart\u201d","block_context":{"text":"Mat och \u00e4tbart","link":"https:\/\/blogg.fumei.se\/?cat=206"},"img":{"alt_text":"","src":"https:\/\/i0.wp.com\/blogg.fumei.se\/wp-content\/uploads\/2024\/05\/8D1DFEF4-9A66-4D80-83D4-8A50A0F3443E_1_105_c.jpeg?resize=350%2C200","width":350,"height":200,"srcset":"https:\/\/i0.wp.com\/blogg.fumei.se\/wp-content\/uploads\/2024\/05\/8D1DFEF4-9A66-4D80-83D4-8A50A0F3443E_1_105_c.jpeg?resize=350%2C200 1x, https:\/\/i0.wp.com\/blogg.fumei.se\/wp-content\/uploads\/2024\/05\/8D1DFEF4-9A66-4D80-83D4-8A50A0F3443E_1_105_c.jpeg?resize=525%2C300 1.5x, https:\/\/i0.wp.com\/blogg.fumei.se\/wp-content\/uploads\/2024\/05\/8D1DFEF4-9A66-4D80-83D4-8A50A0F3443E_1_105_c.jpeg?resize=700%2C400 2x"},"classes":[]}],"_links":{"self":[{"href":"https:\/\/blogg.fumei.se\/index.php?rest_route=\/wp\/v2\/posts\/1649","targetHints":{"allow":["GET"]}}],"collection":[{"href":"https:\/\/blogg.fumei.se\/index.php?rest_route=\/wp\/v2\/posts"}],"about":[{"href":"https:\/\/blogg.fumei.se\/index.php?rest_route=\/wp\/v2\/types\/post"}],"author":[{"embeddable":true,"href":"https:\/\/blogg.fumei.se\/index.php?rest_route=\/wp\/v2\/users\/1"}],"replies":[{"embeddable":true,"href":"https:\/\/blogg.fumei.se\/index.php?rest_route=%2Fwp%2Fv2%2Fcomments&post=1649"}],"version-history":[{"count":2,"href":"https:\/\/blogg.fumei.se\/index.php?rest_route=\/wp\/v2\/posts\/1649\/revisions"}],"predecessor-version":[{"id":1652,"href":"https:\/\/blogg.fumei.se\/index.php?rest_route=\/wp\/v2\/posts\/1649\/revisions\/1652"}],"wp:attachment":[{"href":"https:\/\/blogg.fumei.se\/index.php?rest_route=%2Fwp%2Fv2%2Fmedia&parent=1649"}],"wp:term":[{"taxonomy":"category","embeddable":true,"href":"https:\/\/blogg.fumei.se\/index.php?rest_route=%2Fwp%2Fv2%2Fcategories&post=1649"},{"taxonomy":"post_tag","embeddable":true,"href":"https:\/\/blogg.fumei.se\/index.php?rest_route=%2Fwp%2Fv2%2Ftags&post=1649"}],"curies":[{"name":"wp","href":"https:\/\/api.w.org\/{rel}","templated":true}]}}