{"id":165,"date":"2010-11-09T08:30:00","date_gmt":"2010-11-09T08:30:00","guid":{"rendered":"\/Blogg\/post\/Da-var-det-dags-igen.aspx"},"modified":"2010-11-09T08:30:00","modified_gmt":"2010-11-09T08:30:00","slug":"da-var-det-dags-igen","status":"publish","type":"post","link":"https:\/\/blogg.fumei.se\/?p=165","title":{"rendered":"D\u00e5 var det dags igen&#8230;"},"content":{"rendered":"<p>N&aring;gon g&aring;ng efter midnatt inatt b&ouml;rjade det sn&ouml;a, och det sn&ouml;ar fortfarande. F&ouml;r en g&aring;ngs skull hade v&auml;derleksrapporten r&auml;tt! I dag p&aring; morgonen vaknade jag till det h&auml;r:<\/p>\n<p><img decoding=\"async\" src=\"\/blogg\/image.axd?picture=2010%2f11%2f201011092368.jpg\" alt=\"\" \/><\/p>\n<p><img decoding=\"async\" src=\"\/blogg\/image.axd?picture=2010%2f11%2f201011092369.jpg\" alt=\"\" \/><\/p>\n<p><img decoding=\"async\" src=\"\/blogg\/image.axd?picture=2010%2f11%2f201011092367.jpg\" alt=\"\" \/><\/p>\n<p>&#8230;och Robin undrade lite f&ouml;rsiktigt om jag fortfarande skulle iv&auml;g och jobba idag. Han tvivlar p&aring; att t&aring;gen k&ouml;r n&auml;r det &auml;r sn&ouml; p&aring; sp&aring;ren&#8230;<\/p>\n<p>&nbsp;<\/p>\n","protected":false},"excerpt":{"rendered":"<p>N&aring;gon g&aring;ng efter midnatt inatt b&ouml;rjade det sn&ouml;a, och det sn&ouml;ar fortfarande. F&ouml;r en g&aring;ngs skull hade v&auml;derleksrapporten r&auml;tt! I dag p&aring; morgonen vaknade jag till det h&auml;r: &#8230;och Robin undrade lite f&ouml;rsiktigt om jag fortfarande skulle iv&auml;g och jobba idag. Han tvivlar p&aring; att t&aring;gen k&ouml;r n&auml;r det &auml;r sn&ouml; p&aring; sp&aring;ren&#8230; &nbsp;<\/p>\n","protected":false},"author":1,"featured_media":0,"comment_status":"open","ping_status":"open","sticky":false,"template":"","format":"standard","meta":{"jetpack_post_was_ever_published":false,"_jetpack_newsletter_access":"","_jetpack_dont_email_post_to_subs":false,"_jetpack_newsletter_tier_id":0,"_jetpack_memberships_contains_paywalled_content":false,"_jetpack_memberships_contains_paid_content":false,"footnotes":"","jetpack_publicize_message":"","jetpack_publicize_feature_enabled":true,"jetpack_social_post_already_shared":false,"jetpack_social_options":{"image_generator_settings":{"template":"highway","default_image_id":0,"font":"","enabled":false},"version":2}},"categories":[47],"tags":[],"class_list":["post-165","post","type-post","status-publish","format-standard","hentry","category-vardagsliv"],"jetpack_publicize_connections":[],"jetpack_featured_media_url":"","jetpack_shortlink":"https:\/\/wp.me\/p3qko4-2F","jetpack_sharing_enabled":true,"jetpack_likes_enabled":true,"jetpack-related-posts":[{"id":88,"url":"https:\/\/blogg.fumei.se\/?p=88","url_meta":{"origin":165,"position":0},"title":"30 dagar i b\u00f6cker &#8211; Dag 2","author":"M :)","date":"2011-02-06","format":false,"excerpt":"Day 02 \u2013 A book that you\u2019ve read more than 3 times Tja, \"Breaking Dawn\" har jag ju l\u00e4st mer \u00e4n tre g\u00e5nger, och jag tycker fortfarande att den \u00e4r den b\u00e4sta boken i Twilightsagan.","rel":"","context":"I \u201dVardagsliv\u201d","block_context":{"text":"Vardagsliv","link":"https:\/\/blogg.fumei.se\/?cat=47"},"img":{"alt_text":"","src":"","width":0,"height":0},"classes":[]},{"id":213,"url":"https:\/\/blogg.fumei.se\/?p=213","url_meta":{"origin":165,"position":1},"title":"Regnet det bara \u00f6ser ner&#8230;","author":"M :)","date":"2010-06-20","format":false,"excerpt":"Fy fabian vad jag inte gillar regn. S\u00e4rskilt inte n\u00e4r jag \u00e4r ledig och hade t\u00e4nkt g\u00f6ra flera saker som involverar att vara utomhus, som tex promenad, fixa balkongen och att g\u00e5 till \u00e5tervinningen. Men men, jag f\u00e5r v\u00e4l skjuta upp det till en annan dag. Problemet \u00e4r bara att\u2026","rel":"","context":"I \u201dVardagsliv\u201d","block_context":{"text":"Vardagsliv","link":"https:\/\/blogg.fumei.se\/?cat=47"},"img":{"alt_text":"","src":"","width":0,"height":0},"classes":[]},{"id":210,"url":"https:\/\/blogg.fumei.se\/?p=210","url_meta":{"origin":165,"position":2},"title":"Mitt-i-sommaren","author":"EmEff","date":"2010-06-25","format":false,"excerpt":"TREVLIG MIDSOMMAR! Idag \u00e4r det midsommarafton. Inte f\u00f6r att jag firat det s\u00e4rskilt mycket n\u00e5gon g\u00e5ng, bara lite mera engagerat n\u00e4r barnen var sm\u00e5 och fortfarande ville vara med p\u00e5 lekarna och dansen runt st\u00e5ngen. Det k\u00e4nns mest som alla andra storhelger - en urs\u00e4kt f\u00f6r att f\u00e5 frossa i\u2026","rel":"","context":"I \u201dVardagsliv\u201d","block_context":{"text":"Vardagsliv","link":"https:\/\/blogg.fumei.se\/?cat=47"},"img":{"alt_text":"","src":"","width":0,"height":0},"classes":[]},{"id":2849,"url":"https:\/\/blogg.fumei.se\/?p=2849","url_meta":{"origin":165,"position":3},"title":"Change of plans","author":"M :)","date":"2012-12-03","format":false,"excerpt":"P\u00e5 Torsdag s\u00e4tter Fia och jag oss p\u00e5 t\u00e5get till Stockholm. Fr\u00e5n b\u00f6rjan var det t\u00e4nkt att vi skulle tr\u00e4ffa Nina och Kerstin och g\u00e5 p\u00e5 Muse, men s\u00e5 meddelade bandet i L\u00f6rdags att konserterna i Stockholm, Malm\u00f6 och Oslo st\u00e4llts in f\u00f6r att Matt Bellamy brutit foten. Nu har\u2026","rel":"","context":"I \u201dMusik\u201d","block_context":{"text":"Musik","link":"https:\/\/blogg.fumei.se\/?cat=48"},"img":{"alt_text":"","src":"","width":0,"height":0},"classes":[]},{"id":3015,"url":"https:\/\/blogg.fumei.se\/?p=3015","url_meta":{"origin":165,"position":4},"title":"Tiden g\u00e5r fort \u00e4ven om man inte har s\u00e5 roligt&#8230;","author":"M :)","date":"2013-07-12","format":false,"excerpt":"Idag \u00e4r ingen bra dag. Idag \u00e4r det n\u00e4mligen exakt en m\u00e5nad sen J talade om f\u00f6re mig att han inte ville forts\u00e4tta ha ett liv tillsammans med mig. Idag grinar jag. Inte hela tiden, men r\u00e4tt mycket, \u00e4nd\u00e5. M\u00e5nga \u00e4r de, som sagt att det blir l\u00e4ttare och b\u00e4ttre,\u2026","rel":"","context":"I \u201dVardagsliv\u201d","block_context":{"text":"Vardagsliv","link":"https:\/\/blogg.fumei.se\/?cat=47"},"img":{"alt_text":"","src":"","width":0,"height":0},"classes":[]},{"id":246,"url":"https:\/\/blogg.fumei.se\/?p=246","url_meta":{"origin":165,"position":5},"title":"Nj\u00e4e&#8230;","author":"M :)","date":"2010-04-29","format":false,"excerpt":"Det d\u00e4r med att g\u00e5 p\u00e5 pulverdiet \u00e4r nog inte riktigt min grej. F\u00f6r det f\u00f6rsta var jag hungrig hela tiden mellan \"m\u00e5len\", trots att jag hinkade vatten och kaffe, f\u00f6r det andra blev jag alldeles vimsig och k\u00e4nde mig - inte yr, men n\u00e4rap\u00e5 i alla fall (f\u00f6rmodligen p\u00e5\u2026","rel":"","context":"I \u201dVardagsliv\u201d","block_context":{"text":"Vardagsliv","link":"https:\/\/blogg.fumei.se\/?cat=47"},"img":{"alt_text":"","src":"","width":0,"height":0},"classes":[]}],"_links":{"self":[{"href":"https:\/\/blogg.fumei.se\/index.php?rest_route=\/wp\/v2\/posts\/165","targetHints":{"allow":["GET"]}}],"collection":[{"href":"https:\/\/blogg.fumei.se\/index.php?rest_route=\/wp\/v2\/posts"}],"about":[{"href":"https:\/\/blogg.fumei.se\/index.php?rest_route=\/wp\/v2\/types\/post"}],"author":[{"embeddable":true,"href":"https:\/\/blogg.fumei.se\/index.php?rest_route=\/wp\/v2\/users\/1"}],"replies":[{"embeddable":true,"href":"https:\/\/blogg.fumei.se\/index.php?rest_route=%2Fwp%2Fv2%2Fcomments&post=165"}],"version-history":[{"count":0,"href":"https:\/\/blogg.fumei.se\/index.php?rest_route=\/wp\/v2\/posts\/165\/revisions"}],"wp:attachment":[{"href":"https:\/\/blogg.fumei.se\/index.php?rest_route=%2Fwp%2Fv2%2Fmedia&parent=165"}],"wp:term":[{"taxonomy":"category","embeddable":true,"href":"https:\/\/blogg.fumei.se\/index.php?rest_route=%2Fwp%2Fv2%2Fcategories&post=165"},{"taxonomy":"post_tag","embeddable":true,"href":"https:\/\/blogg.fumei.se\/index.php?rest_route=%2Fwp%2Fv2%2Ftags&post=165"}],"curies":[{"name":"wp","href":"https:\/\/api.w.org\/{rel}","templated":true}]}}