{"id":1653,"date":"2011-10-24T16:11:05","date_gmt":"2011-10-24T14:11:05","guid":{"rendered":"http:\/\/blogg.fumei.se\/?p=1653"},"modified":"2011-10-24T17:18:20","modified_gmt":"2011-10-24T15:18:20","slug":"svensson-svensson","status":"publish","type":"post","link":"https:\/\/blogg.fumei.se\/?p=1653","title":{"rendered":"Svensson, Svensson"},"content":{"rendered":"<p>Fr\u00e5n att ha levt lite halv-bohemiskt och tr\u00e4ngts i en 120 cm s\u00e4ng i drygt ett \u00e5r, har vi nu (\u00e4ntligen) blivit med dubbels\u00e4ng. Vi bytte madrass med Fia &#8211; v\u00e5r 120 centimetare mot hennes 90:a &#8211; lade till \u00e4nnu en 90-madrass, och idag var jag iv\u00e4g och h\u00e4mtade en s\u00e4ngram som jag hittat via en k\u00f6pes\/bytes\/s\u00e4ljes-grupp p\u00e5 Facebook.<\/p>\n<p>S\u00e5 nu ser det ut s\u00e5 h\u00e4r i v\u00e5r sovrumshalva av vardagsrummet:<\/p>\n<p><a rel=\"attachment wp-att-1654\" href=\"https:\/\/blogg.fumei.se\/?attachment_id=1654\"><img data-recalc-dims=\"1\" loading=\"lazy\" decoding=\"async\" data-attachment-id=\"1654\" data-permalink=\"https:\/\/blogg.fumei.se\/?attachment_id=1654\" data-orig-file=\"https:\/\/i0.wp.com\/blogg.fumei.se\/wp-content\/uploads\/2011\/10\/2011-10-24-15.50.03.jpg?fit=1280%2C960&amp;ssl=1\" data-orig-size=\"1280,960\" data-comments-opened=\"1\" data-image-meta=\"{&quot;aperture&quot;:&quot;2.7&quot;,&quot;credit&quot;:&quot;&quot;,&quot;camera&quot;:&quot;GT-I5500&quot;,&quot;caption&quot;:&quot;&quot;,&quot;created_timestamp&quot;:&quot;1319471403&quot;,&quot;copyright&quot;:&quot;&quot;,&quot;focal_length&quot;:&quot;2.73&quot;,&quot;iso&quot;:&quot;100&quot;,&quot;shutter_speed&quot;:&quot;0.0833333333333&quot;,&quot;title&quot;:&quot;&quot;}\" data-image-title=\"2011-10-24 15.50.03\" data-image-description=\"\" data-image-caption=\"\" data-large-file=\"https:\/\/i0.wp.com\/blogg.fumei.se\/wp-content\/uploads\/2011\/10\/2011-10-24-15.50.03.jpg?fit=640%2C480&amp;ssl=1\" class=\"aligncenter size-medium wp-image-1654\" title=\"2011-10-24 15.50.03\" src=\"https:\/\/i0.wp.com\/blogg.fumei.se\/wp-content\/uploads\/2011\/10\/2011-10-24-15.50.03.jpg?resize=300%2C225&#038;ssl=1\" alt=\"\" width=\"300\" height=\"225\" srcset=\"https:\/\/i0.wp.com\/blogg.fumei.se\/wp-content\/uploads\/2011\/10\/2011-10-24-15.50.03.jpg?resize=300%2C225&amp;ssl=1 300w, https:\/\/i0.wp.com\/blogg.fumei.se\/wp-content\/uploads\/2011\/10\/2011-10-24-15.50.03.jpg?resize=1024%2C768&amp;ssl=1 1024w, https:\/\/i0.wp.com\/blogg.fumei.se\/wp-content\/uploads\/2011\/10\/2011-10-24-15.50.03.jpg?w=1280&amp;ssl=1 1280w\" sizes=\"auto, (max-width: 300px) 100vw, 300px\" \/><\/a><\/p>\n<p>Mmm, jag vet, det \u00e4r liiiite tr\u00e5ngt, men \u00e5 andra sidan brukar vi inte kuta omkring runt s\u00e4ngen \u00e4nd\u00e5, s\u00e5 det spelar faktiskt mindre roll.<\/p>\n","protected":false},"excerpt":{"rendered":"<p>Fr\u00e5n att ha levt lite halv-bohemiskt och tr\u00e4ngts i en 120 cm s\u00e4ng i drygt ett \u00e5r, har vi nu (\u00e4ntligen) blivit med dubbels\u00e4ng. Vi bytte madrass med Fia &#8211; v\u00e5r 120 centimetare mot hennes 90:a &#8211; lade till \u00e4nnu en 90-madrass, och idag var jag iv\u00e4g och h\u00e4mtade en s\u00e4ngram som jag hittat via&#8230;<\/p>\n","protected":false},"author":1,"featured_media":0,"comment_status":"open","ping_status":"open","sticky":false,"template":"","format":"standard","meta":{"jetpack_post_was_ever_published":false,"_jetpack_newsletter_access":"","_jetpack_dont_email_post_to_subs":false,"_jetpack_newsletter_tier_id":0,"_jetpack_memberships_contains_paywalled_content":false,"_jetpack_memberships_contains_paid_content":false,"footnotes":"","jetpack_publicize_message":"","jetpack_publicize_feature_enabled":true,"jetpack_social_post_already_shared":false,"jetpack_social_options":{"image_generator_settings":{"template":"highway","default_image_id":0,"font":"","enabled":false},"version":2}},"categories":[31],"tags":[],"class_list":["post-1653","post","type-post","status-publish","format-standard","hentry","category-hemmet"],"jetpack_publicize_connections":[],"jetpack_featured_media_url":"","jetpack_shortlink":"https:\/\/wp.me\/p3qko4-qF","jetpack_sharing_enabled":true,"jetpack_likes_enabled":true,"jetpack-related-posts":[{"id":2727,"url":"https:\/\/blogg.fumei.se\/?p=2727","url_meta":{"origin":1653,"position":0},"title":"Motionstips","author":"M :)","date":"2012-08-19","format":false,"excerpt":"Hittade den h\u00e4r lilla listan hos Frisk & Kry. Det \u00e4r ju \u00e4nd\u00e5 r\u00e4tt m\u00e5nga saker man g\u00f6r varje dag som kr\u00e4ver energi, dvs f\u00f6rbr\u00e4nner kalorier. Imorgon b\u00f6rjar jag jobba igen efter semestern ocks\u00e5, det brukar ju bli en del spring d\u00e4r... Ta en dusch 15 minuter - 35 kcal\u2026","rel":"","context":"I \u201dVardagsliv\u201d","block_context":{"text":"Vardagsliv","link":"https:\/\/blogg.fumei.se\/?cat=47"},"img":{"alt_text":"","src":"","width":0,"height":0},"classes":[]},{"id":290,"url":"https:\/\/blogg.fumei.se\/?p=290","url_meta":{"origin":1653,"position":1},"title":"Enformigt arbete","author":"EmEff","date":"2010-02-21","format":false,"excerpt":"Jag har roat mig en stund med att l\u00e4gga ut n\u00e5gra annonser p\u00e5 Tradera. Jag k\u00e4nner\u00a0att om jag nu ska g\u00f6ra mig av med en massa kl\u00e4der som bara ligger och skr\u00e4par, s\u00e5 kan jag lika g\u00e4rna f\u00f6rs\u00f6ka f\u00e5 n\u00e5gra korv\u00e4ren f\u00f6r dem, s\u00e5 jag har fotograferat och s\u00e5 har\u2026","rel":"","context":"I \u201dVardagsliv\u201d","block_context":{"text":"Vardagsliv","link":"https:\/\/blogg.fumei.se\/?cat=47"},"img":{"alt_text":"","src":"","width":0,"height":0},"classes":[]},{"id":1896,"url":"https:\/\/blogg.fumei.se\/?p=1896","url_meta":{"origin":1653,"position":2},"title":"Snart \u00e4r glada julen slut, slut, slut","author":"M :)","date":"2011-12-25","format":false,"excerpt":"Nu har det firats jul redigt och ordentligt h\u00e4r, med mat och klappar och huset fullt av folk! I \u00e5r var vi s\u00e5 m\u00e5nga som 15 stycken, det var mor och far, jag, J, Fia och Robin, Silvio, Emma, Lovisa och Victor och Ilse, Magnus, Frida och Tyra, och s\u00e5\u2026","rel":"","context":"I \u201dFamiljen\u201d","block_context":{"text":"Familjen","link":"https:\/\/blogg.fumei.se\/?cat=34"},"img":{"alt_text":"","src":"https:\/\/i0.wp.com\/blogg.fumei.se\/wp-content\/uploads\/2011\/12\/P1120194.jpg?resize=350%2C200","width":350,"height":200},"classes":[]},{"id":892,"url":"https:\/\/blogg.fumei.se\/?p=892","url_meta":{"origin":1653,"position":3},"title":"*sucka*","author":"M :)","date":"2009-04-27","format":false,"excerpt":"\u00e4r det enda jag kan g\u00f6ra just nu. Idag n\u00e4r jag kom hem hade n\u00e5got utav barnen varit p\u00e5 min dator, s\u00e5 min webl\u00e4sare var uppdaterad med senaste versionen n\u00e4r jag kom hem. Iofs bra, men i och med uppdateringen har ALLA favoriterna f\u00f6rsvunnit! Och dessutom har jag gl\u00f6mt vad\u2026","rel":"","context":"I \u201dVardagsliv\u201d","block_context":{"text":"Vardagsliv","link":"https:\/\/blogg.fumei.se\/?cat=47"},"img":{"alt_text":"","src":"","width":0,"height":0},"classes":[]},{"id":870,"url":"https:\/\/blogg.fumei.se\/?p=870","url_meta":{"origin":1653,"position":4},"title":"Hem ljuva hem","author":"M :)","date":"2009-03-25","format":false,"excerpt":"Nu har vi flyttat. Eller s\u00e5 gott som, i alla fall. Inatt sover vi f\u00f6r f\u00f6rsta g\u00e5ngen i v\u00e5r nya l\u00e4genhet. Visserligen p\u00e5 madrasser p\u00e5 golvet, men \u00e4nd\u00e5.Vi har flyttat hit alla kl\u00e4der och s\u00e5 gott som alla sm\u00e5prylar och k\u00f6ksartiklar, s\u00e5 nu \u00e4r det mest bara m\u00f6bler och st\u00f6rre\u2026","rel":"","context":"I \u201dVardagsliv\u201d","block_context":{"text":"Vardagsliv","link":"https:\/\/blogg.fumei.se\/?cat=47"},"img":{"alt_text":"","src":"","width":0,"height":0},"classes":[]},{"id":268,"url":"https:\/\/blogg.fumei.se\/?p=268","url_meta":{"origin":1653,"position":5},"title":"Reserverat","author":"M :)","date":"2010-03-21","format":false,"excerpt":"Ibland t\u00e4nker man inte l\u00e5ngt. H\u00e4r g\u00e5r jag och v\u00e4ntar p\u00e5 att b\u00f6cker ska komma p\u00e5 svenska eller reas ut f\u00f6r att jag ska ha r\u00e5d att k\u00f6pa dem (b\u00f6cker p\u00e5 engelska \u00e4r oftast dyyyra, eb engelsk pocket kostar ca 120 kr medan en svensk \u00f6vers\u00e4ttning brukar ligga runt 60\u2026","rel":"","context":"I \u201dVardagsliv\u201d","block_context":{"text":"Vardagsliv","link":"https:\/\/blogg.fumei.se\/?cat=47"},"img":{"alt_text":"","src":"","width":0,"height":0},"classes":[]}],"_links":{"self":[{"href":"https:\/\/blogg.fumei.se\/index.php?rest_route=\/wp\/v2\/posts\/1653","targetHints":{"allow":["GET"]}}],"collection":[{"href":"https:\/\/blogg.fumei.se\/index.php?rest_route=\/wp\/v2\/posts"}],"about":[{"href":"https:\/\/blogg.fumei.se\/index.php?rest_route=\/wp\/v2\/types\/post"}],"author":[{"embeddable":true,"href":"https:\/\/blogg.fumei.se\/index.php?rest_route=\/wp\/v2\/users\/1"}],"replies":[{"embeddable":true,"href":"https:\/\/blogg.fumei.se\/index.php?rest_route=%2Fwp%2Fv2%2Fcomments&post=1653"}],"version-history":[{"count":4,"href":"https:\/\/blogg.fumei.se\/index.php?rest_route=\/wp\/v2\/posts\/1653\/revisions"}],"predecessor-version":[{"id":1658,"href":"https:\/\/blogg.fumei.se\/index.php?rest_route=\/wp\/v2\/posts\/1653\/revisions\/1658"}],"wp:attachment":[{"href":"https:\/\/blogg.fumei.se\/index.php?rest_route=%2Fwp%2Fv2%2Fmedia&parent=1653"}],"wp:term":[{"taxonomy":"category","embeddable":true,"href":"https:\/\/blogg.fumei.se\/index.php?rest_route=%2Fwp%2Fv2%2Fcategories&post=1653"},{"taxonomy":"post_tag","embeddable":true,"href":"https:\/\/blogg.fumei.se\/index.php?rest_route=%2Fwp%2Fv2%2Ftags&post=1653"}],"curies":[{"name":"wp","href":"https:\/\/api.w.org\/{rel}","templated":true}]}}