{"id":1659,"date":"2011-10-26T10:57:10","date_gmt":"2011-10-26T08:57:10","guid":{"rendered":"http:\/\/blogg.fumei.se\/?p=1659"},"modified":"2011-10-26T10:57:10","modified_gmt":"2011-10-26T08:57:10","slug":"ledig-vecka-typ-nastan-i-alla-fall","status":"publish","type":"post","link":"https:\/\/blogg.fumei.se\/?p=1659","title":{"rendered":"Ledig vecka. Typ. N\u00e4stan i alla fall."},"content":{"rendered":"<p>F\u00f6rra veckan och den h\u00e4r blir det inte m\u00e5nga arbetsdagar. Jag har bytt ett par pass med en kollega, s\u00e5 f\u00f6rra veckan jobbade jag tisdag, onsdag och torsdag, och den h\u00e4r veckan jobbar jag tisdag, fredag och l\u00f6rdag. Pappas kommentar var &#8221;n\u00e4r jobbar du egentligen?&#8221;.<br \/>\nMen det \u00e4r sk\u00f6nt att vara lite ledig utan att beh\u00f6va <em>ta <\/em>ledigt. Det \u00e4r en av f\u00f6rdelarna med att l\u00e4gga sitt eget schema.<\/p>\n<p>Idag blir det skogspromenad med Stella. Det har blivit en rutin f\u00f6r lediga dagar. Sen ska jag ta kort p\u00e5 gamla bilen \u00e5t far, s\u00e5 att han har bilder om och n\u00e4r det \u00e4r dags f\u00f6r f\u00f6rs\u00e4ljning.<br \/>\nUt\u00f6ver det ska jag ge mig p\u00e5 kaklet och listerna i badrummet med en gammal tandborste och f\u00f6rs\u00f6ka f\u00e5 bort allt \u00e4ckel. Svartm\u00f6gel som fastighetssk\u00f6taren p\u00e5st\u00e5r kommer av att vi har f\u00f6nstren \u00f6ppna s\u00e5 det inte blir torrt. Jo, tjena. Men jag har sett en massa avnsitt av &#8221;How clean is your house&#8221; nu, s\u00e5 jag har massor med tips\u00a0 bagaget!<\/p>\n<p>S\u00e5, dags att hoppa i kl\u00e4derna&#8230;p\u00e5 \u00e5terseende!<\/p>\n","protected":false},"excerpt":{"rendered":"<p>F\u00f6rra veckan och den h\u00e4r blir det inte m\u00e5nga arbetsdagar. Jag har bytt ett par pass med en kollega, s\u00e5 f\u00f6rra veckan jobbade jag tisdag, onsdag och torsdag, och den h\u00e4r veckan jobbar jag tisdag, fredag och l\u00f6rdag. Pappas kommentar var &#8221;n\u00e4r jobbar du egentligen?&#8221;. Men det \u00e4r sk\u00f6nt att vara lite ledig utan att&#8230;<\/p>\n","protected":false},"author":1,"featured_media":0,"comment_status":"open","ping_status":"open","sticky":false,"template":"","format":"standard","meta":{"jetpack_post_was_ever_published":false,"_jetpack_newsletter_access":"","_jetpack_dont_email_post_to_subs":false,"_jetpack_newsletter_tier_id":0,"_jetpack_memberships_contains_paywalled_content":false,"_jetpack_memberships_contains_paid_content":false,"footnotes":"","jetpack_publicize_message":"","jetpack_publicize_feature_enabled":true,"jetpack_social_post_already_shared":false,"jetpack_social_options":{"image_generator_settings":{"template":"highway","default_image_id":0,"font":"","enabled":false},"version":2}},"categories":[31],"tags":[],"class_list":["post-1659","post","type-post","status-publish","format-standard","hentry","category-hemmet"],"jetpack_publicize_connections":[],"jetpack_featured_media_url":"","jetpack_shortlink":"https:\/\/wp.me\/p3qko4-qL","jetpack_sharing_enabled":true,"jetpack_likes_enabled":true,"jetpack-related-posts":[{"id":188,"url":"https:\/\/blogg.fumei.se\/?p=188","url_meta":{"origin":1659,"position":0},"title":"P\u00e5&#8217;t igen","author":"M :)","date":"2010-08-15","format":false,"excerpt":"Semestern \u00e4r slut. Imorgon ska jag b\u00f6rja jobba igen efter tre veckors slappande. Blir nog inte s\u00e5 roligt att beh\u00f6va g\u00e5 upp klockan 4.15, men det \u00e4r sm\u00e4llar man f\u00e5r ta. Jag jobbar inte s\u00e5 fasligt mycket den h\u00e4r veckan \u00e4nd\u00e5 - m\u00e5ndag, tisdag och fredag. P\u00e5 onsdag kommer J\u2026","rel":"","context":"I \u201dVardagsliv\u201d","block_context":{"text":"Vardagsliv","link":"https:\/\/blogg.fumei.se\/?cat=47"},"img":{"alt_text":"","src":"","width":0,"height":0},"classes":[]},{"id":1134,"url":"https:\/\/blogg.fumei.se\/?p=1134","url_meta":{"origin":1659,"position":1},"title":"Jobba, jobba, jobba&#8230;","author":"M :)","date":"2009-09-05","format":false,"excerpt":"Ja det k\u00e4nns som om jag inte g\u00f6r mycket annat \u00e4n jobbar. Men f\u00f6rhoppningsvis v\u00e4ger de extrapass jag jobbat den h\u00e4r veckan upp f\u00f6r sjukskrivningen f\u00f6rra veckan, s\u00e5 att jag inte f\u00f6rlorar alldeles f\u00f6r mycket p\u00e5 det. Nu \u00e4r jag i alla fall ledig. L\u00e5nghelg. L\u00f6rdag, S\u00f6ndag och M\u00e5ndag. Fast\u2026","rel":"","context":"I \u201dVardagsliv\u201d","block_context":{"text":"Vardagsliv","link":"https:\/\/blogg.fumei.se\/?cat=47"},"img":{"alt_text":"","src":"","width":0,"height":0},"classes":[]},{"id":174,"url":"https:\/\/blogg.fumei.se\/?p=174","url_meta":{"origin":1659,"position":2},"title":"Bloggeri bloggera","author":"M :)","date":"2010-10-17","format":false,"excerpt":"Orka kl\u00e4mk\u00e4ck rubriks\u00e4ttning...Inget s\u00e4rskilt att \"rapportera\", har mest jobbat senaste veckan. Har i och f\u00f6r sig hunnit med att fels\u00f6ka datorproblem, sskruva is\u00e4r och ihop dator och installera ny h\u00e5rddisk p\u00e5 Robins nya dator, och \u00e4ntligen funkar den! Den gamla gjorde vi en total\u00e5terst\u00e4llning p\u00e5 idag s\u00e5 att den rensades\u2026","rel":"","context":"I \u201dVardagsliv\u201d","block_context":{"text":"Vardagsliv","link":"https:\/\/blogg.fumei.se\/?cat=47"},"img":{"alt_text":"","src":"","width":0,"height":0},"classes":[]},{"id":947,"url":"https:\/\/blogg.fumei.se\/?p=947","url_meta":{"origin":1659,"position":3},"title":"Hon kom iv\u00e4g","author":"M :)","date":"2009-05-12","format":false,"excerpt":"Det var (s\u00e5 gott som) st\u00e4dat och diskat n\u00e4r jag kom hem ig\u00e5r.Fia hade l\u00e4mnat ett par kastruller och n\u00e5n bunke som inte fick plats i diskst\u00e4llet, men ok d\u00e5. Hon hade st\u00e4dat sitt rum (hj\u00e4lpligt iofs men vafan det l\u00e5g inte \u00f6ver hela rummet) och de hade gjort l\u00e4xor\u2026","rel":"","context":"I \u201dVardagsliv\u201d","block_context":{"text":"Vardagsliv","link":"https:\/\/blogg.fumei.se\/?cat=47"},"img":{"alt_text":"","src":"","width":0,"height":0},"classes":[]},{"id":221,"url":"https:\/\/blogg.fumei.se\/?p=221","url_meta":{"origin":1659,"position":4},"title":"Sn\u00e4lla barn","author":"EmEff","date":"2010-05-31","format":false,"excerpt":"Har jag ibland. Som tex ig\u00e5r, n\u00e4r jag fick blomma och kort p\u00e5 Mors Dag. Tv\u00e5 trisslotter fick jag ocks\u00e5, och med min vanliga tur vann jag s\u00e5klart inte ens en ny lott. Idag \u00e4r jag ledig. Med betoning p\u00e5 ledig. Jag har visserligen ett hem som \u00e4r bedr\u00f6vligt f\u00f6rsummat\u2026","rel":"","context":"I \u201dVardagsliv\u201d","block_context":{"text":"Vardagsliv","link":"https:\/\/blogg.fumei.se\/?cat=47"},"img":{"alt_text":"","src":"","width":0,"height":0},"classes":[]},{"id":1186,"url":"https:\/\/blogg.fumei.se\/?p=1186","url_meta":{"origin":1659,"position":5},"title":"Blah","author":"M :)","date":"2009-11-24","format":false,"excerpt":"Rubriks\u00e4ttaren \u00e4r p\u00e5 semester i Maldiverna s\u00e5 jag f\u00e5r s\u00e4tta egna rubriker och det g\u00e5r s\u00e5d\u00e4r, som ni kan se...Dags f\u00f6r en flera dagars uppdatering igen, ser jag. Tja, helgen var lugn, jag jobbade l\u00f6rdag kv\u00e4ll, och det var inte s\u00e5 mycket att g\u00f6ra, vi var dessutom gott om personal\u2026","rel":"","context":"I \u201dVardagsliv\u201d","block_context":{"text":"Vardagsliv","link":"https:\/\/blogg.fumei.se\/?cat=47"},"img":{"alt_text":"","src":"","width":0,"height":0},"classes":[]}],"_links":{"self":[{"href":"https:\/\/blogg.fumei.se\/index.php?rest_route=\/wp\/v2\/posts\/1659","targetHints":{"allow":["GET"]}}],"collection":[{"href":"https:\/\/blogg.fumei.se\/index.php?rest_route=\/wp\/v2\/posts"}],"about":[{"href":"https:\/\/blogg.fumei.se\/index.php?rest_route=\/wp\/v2\/types\/post"}],"author":[{"embeddable":true,"href":"https:\/\/blogg.fumei.se\/index.php?rest_route=\/wp\/v2\/users\/1"}],"replies":[{"embeddable":true,"href":"https:\/\/blogg.fumei.se\/index.php?rest_route=%2Fwp%2Fv2%2Fcomments&post=1659"}],"version-history":[{"count":1,"href":"https:\/\/blogg.fumei.se\/index.php?rest_route=\/wp\/v2\/posts\/1659\/revisions"}],"predecessor-version":[{"id":1660,"href":"https:\/\/blogg.fumei.se\/index.php?rest_route=\/wp\/v2\/posts\/1659\/revisions\/1660"}],"wp:attachment":[{"href":"https:\/\/blogg.fumei.se\/index.php?rest_route=%2Fwp%2Fv2%2Fmedia&parent=1659"}],"wp:term":[{"taxonomy":"category","embeddable":true,"href":"https:\/\/blogg.fumei.se\/index.php?rest_route=%2Fwp%2Fv2%2Fcategories&post=1659"},{"taxonomy":"post_tag","embeddable":true,"href":"https:\/\/blogg.fumei.se\/index.php?rest_route=%2Fwp%2Fv2%2Ftags&post=1659"}],"curies":[{"name":"wp","href":"https:\/\/api.w.org\/{rel}","templated":true}]}}