{"id":1663,"date":"2011-10-27T09:29:32","date_gmt":"2011-10-27T07:29:32","guid":{"rendered":"http:\/\/blogg.fumei.se\/?p=1663"},"modified":"2011-10-27T09:49:27","modified_gmt":"2011-10-27T07:49:27","slug":"the-old-fashioned-way","status":"publish","type":"post","link":"https:\/\/blogg.fumei.se\/?p=1663","title":{"rendered":"The old fashioned way"},"content":{"rendered":"<p>Sist jag k\u00f6pte kaffe blev det lite fel. Jag r\u00e5kade i all hast f\u00e5 med mig kok-kaffe hem ist\u00e4llet f\u00f6r bryggkaffe. Jag m\u00e4rkte det inte ens till att b\u00f6rja med, men efter att jag bryggt kaffe som vanligt n\u00e5gra g\u00e5nger och det inte smakade som det skulle, s\u00e5 r\u00e5kade jag titta till p\u00e5 f\u00f6rpackningen, och d\u00e4r stod det klart och tydligt &#8221;KOK&#8221;. D\u00e4r kom ocks\u00e5 f\u00f6rklaringen till att det var s\u00e5 grovmalet.<br \/>\nMen inte sl\u00f6sar vi i det h\u00e4r hemmet, inte, s\u00e5 fram med kastrull och vatten och koka kaffe p\u00e5 gamla s\u00e4ttet, och gudars vad gott det \u00e4r! Hade gl\u00f6mt bort att jag gillar kokat kaffe s\u00e5 mycket. Det \u00e4r liksom en mjukare smak, inte s\u00e5 beskt som bryggkaffe kan vara ibland.<br \/>\nHemma hos barnens farmor fick man alltid kokkaffe med nybakade kanelbullar n\u00e4r vi h\u00e4lsade p\u00e5, och om jag inte minns helt upp\u00e5t v\u00e4ggarna, s\u00e5 var det ocks\u00e5 kokkaffe som bj\u00f6ds i husvagnen n\u00e4r jag var med Pia och hennes f\u00f6r\u00e4ldrar i \u00c5rj\u00e4ng om somrarna. \u00c5h herregud, nu blir jag alldeles nostalgisk!<\/p>\n<p>S\u00e5 nu n\u00e4r jag sitter h\u00e4r och skriver ink\u00f6pslista inf\u00f6r storhandlingen \u00e4r fr\u00e5gan &#8221;ska jag k\u00f6pa brygg- eller kokkaffe?&#8221;. Det \u00e4r ju \u00e4nd\u00e5 bara jag som dricker kaffe h\u00e4r hemma, s\u00e5 jag v\u00e4ljer kok igen d\u00e5, bara f\u00f6r att jag kan haha!<br \/>\nHelst vill jag ju ha en s\u00f6t liten kaffepanna att koka mitt kaffe i, men det f\u00e5r v\u00e4nta tills jag hittar en p\u00e5 loppis. Eller om mor eller moster r\u00e5kar ha en i g\u00f6mmorna som de \u00e4nd\u00e5 inte anv\u00e4nder&#8230;<\/p>\n","protected":false},"excerpt":{"rendered":"<p>Sist jag k\u00f6pte kaffe blev det lite fel. Jag r\u00e5kade i all hast f\u00e5 med mig kok-kaffe hem ist\u00e4llet f\u00f6r bryggkaffe. Jag m\u00e4rkte det inte ens till att b\u00f6rja med, men efter att jag bryggt kaffe som vanligt n\u00e5gra g\u00e5nger och det inte smakade som det skulle, s\u00e5 r\u00e5kade jag titta till p\u00e5 f\u00f6rpackningen, och&#8230;<\/p>\n","protected":false},"author":1,"featured_media":0,"comment_status":"open","ping_status":"open","sticky":false,"template":"","format":"standard","meta":{"jetpack_post_was_ever_published":false,"_jetpack_newsletter_access":"","_jetpack_dont_email_post_to_subs":false,"_jetpack_newsletter_tier_id":0,"_jetpack_memberships_contains_paywalled_content":false,"_jetpack_memberships_contains_paid_content":false,"footnotes":"","jetpack_publicize_message":"","jetpack_publicize_feature_enabled":true,"jetpack_social_post_already_shared":false,"jetpack_social_options":{"image_generator_settings":{"template":"highway","default_image_id":0,"font":"","enabled":false},"version":2}},"categories":[47],"tags":[],"class_list":["post-1663","post","type-post","status-publish","format-standard","hentry","category-vardagsliv"],"jetpack_publicize_connections":[],"jetpack_featured_media_url":"","jetpack_shortlink":"https:\/\/wp.me\/p3qko4-qP","jetpack_sharing_enabled":true,"jetpack_likes_enabled":true,"jetpack-related-posts":[{"id":6905,"url":"https:\/\/blogg.fumei.se\/?p=6905","url_meta":{"origin":1663,"position":0},"title":"P\u00e5 andra sidan Atlanten","author":"M :)","date":"2024-05-30","format":false,"excerpt":"n\u00e4rmare best\u00e4mt i New York, har vi varit p\u00e5 en l\u00e5ngweekend. Vi har pratat om den h\u00e4r resan i ett par-tre \u00e5r, och nu kom vi \u00e4ntligen iv\u00e4g! Vi lyfte fr\u00e5n Landvetter 9.45 i onsdags morse, och efter en mellanlandning i Amsterdam landade vi p\u00e5 JFK strax f\u00f6re klockan 15\u2026","rel":"","context":"I \u201dResor\u201d","block_context":{"text":"Resor","link":"https:\/\/blogg.fumei.se\/?cat=478"},"img":{"alt_text":"","src":"https:\/\/i0.wp.com\/blogg.fumei.se\/wp-content\/uploads\/2024\/05\/CFF8C316-E142-4778-A1A6-0416D75CFC62_1_105_c.jpeg?resize=350%2C200","width":350,"height":200,"srcset":"https:\/\/i0.wp.com\/blogg.fumei.se\/wp-content\/uploads\/2024\/05\/CFF8C316-E142-4778-A1A6-0416D75CFC62_1_105_c.jpeg?resize=350%2C200 1x, https:\/\/i0.wp.com\/blogg.fumei.se\/wp-content\/uploads\/2024\/05\/CFF8C316-E142-4778-A1A6-0416D75CFC62_1_105_c.jpeg?resize=525%2C300 1.5x, https:\/\/i0.wp.com\/blogg.fumei.se\/wp-content\/uploads\/2024\/05\/CFF8C316-E142-4778-A1A6-0416D75CFC62_1_105_c.jpeg?resize=700%2C400 2x"},"classes":[]},{"id":198,"url":"https:\/\/blogg.fumei.se\/?p=198","url_meta":{"origin":1663,"position":1},"title":"Probleml\u00f6sning","author":"M :)","date":"2010-07-16","format":false,"excerpt":"I tisdags kv\u00e4ll kom Fia hem klockan 23. D\u00e5 b\u00f6rjade hon rota runt i k\u00f6ket efter n\u00e5got att \u00e4ta, och kom p\u00e5 den brajta id\u00e8n att hon skulle koka broccoli (fryst) och \u00e4ta macka till det. Ingen h\u00f6jdarm\u00e5ltid, direkt. Jag hade inte somnat \u00e4n, s\u00e5 jag ropade till henne att\u2026","rel":"","context":"I \u201dVardagsliv\u201d","block_context":{"text":"Vardagsliv","link":"https:\/\/blogg.fumei.se\/?cat=47"},"img":{"alt_text":"","src":"","width":0,"height":0},"classes":[]},{"id":1244,"url":"https:\/\/blogg.fumei.se\/?p=1244","url_meta":{"origin":1663,"position":2},"title":"Nytt","author":"M :)","date":"2010-01-01","format":false,"excerpt":"Nytt \u00e5r! God forts\u00e4ttning, alla som l\u00e4ser den h\u00e4r bloggen!Ny sn\u00f6 (heter det nysn\u00f6 fast det sn\u00f6at i flera dagar?), ny almanacka, nya tag. S\u00e5 h\u00e4r den f\u00f6rsta dagen p\u00e5 det nya \u00e5ret kan man hoppas och \u00f6nska att det h\u00e4r \u00e5ret ska bli b\u00e4ttre \u00e4n det f\u00f6rra (\u00e4ven om\u2026","rel":"","context":"I \u201dVardagsliv\u201d","block_context":{"text":"Vardagsliv","link":"https:\/\/blogg.fumei.se\/?cat=47"},"img":{"alt_text":"","src":"","width":0,"height":0},"classes":[]},{"id":3835,"url":"https:\/\/blogg.fumei.se\/?p=3835","url_meta":{"origin":1663,"position":3},"title":"Buzzning: Keldas grytbaser","author":"M :)","date":"2016-03-13","format":false,"excerpt":"Idag har jag lagat halvf\u00e4rdig mat. Ja, allts\u00e5, jag har lagat mat med hj\u00e4lp av halvfabrikat. Jag har n\u00e4mligen testat de nya grytbaserna fr\u00e5n Kelda som ett litet Buzzador-uppdrag. Jag anm\u00e4lde mig som vanligt via min sida p\u00e5 buzzador.com, och s\u00e5 blev jag en av de tursamma som valdes ut.\u2026","rel":"","context":"I \u201dVardagsliv\u201d","block_context":{"text":"Vardagsliv","link":"https:\/\/blogg.fumei.se\/?cat=47"},"img":{"alt_text":"2016-03-08 12.56.41","src":"https:\/\/i0.wp.com\/blogg.fumei.se\/wp-content\/uploads\/2016\/03\/2016-03-08-12.56.41-300x300.jpg?resize=350%2C200","width":350,"height":200},"classes":[]},{"id":1057,"url":"https:\/\/blogg.fumei.se\/?p=1057","url_meta":{"origin":1663,"position":4},"title":"Ut p\u00e5 \u00e4ventyr, del 1","author":"M :)","date":"2009-08-25","format":false,"excerpt":"Nu vet jag att det \u00e4r flera som \u00e4r ganska nyfikna p\u00e5 hur jag har haft det de senaste dagarna, s\u00e5 jag f\u00e5r v\u00e4l uppdatera er lite grann h\u00e4r d\u00e5. Det blir inga maffiga detaljer om ni tror det, vissa saker vill men dels ha f\u00f6r sig sj\u00e4lv, dels vill\u2026","rel":"","context":"I \u201dVardagsliv\u201d","block_context":{"text":"Vardagsliv","link":"https:\/\/blogg.fumei.se\/?cat=47"},"img":{"alt_text":"","src":"","width":0,"height":0},"classes":[]},{"id":924,"url":"https:\/\/blogg.fumei.se\/?p=924","url_meta":{"origin":1663,"position":5},"title":"Ledig helg = l\u00e4sning","author":"M :)","date":"2009-05-30","format":false,"excerpt":"Jag \u00e4r ledig hela helgen (l\u00f6rdag och s\u00f6ndag - jippii!), s\u00e5 jag har massor av tid att l\u00e4sa b\u00f6cker. Eller borde ha, om jag inte vore s\u00e5 tr\u00f6tt p\u00e5 arbetsdagarna att jag l\u00e4mnar allt hush\u00e5llsarbetet till mina lediga dagar.Men, n\u00e4r det \u00e4r s\u00e5 fint v\u00e4der som det har varit idag,\u2026","rel":"","context":"I \u201dVardagsliv\u201d","block_context":{"text":"Vardagsliv","link":"https:\/\/blogg.fumei.se\/?cat=47"},"img":{"alt_text":"","src":"","width":0,"height":0},"classes":[]}],"_links":{"self":[{"href":"https:\/\/blogg.fumei.se\/index.php?rest_route=\/wp\/v2\/posts\/1663","targetHints":{"allow":["GET"]}}],"collection":[{"href":"https:\/\/blogg.fumei.se\/index.php?rest_route=\/wp\/v2\/posts"}],"about":[{"href":"https:\/\/blogg.fumei.se\/index.php?rest_route=\/wp\/v2\/types\/post"}],"author":[{"embeddable":true,"href":"https:\/\/blogg.fumei.se\/index.php?rest_route=\/wp\/v2\/users\/1"}],"replies":[{"embeddable":true,"href":"https:\/\/blogg.fumei.se\/index.php?rest_route=%2Fwp%2Fv2%2Fcomments&post=1663"}],"version-history":[{"count":2,"href":"https:\/\/blogg.fumei.se\/index.php?rest_route=\/wp\/v2\/posts\/1663\/revisions"}],"predecessor-version":[{"id":1666,"href":"https:\/\/blogg.fumei.se\/index.php?rest_route=\/wp\/v2\/posts\/1663\/revisions\/1666"}],"wp:attachment":[{"href":"https:\/\/blogg.fumei.se\/index.php?rest_route=%2Fwp%2Fv2%2Fmedia&parent=1663"}],"wp:term":[{"taxonomy":"category","embeddable":true,"href":"https:\/\/blogg.fumei.se\/index.php?rest_route=%2Fwp%2Fv2%2Fcategories&post=1663"},{"taxonomy":"post_tag","embeddable":true,"href":"https:\/\/blogg.fumei.se\/index.php?rest_route=%2Fwp%2Fv2%2Ftags&post=1663"}],"curies":[{"name":"wp","href":"https:\/\/api.w.org\/{rel}","templated":true}]}}