{"id":1667,"date":"2011-10-27T20:55:44","date_gmt":"2011-10-27T18:55:44","guid":{"rendered":"http:\/\/blogg.fumei.se\/?p=1667"},"modified":"2011-10-27T20:55:44","modified_gmt":"2011-10-27T18:55:44","slug":"blark","status":"publish","type":"post","link":"https:\/\/blogg.fumei.se\/?p=1667","title":{"rendered":"Bl\u00e4rk"},"content":{"rendered":"<p>Ungef\u00e4r s\u00e5 m\u00e5r jag nu. Jag vet inte varf\u00f6r men senaste dagarna har jag haft en otrolig jobbig halsbr\u00e4nna och m\u00e5tt ganska tjyvigt p\u00e5 eftermiddagen och kv\u00e4llen. NEJ!!! Jag \u00e4r inte med barn! Gl\u00f6m alla tankar i den riktningen bums!<br \/>\nJag tror snarare att jag sover f\u00f6r lite (ja, jag vaknar ju av att de andra g\u00e5r upp och rumsterar om fast jag \u00e4r ledig och kan sova), motionerar \u00e4nnu mindre, \u00e4ter f\u00f6r mycket och dricker alldeles f\u00f6r mycket kaffe. Tyv\u00e4rr.<br \/>\nS\u00e5 jag f\u00e5r v\u00e4l \u00e4ndra p\u00e5 det, men fan till att ha d\u00e5lig karakt\u00e4r!<\/p>\n<p>Idag har jag i alla fall f\u00e5tt lite vettigt gjort i form av storhandling, fyllt p\u00e5 mitt pendelkort, tv\u00e4ttat och pl\u00e5tat mosters skridskor som ska l\u00e4ggas ut till f\u00f6rs\u00e4ljning.<br \/>\nSen lyckades jag laga smarrig fajitas p\u00e5 costaricanskt vis, klart godk\u00e4nd av sambon!<\/p>\n<p>Nu ska jag krypa i pyjamasen och sen krypa upp i soffan f\u00f6r veckans avsnitt av Criminal Minds.<\/p>\n<p><a rel=\"attachment wp-att-1669\" href=\"https:\/\/blogg.fumei.se\/?attachment_id=1669\"><img data-recalc-dims=\"1\" loading=\"lazy\" decoding=\"async\" data-attachment-id=\"1669\" data-permalink=\"https:\/\/blogg.fumei.se\/?attachment_id=1669\" data-orig-file=\"https:\/\/i0.wp.com\/blogg.fumei.se\/wp-content\/uploads\/2011\/10\/Criminal_Minds___chibi_by_Elixia_Dragmire2.jpg?fit=1240%2C877&amp;ssl=1\" data-orig-size=\"1240,877\" data-comments-opened=\"1\" data-image-meta=\"{&quot;aperture&quot;:&quot;0&quot;,&quot;credit&quot;:&quot;&quot;,&quot;camera&quot;:&quot;&quot;,&quot;caption&quot;:&quot;&quot;,&quot;created_timestamp&quot;:&quot;0&quot;,&quot;copyright&quot;:&quot;&quot;,&quot;focal_length&quot;:&quot;0&quot;,&quot;iso&quot;:&quot;0&quot;,&quot;shutter_speed&quot;:&quot;0&quot;,&quot;title&quot;:&quot;&quot;}\" data-image-title=\"Criminal_Minds___chibi_by_Elixia_Dragmire2\" data-image-description=\"\" data-image-caption=\"\" data-large-file=\"https:\/\/i0.wp.com\/blogg.fumei.se\/wp-content\/uploads\/2011\/10\/Criminal_Minds___chibi_by_Elixia_Dragmire2.jpg?fit=640%2C453&amp;ssl=1\" class=\"aligncenter size-large wp-image-1669\" title=\"Criminal_Minds___chibi_by_Elixia_Dragmire2\" src=\"https:\/\/i0.wp.com\/blogg.fumei.se\/wp-content\/uploads\/2011\/10\/Criminal_Minds___chibi_by_Elixia_Dragmire2.jpg?resize=640%2C452&#038;ssl=1\" alt=\"\" width=\"640\" height=\"452\" srcset=\"https:\/\/i0.wp.com\/blogg.fumei.se\/wp-content\/uploads\/2011\/10\/Criminal_Minds___chibi_by_Elixia_Dragmire2.jpg?resize=1024%2C724&amp;ssl=1 1024w, https:\/\/i0.wp.com\/blogg.fumei.se\/wp-content\/uploads\/2011\/10\/Criminal_Minds___chibi_by_Elixia_Dragmire2.jpg?resize=300%2C212&amp;ssl=1 300w, https:\/\/i0.wp.com\/blogg.fumei.se\/wp-content\/uploads\/2011\/10\/Criminal_Minds___chibi_by_Elixia_Dragmire2.jpg?w=1240&amp;ssl=1 1240w\" sizes=\"auto, (max-width: 640px) 100vw, 640px\" \/><\/a><\/p>\n<p><em>Dessa s\u00f6ta CM-chibis \u00e4r gjorda av en otroligt duktig tjej som ni kan hitta mer av <a href=\"http:\/\/elixia-dragmire.deviantart.com\/\" target=\"_blank\">h\u00e4r<\/a>.<\/em><\/p>\n","protected":false},"excerpt":{"rendered":"<p>Ungef\u00e4r s\u00e5 m\u00e5r jag nu. Jag vet inte varf\u00f6r men senaste dagarna har jag haft en otrolig jobbig halsbr\u00e4nna och m\u00e5tt ganska tjyvigt p\u00e5 eftermiddagen och kv\u00e4llen. NEJ!!! Jag \u00e4r inte med barn! Gl\u00f6m alla tankar i den riktningen bums! Jag tror snarare att jag sover f\u00f6r lite (ja, jag vaknar ju av att de&#8230;<\/p>\n","protected":false},"author":1,"featured_media":0,"comment_status":"open","ping_status":"open","sticky":false,"template":"","format":"standard","meta":{"jetpack_post_was_ever_published":false,"_jetpack_newsletter_access":"","_jetpack_dont_email_post_to_subs":false,"_jetpack_newsletter_tier_id":0,"_jetpack_memberships_contains_paywalled_content":false,"_jetpack_memberships_contains_paid_content":false,"footnotes":"","jetpack_publicize_message":"","jetpack_publicize_feature_enabled":true,"jetpack_social_post_already_shared":false,"jetpack_social_options":{"image_generator_settings":{"template":"highway","default_image_id":0,"font":"","enabled":false},"version":2}},"categories":[43,47],"tags":[],"class_list":["post-1667","post","type-post","status-publish","format-standard","hentry","category-filmer-och-tv","category-vardagsliv"],"jetpack_publicize_connections":[],"jetpack_featured_media_url":"","jetpack_shortlink":"https:\/\/wp.me\/s3qko4-blark","jetpack_sharing_enabled":true,"jetpack_likes_enabled":true,"jetpack-related-posts":[{"id":926,"url":"https:\/\/blogg.fumei.se\/?p=926","url_meta":{"origin":1667,"position":0},"title":"Energizer bunny","author":"M :)","date":"2009-05-28","format":false,"excerpt":"skulle jag beh\u00f6vt vara de senaste 2 dygnen. Jag b\u00f6rjade med att \u00e5ka till jobbet som vanligt p\u00e5 Onsdag morgon. D\u00e4r blev jag strax tillfr\u00e5gad om jag kunde t\u00e4nka mig att jobba \u00e4ven nattpasset. Som vanligt fick den d\u00e5liga ekonomin best\u00e4mma, s\u00e5 jag sa ja. Det innebar att jag skulle\u2026","rel":"","context":"I \u201dVardagsliv\u201d","block_context":{"text":"Vardagsliv","link":"https:\/\/blogg.fumei.se\/?cat=47"},"img":{"alt_text":"","src":"","width":0,"height":0},"classes":[]},{"id":1157,"url":"https:\/\/blogg.fumei.se\/?p=1157","url_meta":{"origin":1667,"position":1},"title":"Tjejsnack vecka 42","author":"M :)","date":"2009-10-11","format":false,"excerpt":"Vill du ocks\u00e5 vara med? Du hittar Tjejsnack h\u00e4r. F\u00f6rv\u00e4ntan 1. Vad v\u00e4ntade du senast p\u00e5? Att jag skulle f\u00e5 tillbaka min laptop efter att dottern l\u00e5nat den. Hennes \u00e4r p\u00e5 lagning s\u00e5 hon f\u00e5r kolla sin mail och lite s\u00e5nt en timme om dagen fr\u00e5n min tills vidare. 2.\u2026","rel":"","context":"I \u201dVardagsliv\u201d","block_context":{"text":"Vardagsliv","link":"https:\/\/blogg.fumei.se\/?cat=47"},"img":{"alt_text":"","src":"","width":0,"height":0},"classes":[]},{"id":619,"url":"https:\/\/blogg.fumei.se\/?p=619","url_meta":{"origin":1667,"position":2},"title":"Sp\u00e4ckad helg","author":"M :)","date":"2008-10-12","format":false,"excerpt":"H\u00e4r har det varit full rulle hela helgen. I l\u00f6rdags st\u00e4dade vi, och jag gjorde storkok av k\u00f6ttf\u00e4rss\u00e5s och k\u00e5lpudding. Ilse, Magnus, Frida och Tyra ramlade in vid 15-tiden och s\u00e5g ut som om de skulle flytta in. Efter kaffe, fruktstund, vilopaus f\u00f6r k\u00f6rande pappor och middag f\u00f6r sm\u00e5 flickor,\u2026","rel":"","context":"I \u201dVardagsliv\u201d","block_context":{"text":"Vardagsliv","link":"https:\/\/blogg.fumei.se\/?cat=47"},"img":{"alt_text":"","src":"","width":0,"height":0},"classes":[]},{"id":970,"url":"https:\/\/blogg.fumei.se\/?p=970","url_meta":{"origin":1667,"position":3},"title":"*pustar*","author":"M :)","date":"2009-06-27","format":false,"excerpt":"Djisus vad h\u00e4rligt det \u00e4r att det \u00e4r s\u00e5 varmt och sk\u00f6nt och somrigt! Det enda som \u00e4r lite jobbigt \u00e4r n\u00e4r man m\u00e5ste g\u00f6ra anstr\u00e4ngande saker, som att k\u00e5nka sina saker till stationen, eller storhandla...det blir fort svettigt d\u00e5.Idag var sista dagen p\u00e5 mitt f\u00f6rsta bes\u00f6k i V\u00e4xj\u00f6. Vi\u2026","rel":"","context":"I \u201dVardagsliv\u201d","block_context":{"text":"Vardagsliv","link":"https:\/\/blogg.fumei.se\/?cat=47"},"img":{"alt_text":"","src":"","width":0,"height":0},"classes":[]},{"id":633,"url":"https:\/\/blogg.fumei.se\/?p=633","url_meta":{"origin":1667,"position":4},"title":"Too old for this crap","author":"M :)","date":"2008-10-04","format":false,"excerpt":"Ig\u00e5r var jag p\u00e5 krogen. Det hela b\u00f6rjade med att Cissi, som ska \u00e5ka hem till Australien igen p\u00e5 onsdag, tyckte att vi skulle ha tjejmiddag innan hon for, samla alla tjejerna som umgicks f\u00f6rr, och n\u00e5gra till. Nu blev vi inte s\u00e5 j\u00e4ttem\u00e5nga, bara 8 personer, men \u00e4nd\u00e5. Jag\u2026","rel":"","context":"I \u201dVardagsliv\u201d","block_context":{"text":"Vardagsliv","link":"https:\/\/blogg.fumei.se\/?cat=47"},"img":{"alt_text":"","src":"","width":0,"height":0},"classes":[]},{"id":3758,"url":"https:\/\/blogg.fumei.se\/?p=3758","url_meta":{"origin":1667,"position":5},"title":"Tr\u00f6tt, tr\u00f6ttare, tr\u00f6ttast&#8230;","author":"M :)","date":"2015-11-14","format":false,"excerpt":"S\u00f6mnbrist. Ingen\u00a0hit. Inte alls kul. Varf\u00f6r jag \u00e5terigen har s\u00f6mnbrist beror p\u00e5 en m\u00e4ngd olika faktorer; instabil ekonomi, ensamhet, h\u00f6stdepression, klimakteriehormonrubbning och att saker och ting rent allm\u00e4nt b\u00f6rjar krypa ikapp mig. Saker som kan g\u00f6ra \u00e4ven den st\u00f6rsta sjusovaren s\u00f6mnl\u00f6s. S\u00e5 allts\u00e5 sover jag inte. Eller, sover g\u00f6r jag,\u2026","rel":"","context":"I \u201dVardagsliv\u201d","block_context":{"text":"Vardagsliv","link":"https:\/\/blogg.fumei.se\/?cat=47"},"img":{"alt_text":"","src":"","width":0,"height":0},"classes":[]}],"_links":{"self":[{"href":"https:\/\/blogg.fumei.se\/index.php?rest_route=\/wp\/v2\/posts\/1667","targetHints":{"allow":["GET"]}}],"collection":[{"href":"https:\/\/blogg.fumei.se\/index.php?rest_route=\/wp\/v2\/posts"}],"about":[{"href":"https:\/\/blogg.fumei.se\/index.php?rest_route=\/wp\/v2\/types\/post"}],"author":[{"embeddable":true,"href":"https:\/\/blogg.fumei.se\/index.php?rest_route=\/wp\/v2\/users\/1"}],"replies":[{"embeddable":true,"href":"https:\/\/blogg.fumei.se\/index.php?rest_route=%2Fwp%2Fv2%2Fcomments&post=1667"}],"version-history":[{"count":2,"href":"https:\/\/blogg.fumei.se\/index.php?rest_route=\/wp\/v2\/posts\/1667\/revisions"}],"predecessor-version":[{"id":1671,"href":"https:\/\/blogg.fumei.se\/index.php?rest_route=\/wp\/v2\/posts\/1667\/revisions\/1671"}],"wp:attachment":[{"href":"https:\/\/blogg.fumei.se\/index.php?rest_route=%2Fwp%2Fv2%2Fmedia&parent=1667"}],"wp:term":[{"taxonomy":"category","embeddable":true,"href":"https:\/\/blogg.fumei.se\/index.php?rest_route=%2Fwp%2Fv2%2Fcategories&post=1667"},{"taxonomy":"post_tag","embeddable":true,"href":"https:\/\/blogg.fumei.se\/index.php?rest_route=%2Fwp%2Fv2%2Ftags&post=1667"}],"curies":[{"name":"wp","href":"https:\/\/api.w.org\/{rel}","templated":true}]}}