{"id":167,"date":"2010-11-04T18:48:00","date_gmt":"2010-11-04T18:48:00","guid":{"rendered":"\/Blogg\/post\/Bokenkatsdags-igen.aspx"},"modified":"2010-11-04T18:48:00","modified_gmt":"2010-11-04T18:48:00","slug":"bokenkatsdags-igen","status":"publish","type":"post","link":"https:\/\/blogg.fumei.se\/?p=167","title":{"rendered":"Bokenk\u00e4tsdags igen"},"content":{"rendered":"<div class=\"entry\">\n<p style=\"text-align: left;\"><a href=\"http:\/\/elilaserochskriver.wordpress.com\/\" target=\"_blank\">Kerstin <\/a>har en bokenk&auml;t fr&aring;n <a href=\"http:\/\/bokbabbel.blogspot.com\/2010\/10\/sondagsenkat-supreme-forsta-delen.html\" target=\"_blank\">Bokbabbel<\/a> som jag gladeligen delar vidare!<\/p>\n<p><strong>1. Favoritbok i barndomen?<\/strong><br \/> <em>Lotta-b&ouml;ckerna av Merri Vik.<\/em><br \/> <strong>2. Vad l&auml;ser du just nu?<\/strong><br \/> <em>Avslutade just Ivy av Julie Hearn, men ska nu b&ouml;rja p&aring; the short second life of Bree Tanner av Stephenie Meyer.<\/em><br \/> <strong>3. Vilka b&ouml;cker har du reserverade p&aring; biblioteket?<\/strong><br \/> Evermore och  Blue moon : a novel av Alyson No&euml;l,&nbsp;  F&ouml;rbjuden k&auml;rlek del 1&amp;2 av Sara Donati<br \/> <strong>4. D&aring;lig bokvana?<\/strong><br \/> Jag har en d&aring;lig vana att l&aring;na hem en massa b&ouml;cker fr&aring;n biblioteket trots att jag redan har en halv Billy-hylla full med b&ouml;cker som ska l&auml;sas.<br \/> <strong>5. Vad har du f&ouml;r tillf&auml;llet heml&aring;nat fr&aring;n biblioteket?<\/strong><br \/> <em>Ivy av Julie Hearn och Jane Slayre av <\/em>Charlotte Bronte\/Sherri Browning Erwin<em><br \/> <\/em><strong>6. Har du en l&auml;splatta?<\/strong><br \/> Nej.<br \/> <strong>7. F&ouml;redrar du att l&auml;sa en bok &aring;t g&aring;ngen eller flera p&aring; en g&aring;ng (slaloml&auml;sning)?<\/strong><br \/> <em>Jag har sv&aring;rt f&ouml;r att l&auml;sa fler &auml;n en bok samtidigt. Det h&auml;nder dock n&aring;gon enstaka g&aring;ng om &aring;ret att jag g&ouml;r det &auml;nd&aring;. mestadels under semestern.<\/em><br \/> <strong>8. Har dina l&auml;svanor &auml;ndrats sedan du b&ouml;rjade blogga?<\/strong><br \/> Inte direkt mina l&auml;svanor, men jag har f&aring;tt mycket, mycker mer tips av  andra bloggare och hittat mycket mer b&ouml;cker &auml;n jag gjorde innan. (H&auml;r snodde jag Kerstins svar rakt av f&ouml;r det st&auml;mde precis p&aring; pricken)<br \/> <strong>9. S&auml;msta boken du l&auml;st i &aring;r?<\/strong><br \/> <em>The city of the mind av Penelope <\/em>Lively.<br \/> <strong>10. B&auml;sta boken du l&auml;st i &aring;r?<\/strong><br \/> Sv&aring;rt att s&auml;ga. Ibland r&ouml;r jag till det och tror att jag l&auml;st en bok i &aring;r fast jag l&auml;ste den f&ouml;rra &aring;ret. Sen &auml;r ju inte &aring;ret slut &auml;n, men en av de b&auml;sta jag l&auml;st i &aring;r &auml;r Flickan fr&aring;n ovan av Alice Sebold. Och s&aring; b&ouml;ckerna om Maria Magdalenas &auml;ttelinje av Kathleen McGowan.<br \/> <strong>11. Hur ofta l&auml;ser du utanf&ouml;r din egen bekv&auml;mlighetszon?<\/strong><br \/> oftare numera &auml;n f&ouml;rr. dels pga boktips via bloggen och FB, dels pga boktips fr&aring;n kollegor, dels pga att mor l&auml;mpar &ouml;ver b&ouml;cker p&aring; mig som hon tycker att jag ska l&auml;sa f&ouml;r att hon i sin tur tyckte att de var bra.<br \/> <strong>12. Vilken &auml;r din l&auml;sebekv&auml;mlighetszon?<\/strong><br \/> Kriminalare, historiska romaner, &auml;nglar och vampyrer och &ouml;vernaturligt i allm&auml;nhet&#8230;<br \/> <strong>13. Kan du l&auml;sa p&aring; bussen?<\/strong><br \/> ja om jag f&aring;r &aring;ka framl&auml;nges.<br \/> <strong>14. Vilken &auml;r din favoritplats att l&auml;sa p&aring;?<\/strong><br \/> I soffan eller s&auml;ngen<br \/> <strong>15. Vad anser du om att l&aring;na ut b&ouml;cker? Regler?<\/strong><br \/> Jag l&aring;nar g&auml;rna ut b&ouml;cker om jag kan bidra till lite kulturell stimulans hihi men jag &auml;r d&aring;lig p&aring; att komma ih&aring;g vem som l&aring;nat (om det inte &auml;r n&aring;gon av favoriterna f&ouml;rst&aring;s) s&aring; jag har blivit av med n&aring;gra stycken genom &aring;ren p&aring; det viset. L&aring;nar man b&ouml;cker av n&aring;gon ska man vara r&auml;dd om dem, precis som man &auml;r r&auml;dd om biblioteksb&ouml;cker. Anv&auml;nd bokm&auml;rke! Bara <em>jag <\/em>f&aring;r vika hund&ouml;ron i mina b&ouml;cker!!<br \/> <strong>16. Viker du hund&ouml;ron i dina b&ouml;cker?<\/strong><br \/> se ovan<br \/> <strong>17. Skriver du n&aring;gonsin i bokens marginaler?<\/strong><br \/> Bara om det &auml;r skolb&ouml;cker.<br \/> <strong>18. I studierelaterade b&ouml;cker d&aring;?<\/strong><br \/> se ovan igen<br \/> <strong>19. Vilket &auml;r ditt favoritspr&aring;k att l&auml;sa b&ouml;cker p&aring;?<\/strong><br \/> Engelska.de flesta b&ouml;cker jag l&auml;ser &auml;r skrivna av engelska eller amerikanska f&ouml;rfattare, och det ger mer djup och fyllnad till bokens inneh&aring;ll och handling om man l&auml;ser den p&aring; originalspr&aring;ket, f&ouml;r det tappas alltid en del i &ouml;vers&auml;ttningen. Dessutom &auml;r engelska spr&aring;ket mer m&aring;lande &auml;n svenska.<br \/> <strong>20. Vad f&aring;r dig att &auml;lska en bok?<\/strong><br \/> Spr&aring;ket med stort S. Jag tycker ocks&aring; om n&auml;r det &auml;r en riktigt bra historia, och karakt&auml;rer som man kan ta till sitt hj&auml;rta. (nu snodde jag igen!)<br \/> <strong>21. Vad inspirerar dig att rekommendera en bok?<\/strong><br \/> Att jag faller handl&ouml;st f&ouml;r den! B&ouml;cker som &auml;r sis&aring;d&auml;r rekommenderar jag aldrig.<br \/> <strong>22. Favoritgenre?<\/strong><br \/> se fr&aring;ga 12<br \/> <strong>23. Genre du s&auml;llan l&auml;ser (men &ouml;nskar att du gjorde oftare)?<\/strong><br \/> Hmm&#8230;ingen genre men jag l&auml;ser v&auml;ldigt s&auml;llan svenska f&ouml;rfattare.<br \/> <strong>24. Favoritbiografi?<\/strong><br \/> Jag tror jag har l&auml;st en enda biografi och det var <a href=\"http:\/\/www.bokus.com\/bok\/9780425091036\/elvis-and-me\/\" target=\"_blank\">Priscilla Presleys<\/a>.<br \/> <strong>25. Har du n&aring;gonsin l&auml;st en sj&auml;lvhj&auml;lpsbok?<\/strong><br \/> Nic nej och inte.<strong><br \/> <\/strong><\/p>\n<\/div>\n","protected":false},"excerpt":{"rendered":"<p>Kerstin har en bokenk&auml;t fr&aring;n Bokbabbel som jag gladeligen delar vidare! 1. Favoritbok i barndomen? Lotta-b&ouml;ckerna av Merri Vik. 2. Vad l&auml;ser du just nu? Avslutade just Ivy av Julie Hearn, men ska nu b&ouml;rja p&aring; the short second life of Bree Tanner av Stephenie Meyer. 3. Vilka b&ouml;cker har du reserverade p&aring; biblioteket? Evermore&#8230;<\/p>\n","protected":false},"author":1,"featured_media":0,"comment_status":"open","ping_status":"open","sticky":false,"template":"","format":"standard","meta":{"jetpack_post_was_ever_published":false,"_jetpack_newsletter_access":"","_jetpack_dont_email_post_to_subs":false,"_jetpack_newsletter_tier_id":0,"_jetpack_memberships_contains_paywalled_content":false,"_jetpack_memberships_contains_paid_content":false,"footnotes":"","jetpack_publicize_message":"","jetpack_publicize_feature_enabled":true,"jetpack_social_post_already_shared":false,"jetpack_social_options":{"image_generator_settings":{"template":"highway","default_image_id":0,"font":"","enabled":false},"version":2}},"categories":[47],"tags":[],"class_list":["post-167","post","type-post","status-publish","format-standard","hentry","category-vardagsliv"],"jetpack_publicize_connections":[],"jetpack_featured_media_url":"","jetpack_shortlink":"https:\/\/wp.me\/p3qko4-2H","jetpack_sharing_enabled":true,"jetpack_likes_enabled":true,"jetpack-related-posts":[{"id":1101,"url":"https:\/\/blogg.fumei.se\/?p=1101","url_meta":{"origin":167,"position":0},"title":"Tjejsnack vecka 39","author":"M :)","date":"2009-09-20","format":false,"excerpt":"Vill du ocks\u00e5 vara med? Du hittar Tjejsnack h\u00e4r.B\u00f6cker 1. Anv\u00e4nder du bokm\u00e4rke n\u00e4r du l\u00e4ser, vilken typ?Jag anv\u00e4nder bara bokm\u00e4rke n\u00e4r jag l\u00e4ser b\u00f6cker som inte \u00e4r mina egna, tex l\u00e5nade fr\u00e5n biblioteket. Annars viker jag h\u00f6rn. 2. Vilken \u00e4r din favoritbok?Det finns flera b\u00f6cker jag \u00e4lskar, men Sagan\u2026","rel":"","context":"I \u201dVardagsliv\u201d","block_context":{"text":"Vardagsliv","link":"https:\/\/blogg.fumei.se\/?cat=47"},"img":{"alt_text":"","src":"","width":0,"height":0},"classes":[]},{"id":782,"url":"https:\/\/blogg.fumei.se\/?p=782","url_meta":{"origin":167,"position":1},"title":"Bokenk\u00e4t #1","author":"M :)","date":"2009-01-28","format":false,"excerpt":"Snott fr\u00e5n Kerstin, som snott fr\u00e5n Bokhora:1. Vilka f\u00f6rfattare k\u00f6per du alltid i inbundet (dvs, snabbt efter boken kommit ut)? F\u00f6rr k\u00f6pte jag alltid inbundet, sen uppt\u00e4ckte jag att det \u00e4r mycket roligare att l\u00e4sa p\u00e5 engelska, s\u00e5 nu blir det v\u00e4ldigt s\u00e4llan inbundet.2. Vilka f\u00f6rfattare har du flest b\u00f6cker\u2026","rel":"","context":"I \u201dVardagsliv\u201d","block_context":{"text":"Vardagsliv","link":"https:\/\/blogg.fumei.se\/?cat=47"},"img":{"alt_text":"","src":"","width":0,"height":0},"classes":[]},{"id":493,"url":"https:\/\/blogg.fumei.se\/?p=493","url_meta":{"origin":167,"position":2},"title":"En lista!!","author":"M :)","date":"2008-08-14","format":false,"excerpt":"Snor hej vilt en lista ifr\u00e5n La Petite Haydee:L\u00e4svanor1. Vilken bok l\u00e4ste du senast?The Tower av Valerio Massimo Manfredi2. Vilken bok ska du b\u00f6rja p\u00e5 h\u00e4rn\u00e4st?Jesusskrifterna av Michael Baigent3. \u00c4r det \u00f6verv\u00e4gande manliga eller kvinnliga f\u00f6rfattare i din bokhylla?Det \u00e4r v\u00e4ldigt blandat.4. N\u00e4r du l\u00e4ser en bok, r\u00e4knar du ner\u2026","rel":"","context":"I \u201dB\u00f6cker och l\u00e4sning\u201d","block_context":{"text":"B\u00f6cker och l\u00e4sning","link":"https:\/\/blogg.fumei.se\/?cat=29"},"img":{"alt_text":"","src":"","width":0,"height":0},"classes":[]},{"id":961,"url":"https:\/\/blogg.fumei.se\/?p=961","url_meta":{"origin":167,"position":3},"title":"Kulturfyran &#8211; om l\u00e4sning","author":"M :)","date":"2009-05-03","format":false,"excerpt":"L\u00e4sning \u00e4r ju n\u00e5got jag \u00e4gnar mycket tid \u00e5t, s\u00e5 det k\u00e4nns p\u00e5 n\u00e5got s\u00e4tt helt naturligt att anta Kulturfyrans lista. 1. Vilka b\u00f6cker planerar du att l\u00e4sa i sommar? M\u00e5nga. Dels de som ligger i att-l\u00e4sa-h\u00f6gen (se bilden) dels Elizabeth Georges nya \"Str\u00e5k av r\u00f6tt\" och\u00a0Stephenie Meyers \"The Host\".\u2026","rel":"","context":"I \u201dVardagsliv\u201d","block_context":{"text":"Vardagsliv","link":"https:\/\/blogg.fumei.se\/?cat=47"},"img":{"alt_text":"","src":"","width":0,"height":0},"classes":[]},{"id":305,"url":"https:\/\/blogg.fumei.se\/?p=305","url_meta":{"origin":167,"position":4},"title":"Jag bygger p\u00e5 h\u00f6jden","author":"M :)","date":"2010-02-09","format":false,"excerpt":"Mina bokh\u00f6gar h\u00e4r hemma blir bara st\u00f6rre och h\u00f6gre. Jag har en massa b\u00f6cker som jag ska l\u00e4sa nu, s\u00e5 biblioteket f\u00e5r v\u00e4nta ett tag. Idag var jag och h\u00e4lsade p\u00e5 Monika (\u00e4ntligen!) och det bara r\u00e5kade f\u00f6lja med n\u00e5gra b\u00f6cker hem d\u00e4rifr\u00e5n... \"\u00c4ngelns lek\" av Carlos Ruiz Zafon. Han\u2026","rel":"","context":"I \u201dVardagsliv\u201d","block_context":{"text":"Vardagsliv","link":"https:\/\/blogg.fumei.se\/?cat=47"},"img":{"alt_text":"","src":"","width":0,"height":0},"classes":[]},{"id":160,"url":"https:\/\/blogg.fumei.se\/?p=160","url_meta":{"origin":167,"position":5},"title":"Bokenk\u00e4t, del 2","author":"M :)","date":"2010-11-20","format":false,"excerpt":"F\u00f6r ett tag sedan kunde ni l\u00e4sa [mina svar] p\u00e5 [Bokbabbels] s\u00f6ndagsenk\u00e4t supreme. H\u00e4r kommer nu resten av enk\u00e4ten: 26. Favoritkokbok?Neeej, det har jag nog ingen. Eller s\u00e5 s\u00e4ger jag \"Rutiga kokboken\" bara f\u00f6r att den \u00e4r s\u00e5 bra att ha f\u00f6r att grundrecept, men annars brukar jag k\u00f6ra p\u00e5\u2026","rel":"","context":"I \u201dB\u00f6cker och l\u00e4sning\u201d","block_context":{"text":"B\u00f6cker och l\u00e4sning","link":"https:\/\/blogg.fumei.se\/?cat=29"},"img":{"alt_text":"","src":"","width":0,"height":0},"classes":[]}],"_links":{"self":[{"href":"https:\/\/blogg.fumei.se\/index.php?rest_route=\/wp\/v2\/posts\/167","targetHints":{"allow":["GET"]}}],"collection":[{"href":"https:\/\/blogg.fumei.se\/index.php?rest_route=\/wp\/v2\/posts"}],"about":[{"href":"https:\/\/blogg.fumei.se\/index.php?rest_route=\/wp\/v2\/types\/post"}],"author":[{"embeddable":true,"href":"https:\/\/blogg.fumei.se\/index.php?rest_route=\/wp\/v2\/users\/1"}],"replies":[{"embeddable":true,"href":"https:\/\/blogg.fumei.se\/index.php?rest_route=%2Fwp%2Fv2%2Fcomments&post=167"}],"version-history":[{"count":0,"href":"https:\/\/blogg.fumei.se\/index.php?rest_route=\/wp\/v2\/posts\/167\/revisions"}],"wp:attachment":[{"href":"https:\/\/blogg.fumei.se\/index.php?rest_route=%2Fwp%2Fv2%2Fmedia&parent=167"}],"wp:term":[{"taxonomy":"category","embeddable":true,"href":"https:\/\/blogg.fumei.se\/index.php?rest_route=%2Fwp%2Fv2%2Fcategories&post=167"},{"taxonomy":"post_tag","embeddable":true,"href":"https:\/\/blogg.fumei.se\/index.php?rest_route=%2Fwp%2Fv2%2Ftags&post=167"}],"curies":[{"name":"wp","href":"https:\/\/api.w.org\/{rel}","templated":true}]}}