{"id":169,"date":"2010-11-03T21:32:00","date_gmt":"2010-11-03T21:32:00","guid":{"rendered":"\/Blogg\/post\/Familjeutflykt.aspx"},"modified":"2010-11-03T21:32:00","modified_gmt":"2010-11-03T21:32:00","slug":"familjeutflykt","status":"publish","type":"post","link":"https:\/\/blogg.fumei.se\/?p=169","title":{"rendered":"Familjeutflykt"},"content":{"rendered":"<p>I m&aring;ndags efter jobbet blev jag h&auml;mtad av sambo och ton&aring;ringar, och sedan for vi mot de sm&aring;l&auml;ndska skogarna (n&aring;ja&#8230;) f&ouml;r att h&auml;lsa p&aring; Silvio, Emma, Lovisa och Victor en snabbis. det var ingen rolig v&auml;g, och det blev ju inte b&auml;ttre av att det snart blev m&ouml;rka kv&auml;llen, heller. men fram kom vi till slut, och blev bjudna p&aring; lammstek med gr&ouml;nsaker &#8211; mums &#8211; och sedan satt vi och tjattrade och sm&aring;gnabbades som vi brukar g&ouml;ra. Tyv&auml;rr var Emma tvungen att &aring;ka och jobba, men hon missade egentligen inte s&aring; mycket f&ouml;r vi andra var s&aring; tr&ouml;tta, s&aring; vi gick och lade oss inte l&aring;ngt efter&aring;t.<\/p>\n<p>P&aring; morgonen blev det lite mera tj&ouml;t medan vi f&ouml;rs&ouml;kte samla ihop oss f&ouml;r att &aring;ka vidare till Ullared. S&aring; sm&aring;ningom kom vi iv&auml;g, och n&auml;r vi kom fram hade vi s&aring;n tur att vi anl&auml;nde mitt emellan tv&aring; busslaster, s&aring; det var knappt n&aring;go k&ouml; alls och vi var inne p&aring; tio minuter!<br \/>Som vanligt kn&ouml;kat och tr&aring;ngt d&auml;r inne, och s&aring; har de ju gjort om lite sen jag var d&auml;r sist. Det visste naturligtvis Fia, som ser s&aring;pan &#8221;Ullared&#8221;, men jag g&ouml;r ju inte det, s&aring; jag blev lite irriterad n&auml;r de hade flyttat elektroniken. Alla hittade det de skulle ha, utom jag. Som vanligt. Konstigt fenomen, det d&auml;r, att det alltid &auml;r jag som betalar men som kommer ut med knappt n&aring;got till mig sj&auml;lv&#8230;<br \/>En bh, ett par strumpbyxor och ett par jeansleggings fick jag i alla fall med mig.<\/p>\n<p>Efter en snabb burgare p&aring; BK och en avstickare till netOnNet f&ouml;r att inhandla en ny dvdspelare skulle vi sen hem.<br \/>Det &auml;r ju l&auml;ttare sagt &auml;n gjort att f&ouml;rs&ouml;ka dirigera v&auml;gen p&aring; engelska n&auml;r man aldrig beh&ouml;vt g&ouml;ra det ens p&aring; svenska f&ouml;rut. men hem kom vi, &auml;ven om det blev ett par felsv&auml;ngar ibland.<\/p>\n<p>&nbsp;<\/p>\n<p><img decoding=\"async\" src=\"\/blogg\/image.axd?picture=2010%2f11%2f201011012341.jpg\" alt=\"\" \/><\/p>\n<p>Linslusen Victor bublade omkring och s&aring;g glad ut mest hela tiden<\/p>\n<p><img decoding=\"async\" src=\"\/blogg\/image.axd?picture=2010%2f11%2f201011012356.jpg\" alt=\"\" \/><\/p>\n<p>Lovisa valde att ignorera faster. Det fanns ju Pippi! <br \/>Men Emma lyckades se normal ut p&aring; bild f&ouml;r en g&aring;ngs skull&#8230;<\/p>\n<p>&nbsp;<\/p>\n<p><img decoding=\"async\" src=\"\/blogg\/image.axd?picture=2010%2f11%2f201011022360.jpg\" alt=\"\" \/><\/p>\n<p>Inte m&aring;nga meter k&ouml;&#8230;<\/p>\n","protected":false},"excerpt":{"rendered":"<p>I m&aring;ndags efter jobbet blev jag h&auml;mtad av sambo och ton&aring;ringar, och sedan for vi mot de sm&aring;l&auml;ndska skogarna (n&aring;ja&#8230;) f&ouml;r att h&auml;lsa p&aring; Silvio, Emma, Lovisa och Victor en snabbis. det var ingen rolig v&auml;g, och det blev ju inte b&auml;ttre av att det snart blev m&ouml;rka kv&auml;llen, heller. men fram kom vi till&#8230;<\/p>\n","protected":false},"author":1,"featured_media":0,"comment_status":"open","ping_status":"open","sticky":false,"template":"","format":"standard","meta":{"jetpack_post_was_ever_published":false,"_jetpack_newsletter_access":"","_jetpack_dont_email_post_to_subs":false,"_jetpack_newsletter_tier_id":0,"_jetpack_memberships_contains_paywalled_content":false,"_jetpack_memberships_contains_paid_content":false,"footnotes":"","jetpack_publicize_message":"","jetpack_publicize_feature_enabled":true,"jetpack_social_post_already_shared":false,"jetpack_social_options":{"image_generator_settings":{"template":"highway","default_image_id":0,"font":"","enabled":false},"version":2}},"categories":[47],"tags":[],"class_list":["post-169","post","type-post","status-publish","format-standard","hentry","category-vardagsliv"],"jetpack_publicize_connections":[],"jetpack_featured_media_url":"","jetpack_shortlink":"https:\/\/wp.me\/p3qko4-2J","jetpack_sharing_enabled":true,"jetpack_likes_enabled":true,"jetpack-related-posts":[{"id":1842,"url":"https:\/\/blogg.fumei.se\/?p=1842","url_meta":{"origin":169,"position":0},"title":"Vi k\u00f6r p\u00e5 ett tag till, d\u00e5&#8230;","author":"M :)","date":"2011-12-08","format":false,"excerpt":"I m\u00e5ndags efter jobbet m\u00f6tte jag upp J p\u00e5 centralen i Gbg, och s\u00e5 tog vi t\u00e5get till V\u00e4xj\u00f6. V\u00e4l d\u00e4r inkvarterade vi oss hos Emma, Silvio och knattarna och fikade och tj\u00f4tade en hel l\u00e5ng kv\u00e4ll innan vi kr\u00f6p ner f\u00f6r att f\u00e5 n\u00e5gra timmars s\u00f6mn innan tisdagens stora\u2026","rel":"","context":"I \u201dFamiljen\u201d","block_context":{"text":"Familjen","link":"https:\/\/blogg.fumei.se\/?cat=34"},"img":{"alt_text":"","src":"","width":0,"height":0},"classes":[]},{"id":974,"url":"https:\/\/blogg.fumei.se\/?p=974","url_meta":{"origin":169,"position":1},"title":"Sommar och sol","author":"M :)","date":"2009-06-25","format":false,"excerpt":"Vad kan vara b\u00e4ttre p\u00e5 semestern \u00e4n just det? Inte mycket, nej, s\u00e5 jag \u00e4r superglad att det \u00e4r s\u00e5 h\u00e4rligt v\u00e4der just nu! F\u00f6rra \u00e5ret regnade ju min semester bort, praktiskt taget. Jag tror jag hade tv\u00e5 solddagar p\u00e5 mina 4 veckor...Ig\u00e5r anl\u00e4nde jag allts\u00e5 till Silvio och Emma\u2026","rel":"","context":"I \u201dVardagsliv\u201d","block_context":{"text":"Vardagsliv","link":"https:\/\/blogg.fumei.se\/?cat=47"},"img":{"alt_text":"","src":"","width":0,"height":0},"classes":[]},{"id":1085,"url":"https:\/\/blogg.fumei.se\/?p=1085","url_meta":{"origin":169,"position":2},"title":"D\u00e5 var det s\u00f6ndag igen, d\u00e5&#8230;","author":"M :)","date":"2009-08-02","format":false,"excerpt":"Veckorna flyger ju fram, jag minns knappt att jag har haft semester, det k\u00e4nns som om jag varit p\u00e5 jobbet i flera m\u00e5nader redan fast det inte \u00e4r mer \u00e4n tre veckor. I och med att jag m\u00e5ste jobba 100% under semesterperioderna s\u00e5 k\u00e4nns det dessutom som om jag praktiskt\u2026","rel":"","context":"I \u201dVardagsliv\u201d","block_context":{"text":"Vardagsliv","link":"https:\/\/blogg.fumei.se\/?cat=47"},"img":{"alt_text":"","src":"","width":0,"height":0},"classes":[]},{"id":970,"url":"https:\/\/blogg.fumei.se\/?p=970","url_meta":{"origin":169,"position":3},"title":"*pustar*","author":"M :)","date":"2009-06-27","format":false,"excerpt":"Djisus vad h\u00e4rligt det \u00e4r att det \u00e4r s\u00e5 varmt och sk\u00f6nt och somrigt! Det enda som \u00e4r lite jobbigt \u00e4r n\u00e4r man m\u00e5ste g\u00f6ra anstr\u00e4ngande saker, som att k\u00e5nka sina saker till stationen, eller storhandla...det blir fort svettigt d\u00e5.Idag var sista dagen p\u00e5 mitt f\u00f6rsta bes\u00f6k i V\u00e4xj\u00f6. Vi\u2026","rel":"","context":"I \u201dVardagsliv\u201d","block_context":{"text":"Vardagsliv","link":"https:\/\/blogg.fumei.se\/?cat=47"},"img":{"alt_text":"","src":"","width":0,"height":0},"classes":[]},{"id":1207,"url":"https:\/\/blogg.fumei.se\/?p=1207","url_meta":{"origin":169,"position":4},"title":"Nu \u00e4r glada julen slut, slut, slut&#8230;","author":"M :)","date":"2009-12-25","format":false,"excerpt":"Japp. Slut, \u00f6ver, f\u00f6rbi. Och f\u00f6r en g\u00e5ng skull tycker jag det \u00e4r sk\u00f6nt. Det b\u00f6rjade s\u00e5 bra med att vi packade ihop klapparna och \u00e5kte ut till mor och far f\u00f6r att fira julen d\u00e4r. Egentligen skulle Silvio, Emma och knoddarna kommit ocks\u00e5, men det blev \u00e4ndrade planer, s\u00e5\u2026","rel":"","context":"I \u201dVardagsliv\u201d","block_context":{"text":"Vardagsliv","link":"https:\/\/blogg.fumei.se\/?cat=47"},"img":{"alt_text":"","src":"","width":0,"height":0},"classes":[]},{"id":807,"url":"https:\/\/blogg.fumei.se\/?p=807","url_meta":{"origin":169,"position":5},"title":"Hurra hurra igen!","author":"M :)","date":"2009-01-17","format":false,"excerpt":"Kl 7.41 i morse kom han, lille Victor! Det blev tydligen full fart mot Lund f\u00f6r Emma och Silvios del inatt, och jag fick en j\u00e4ttefin f\u00f6delsedagspresent, en liten brorson!S\u00e5 det g\u00f6r faktiskt inget att dela f\u00f6delsedag ;)Stort GRATTIS till er alla, Silvio, Emma, Lovisa och lillprinsen!!","rel":"","context":"I \u201dVardagsliv\u201d","block_context":{"text":"Vardagsliv","link":"https:\/\/blogg.fumei.se\/?cat=47"},"img":{"alt_text":"","src":"","width":0,"height":0},"classes":[]}],"_links":{"self":[{"href":"https:\/\/blogg.fumei.se\/index.php?rest_route=\/wp\/v2\/posts\/169","targetHints":{"allow":["GET"]}}],"collection":[{"href":"https:\/\/blogg.fumei.se\/index.php?rest_route=\/wp\/v2\/posts"}],"about":[{"href":"https:\/\/blogg.fumei.se\/index.php?rest_route=\/wp\/v2\/types\/post"}],"author":[{"embeddable":true,"href":"https:\/\/blogg.fumei.se\/index.php?rest_route=\/wp\/v2\/users\/1"}],"replies":[{"embeddable":true,"href":"https:\/\/blogg.fumei.se\/index.php?rest_route=%2Fwp%2Fv2%2Fcomments&post=169"}],"version-history":[{"count":1,"href":"https:\/\/blogg.fumei.se\/index.php?rest_route=\/wp\/v2\/posts\/169\/revisions"}],"predecessor-version":[{"id":2156,"href":"https:\/\/blogg.fumei.se\/index.php?rest_route=\/wp\/v2\/posts\/169\/revisions\/2156"}],"wp:attachment":[{"href":"https:\/\/blogg.fumei.se\/index.php?rest_route=%2Fwp%2Fv2%2Fmedia&parent=169"}],"wp:term":[{"taxonomy":"category","embeddable":true,"href":"https:\/\/blogg.fumei.se\/index.php?rest_route=%2Fwp%2Fv2%2Fcategories&post=169"},{"taxonomy":"post_tag","embeddable":true,"href":"https:\/\/blogg.fumei.se\/index.php?rest_route=%2Fwp%2Fv2%2Ftags&post=169"}],"curies":[{"name":"wp","href":"https:\/\/api.w.org\/{rel}","templated":true}]}}