{"id":170,"date":"2010-10-30T10:44:00","date_gmt":"2010-10-30T08:44:00","guid":{"rendered":"\/Blogg\/post\/Bloggtorka.aspx"},"modified":"2011-09-25T15:31:17","modified_gmt":"2011-09-25T13:31:17","slug":"bloggtorka","status":"publish","type":"post","link":"https:\/\/blogg.fumei.se\/?p=170","title":{"rendered":"Bloggtorka"},"content":{"rendered":"<p>N&auml;r man inte g&ouml;r mycket mer &auml;n jobbar och tar hand om hemmet &#8211; och dessemellan f&ouml;rs&ouml;ker vara lite social med resten av familjen &#8211; d&aring; har man inte mycket att skriva om. F&ouml;r hur kul &auml;r det att l&auml;sa varje dag att jag har lagat middag och jobbat och nu ska jag sova? S&aring;nt skriver jag p&aring; Facebook ist&auml;llet.<br \/>S&aring; d&auml;rf&ouml;r blir det ibland lite glest mellan inl&auml;ggen h&auml;r, men kanske desto mer intressant&#8230;<\/p>\n<p>Sedan sist har jag hunnit jobba en hel del (hepp!), men inte mycket mer. Har &auml;nd&aring; rensat ut lite till bland alla kl&auml;der och annat som ligger och skr&auml;par h&auml;r (mest p&aring; vinden iofs), och s&aring; h&aring;ller vi p&aring; att ta kort p&aring; allting s&aring; att jag kan l&auml;gga ut det p&aring; tradera. &Auml;ven om jag bara f&aring;r en femma f&ouml;r en sak s&aring; har jag &auml;nd&aring; tj&auml;nat n&aring;got p&aring; det, och det som inte g&aring;r att s&auml;lja &aring;ker till secondhand.<br \/>Aprop&aring; Tradera s&aring; fick jag s&aring;lt en tr&ouml;ja d&auml;r (Odd Molly) men nu har det g&aring;tt n&auml;stan tv&aring; veckor och trots ett par best&auml;mda mejl fr&aring;n mig till k&ouml;paren s&aring; har jag fortfarande inte sett till n&aring;gon betalning, s&aring; finns d&auml;r inga pengar senast m&aring;ndag (baker jobbar ju inte p&aring; helgerna&#8230;) s&aring; h&ouml;ver jag det k&ouml;pet och l&auml;gger upp tr&ouml;jan igen.<\/p>\n<p>I &ouml;vrigt har jag som sagt inte gjort mycket. &Aring;ka t&aring;g &auml;r ju en stor del av mitt liv, eftersom jag t&aring;gpendlar till och fr&aring;n jobbet i Gbg. I torsdags skulle jag jobba natt, och satte mig som vanligt p&aring; t&aring;get kl 19.57. Kommer &auml;nda till Herrljunga (ironi! Det &auml;r n&auml;sta station &#8211; 11 minuter bort&#8230;) och d&auml;r fick vi sitta i 45 minuter innan de behagade upplysa oss om att pga<a href=\"http:\/\/www.gp.se\/nyheter\/goteborg\/1.479157-tagkrock-i-goteborg\" target=\"_blank\"> en olycka<\/a> s&aring; var all t&aring;gtrafik till och fr&aring;n Gbg stoppad! Men hurra. Inte.<br \/>Efter ytterligare tio minuter fick vi rulla igen, men bara till n&auml;sta station igen, d&auml;r vi skulle st&aring; och v&auml;nta i obest&auml;md tid p&aring; att f&aring; &aring;ka till Alings&aring;s, d&auml;r vi sen skulle f&aring; st&aring; tills allt var l&ouml;st och ordnat.<br \/>Men &#8211; jag hade &auml;nd&aring; tur i oturen, f&ouml;r p&aring; t&aring;get fanns ocks&aring; en tjej som jag k&auml;nner lite (en tidigare patient) och hon skulle ocks&aring; till Gbg f&ouml;r nattarbete, s&aring; hon ringde till slut sin man som kom och h&auml;mtade oss&nbsp; och s&aring; sl&auml;ppte de avmig vid jobbet, s&aring; jag blev bara 45 minuter f&ouml;rsenad ist&auml;llet f&ouml;r flera timmar!<\/p>\n<p>F&ouml;r &ouml;vrigt kan jag meddela att jag sitter p&aring; en hel dr&ouml;s med bokrecensioner, de ska bara s&auml;ttas p&aring; pr&auml;nt och l&auml;ggas ut p&aring; bloggen, men det kommer. Nu d&auml;remot &auml;r det dags att jag g&ouml;r mig klar s&aring; att jag inte missar t&aring;get till&#8230;ja, just det &#8211; jobbet&#8230;<\/p>\n","protected":false},"excerpt":{"rendered":"<p>N&auml;r man inte g&ouml;r mycket mer &auml;n jobbar och tar hand om hemmet &#8211; och dessemellan f&ouml;rs&ouml;ker vara lite social med resten av familjen &#8211; d&aring; har man inte mycket att skriva om. F&ouml;r hur kul &auml;r det att l&auml;sa varje dag att jag har lagat middag och jobbat och nu ska jag sova? S&aring;nt&#8230;<\/p>\n","protected":false},"author":1,"featured_media":0,"comment_status":"open","ping_status":"open","sticky":false,"template":"","format":"standard","meta":{"jetpack_post_was_ever_published":false,"_jetpack_newsletter_access":"","_jetpack_dont_email_post_to_subs":false,"_jetpack_newsletter_tier_id":0,"_jetpack_memberships_contains_paywalled_content":false,"_jetpack_memberships_contains_paid_content":false,"footnotes":"","jetpack_publicize_message":"","jetpack_publicize_feature_enabled":true,"jetpack_social_post_already_shared":false,"jetpack_social_options":{"image_generator_settings":{"template":"highway","default_image_id":0,"font":"","enabled":false},"version":2}},"categories":[47],"tags":[],"class_list":["post-170","post","type-post","status-publish","format-standard","hentry","category-vardagsliv"],"jetpack_publicize_connections":[],"jetpack_featured_media_url":"","jetpack_shortlink":"https:\/\/wp.me\/p3qko4-2K","jetpack_sharing_enabled":true,"jetpack_likes_enabled":true,"jetpack-related-posts":[{"id":250,"url":"https:\/\/blogg.fumei.se\/?p=250","url_meta":{"origin":170,"position":0},"title":"Solsken","author":"EmEff","date":"2010-04-17","format":false,"excerpt":"Nja, inte s\u00e5 mycket idag, va?! Men trots att den faktiskta solen inte skiner d\u00e4r uppe p\u00e5 himlen kan man ju \u00e4nd\u00e5 gl\u00e4djas \u00e5t andra solglimtar, som att jag tex visserligen har lite ont i halsen och hostar en del, men att jag \u00e4r feberfri och inte snuvig, s\u00e5 jag\u2026","rel":"","context":"I \u201dVardagsliv\u201d","block_context":{"text":"Vardagsliv","link":"https:\/\/blogg.fumei.se\/?cat=47"},"img":{"alt_text":"","src":"","width":0,"height":0},"classes":[]},{"id":132,"url":"https:\/\/blogg.fumei.se\/?p=132","url_meta":{"origin":170,"position":1},"title":"Graveyard Waltz","author":"M :)","date":"2011-01-05","format":false,"excerpt":"Dagen f\u00f6rsvann i ett nafs! B\u00f6rjade med att ta lite sovmorgon, tyckte att jag f\u00f6rtj\u00e4nade det efter att vi hade hejdl\u00f6st mycket att g\u00f6ra ig\u00e5r kv\u00e4ll p\u00e5 jobet. Sen l\u00e4ste jag ut \"Pride and prejudice and zombies\" och vinkade av J som skulle in till stan p\u00e5 m\u00f6te med Nyf\u00f6retagarcentrum.D\u00e4refter\u2026","rel":"","context":"I \u201dVardagsliv\u201d","block_context":{"text":"Vardagsliv","link":"https:\/\/blogg.fumei.se\/?cat=47"},"img":{"alt_text":"","src":"","width":0,"height":0},"classes":[]},{"id":188,"url":"https:\/\/blogg.fumei.se\/?p=188","url_meta":{"origin":170,"position":2},"title":"P\u00e5&#8217;t igen","author":"M :)","date":"2010-08-15","format":false,"excerpt":"Semestern \u00e4r slut. Imorgon ska jag b\u00f6rja jobba igen efter tre veckors slappande. Blir nog inte s\u00e5 roligt att beh\u00f6va g\u00e5 upp klockan 4.15, men det \u00e4r sm\u00e4llar man f\u00e5r ta. Jag jobbar inte s\u00e5 fasligt mycket den h\u00e4r veckan \u00e4nd\u00e5 - m\u00e5ndag, tisdag och fredag. P\u00e5 onsdag kommer J\u2026","rel":"","context":"I \u201dVardagsliv\u201d","block_context":{"text":"Vardagsliv","link":"https:\/\/blogg.fumei.se\/?cat=47"},"img":{"alt_text":"","src":"","width":0,"height":0},"classes":[]},{"id":274,"url":"https:\/\/blogg.fumei.se\/?p=274","url_meta":{"origin":170,"position":3},"title":"Mitt i veckan","author":"M :)","date":"2010-03-10","format":false,"excerpt":"Fast det \u00e4r det ju inte. Men p\u00e5 tyska heter onsdag Mittwoch, som betyder mittvecka, eller mitt-i-veckan. Jag tycker nog att torsdag \u00e4r mitt i veckan. Nog om det.I morse n\u00e4r jag kom till jobbet fick jag (som vanligt h\u00f6ll jag n\u00e4stan p\u00e5 att skriva) veta att jag skulle jobba\u2026","rel":"","context":"I \u201dVardagsliv\u201d","block_context":{"text":"Vardagsliv","link":"https:\/\/blogg.fumei.se\/?cat=47"},"img":{"alt_text":"","src":"","width":0,"height":0},"classes":[]},{"id":267,"url":"https:\/\/blogg.fumei.se\/?p=267","url_meta":{"origin":170,"position":4},"title":"\u00c4nnu en vecka \u00e4r till \u00e4nda&#8230;","author":"EmEff","date":"2010-03-21","format":false,"excerpt":"Nu har det g\u00e5tt 11 veckor av det h\u00e4r \u00e5ret. Det k\u00e4nns som det nyss var julafton, och snart \u00e4r det p\u00e5sk! Ibland undrar jag vart tiden tar v\u00e4gen, f\u00f6r det k\u00e4nns som om den bara rusar ifr\u00e5n mig. Jag hinner inte med det jag vill g\u00f6ra...Idag har jag dock\u2026","rel":"","context":"I \u201dVardagsliv\u201d","block_context":{"text":"Vardagsliv","link":"https:\/\/blogg.fumei.se\/?cat=47"},"img":{"alt_text":"","src":"","width":0,"height":0},"classes":[]},{"id":290,"url":"https:\/\/blogg.fumei.se\/?p=290","url_meta":{"origin":170,"position":5},"title":"Enformigt arbete","author":"EmEff","date":"2010-02-21","format":false,"excerpt":"Jag har roat mig en stund med att l\u00e4gga ut n\u00e5gra annonser p\u00e5 Tradera. Jag k\u00e4nner\u00a0att om jag nu ska g\u00f6ra mig av med en massa kl\u00e4der som bara ligger och skr\u00e4par, s\u00e5 kan jag lika g\u00e4rna f\u00f6rs\u00f6ka f\u00e5 n\u00e5gra korv\u00e4ren f\u00f6r dem, s\u00e5 jag har fotograferat och s\u00e5 har\u2026","rel":"","context":"I \u201dVardagsliv\u201d","block_context":{"text":"Vardagsliv","link":"https:\/\/blogg.fumei.se\/?cat=47"},"img":{"alt_text":"","src":"","width":0,"height":0},"classes":[]}],"_links":{"self":[{"href":"https:\/\/blogg.fumei.se\/index.php?rest_route=\/wp\/v2\/posts\/170","targetHints":{"allow":["GET"]}}],"collection":[{"href":"https:\/\/blogg.fumei.se\/index.php?rest_route=\/wp\/v2\/posts"}],"about":[{"href":"https:\/\/blogg.fumei.se\/index.php?rest_route=\/wp\/v2\/types\/post"}],"author":[{"embeddable":true,"href":"https:\/\/blogg.fumei.se\/index.php?rest_route=\/wp\/v2\/users\/1"}],"replies":[{"embeddable":true,"href":"https:\/\/blogg.fumei.se\/index.php?rest_route=%2Fwp%2Fv2%2Fcomments&post=170"}],"version-history":[{"count":1,"href":"https:\/\/blogg.fumei.se\/index.php?rest_route=\/wp\/v2\/posts\/170\/revisions"}],"predecessor-version":[{"id":1458,"href":"https:\/\/blogg.fumei.se\/index.php?rest_route=\/wp\/v2\/posts\/170\/revisions\/1458"}],"wp:attachment":[{"href":"https:\/\/blogg.fumei.se\/index.php?rest_route=%2Fwp%2Fv2%2Fmedia&parent=170"}],"wp:term":[{"taxonomy":"category","embeddable":true,"href":"https:\/\/blogg.fumei.se\/index.php?rest_route=%2Fwp%2Fv2%2Fcategories&post=170"},{"taxonomy":"post_tag","embeddable":true,"href":"https:\/\/blogg.fumei.se\/index.php?rest_route=%2Fwp%2Fv2%2Ftags&post=170"}],"curies":[{"name":"wp","href":"https:\/\/api.w.org\/{rel}","templated":true}]}}