{"id":1717,"date":"2011-11-11T14:15:33","date_gmt":"2011-11-11T13:15:33","guid":{"rendered":"http:\/\/blogg.fumei.se\/?p=1717"},"modified":"2011-11-11T23:34:17","modified_gmt":"2011-11-11T22:34:17","slug":"fototriss-vecka-45-sa-har-ser-det-ut-dar-jag-ar-idag","status":"publish","type":"post","link":"https:\/\/blogg.fumei.se\/?p=1717","title":{"rendered":"Fototriss vecka 45: S\u00e5 h\u00e4r ser det ut d\u00e4r jag \u00e4r idag"},"content":{"rendered":"<p><a rel=\"attachment wp-att-1719\" href=\"https:\/\/blogg.fumei.se\/?attachment_id=1719\"><\/a>Nej nej det kommer inga fler bilder fr\u00e5n V\u00e5C, ist\u00e4llet blir det bilderna jag tog h\u00e4romdagen (jag vet, l\u00e5ngsam som vanligt) n\u00e4r jag var ute i skogen med Stella.<\/p>\n<p><a rel=\"attachment wp-att-1718\" href=\"https:\/\/blogg.fumei.se\/?attachment_id=1718\"><img data-recalc-dims=\"1\" loading=\"lazy\" decoding=\"async\" data-attachment-id=\"1718\" data-permalink=\"https:\/\/blogg.fumei.se\/?attachment_id=1718\" data-orig-file=\"https:\/\/i0.wp.com\/blogg.fumei.se\/wp-content\/uploads\/2011\/11\/2011-11-09-11.58.00.jpg?fit=960%2C1280&amp;ssl=1\" data-orig-size=\"960,1280\" data-comments-opened=\"1\" data-image-meta=\"{&quot;aperture&quot;:&quot;2.7&quot;,&quot;credit&quot;:&quot;&quot;,&quot;camera&quot;:&quot;GT-I5500&quot;,&quot;caption&quot;:&quot;&quot;,&quot;created_timestamp&quot;:&quot;1320839879&quot;,&quot;copyright&quot;:&quot;&quot;,&quot;focal_length&quot;:&quot;2.73&quot;,&quot;iso&quot;:&quot;50&quot;,&quot;shutter_speed&quot;:&quot;0.00961538461538&quot;,&quot;title&quot;:&quot;&quot;}\" data-image-title=\"2011-11-09 11.58.00\" data-image-description=\"\" data-image-caption=\"\" data-large-file=\"https:\/\/i0.wp.com\/blogg.fumei.se\/wp-content\/uploads\/2011\/11\/2011-11-09-11.58.00.jpg?fit=487%2C650&amp;ssl=1\" class=\"aligncenter size-large wp-image-1718\" title=\"2011-11-09 11.58.00\" src=\"https:\/\/i0.wp.com\/blogg.fumei.se\/wp-content\/uploads\/2011\/11\/2011-11-09-11.58.00.jpg?resize=487%2C650&#038;ssl=1\" alt=\"\" width=\"487\" height=\"650\" srcset=\"https:\/\/i0.wp.com\/blogg.fumei.se\/wp-content\/uploads\/2011\/11\/2011-11-09-11.58.00.jpg?resize=487%2C650&amp;ssl=1 487w, https:\/\/i0.wp.com\/blogg.fumei.se\/wp-content\/uploads\/2011\/11\/2011-11-09-11.58.00.jpg?resize=225%2C300&amp;ssl=1 225w, https:\/\/i0.wp.com\/blogg.fumei.se\/wp-content\/uploads\/2011\/11\/2011-11-09-11.58.00.jpg?w=960&amp;ssl=1 960w\" sizes=\"auto, (max-width: 487px) 100vw, 487px\" \/><\/a><\/p>\n<p><a rel=\"attachment wp-att-1719\" href=\"https:\/\/blogg.fumei.se\/?attachment_id=1719\"><img data-recalc-dims=\"1\" loading=\"lazy\" decoding=\"async\" data-attachment-id=\"1719\" data-permalink=\"https:\/\/blogg.fumei.se\/?attachment_id=1719\" data-orig-file=\"https:\/\/i0.wp.com\/blogg.fumei.se\/wp-content\/uploads\/2011\/11\/2011-11-09-12.07.37.jpg?fit=960%2C1280&amp;ssl=1\" data-orig-size=\"960,1280\" data-comments-opened=\"1\" data-image-meta=\"{&quot;aperture&quot;:&quot;2.7&quot;,&quot;credit&quot;:&quot;&quot;,&quot;camera&quot;:&quot;GT-I5500&quot;,&quot;caption&quot;:&quot;&quot;,&quot;created_timestamp&quot;:&quot;1320840456&quot;,&quot;copyright&quot;:&quot;&quot;,&quot;focal_length&quot;:&quot;2.73&quot;,&quot;iso&quot;:&quot;50&quot;,&quot;shutter_speed&quot;:&quot;0.012987012987&quot;,&quot;title&quot;:&quot;&quot;}\" data-image-title=\"2011-11-09 12.07.37\" data-image-description=\"\" data-image-caption=\"\" data-large-file=\"https:\/\/i0.wp.com\/blogg.fumei.se\/wp-content\/uploads\/2011\/11\/2011-11-09-12.07.37.jpg?fit=487%2C650&amp;ssl=1\" class=\"aligncenter size-large wp-image-1719\" title=\"2011-11-09 12.07.37\" src=\"https:\/\/i0.wp.com\/blogg.fumei.se\/wp-content\/uploads\/2011\/11\/2011-11-09-12.07.37.jpg?resize=487%2C650&#038;ssl=1\" alt=\"\" width=\"487\" height=\"650\" srcset=\"https:\/\/i0.wp.com\/blogg.fumei.se\/wp-content\/uploads\/2011\/11\/2011-11-09-12.07.37.jpg?resize=487%2C650&amp;ssl=1 487w, https:\/\/i0.wp.com\/blogg.fumei.se\/wp-content\/uploads\/2011\/11\/2011-11-09-12.07.37.jpg?resize=225%2C300&amp;ssl=1 225w, https:\/\/i0.wp.com\/blogg.fumei.se\/wp-content\/uploads\/2011\/11\/2011-11-09-12.07.37.jpg?w=960&amp;ssl=1 960w\" sizes=\"auto, (max-width: 487px) 100vw, 487px\" \/><\/a><\/p>\n<p><a rel=\"attachment wp-att-1720\" href=\"https:\/\/blogg.fumei.se\/?attachment_id=1720\"><img data-recalc-dims=\"1\" loading=\"lazy\" decoding=\"async\" data-attachment-id=\"1720\" data-permalink=\"https:\/\/blogg.fumei.se\/?attachment_id=1720\" data-orig-file=\"https:\/\/i0.wp.com\/blogg.fumei.se\/wp-content\/uploads\/2011\/11\/2011-11-09-12.20.38.jpg?fit=960%2C1280&amp;ssl=1\" data-orig-size=\"960,1280\" data-comments-opened=\"1\" data-image-meta=\"{&quot;aperture&quot;:&quot;2.7&quot;,&quot;credit&quot;:&quot;&quot;,&quot;camera&quot;:&quot;GT-I5500&quot;,&quot;caption&quot;:&quot;&quot;,&quot;created_timestamp&quot;:&quot;1320841237&quot;,&quot;copyright&quot;:&quot;&quot;,&quot;focal_length&quot;:&quot;2.73&quot;,&quot;iso&quot;:&quot;50&quot;,&quot;shutter_speed&quot;:&quot;0.0169491525424&quot;,&quot;title&quot;:&quot;&quot;}\" data-image-title=\"2011-11-09 12.20.38\" data-image-description=\"\" data-image-caption=\"\" data-large-file=\"https:\/\/i0.wp.com\/blogg.fumei.se\/wp-content\/uploads\/2011\/11\/2011-11-09-12.20.38.jpg?fit=487%2C650&amp;ssl=1\" class=\"aligncenter size-large wp-image-1720\" title=\"2011-11-09 12.20.38\" src=\"https:\/\/i0.wp.com\/blogg.fumei.se\/wp-content\/uploads\/2011\/11\/2011-11-09-12.20.38.jpg?resize=487%2C650&#038;ssl=1\" alt=\"\" width=\"487\" height=\"650\" srcset=\"https:\/\/i0.wp.com\/blogg.fumei.se\/wp-content\/uploads\/2011\/11\/2011-11-09-12.20.38.jpg?resize=487%2C650&amp;ssl=1 487w, https:\/\/i0.wp.com\/blogg.fumei.se\/wp-content\/uploads\/2011\/11\/2011-11-09-12.20.38.jpg?resize=225%2C300&amp;ssl=1 225w, https:\/\/i0.wp.com\/blogg.fumei.se\/wp-content\/uploads\/2011\/11\/2011-11-09-12.20.38.jpg?w=960&amp;ssl=1 960w\" sizes=\"auto, (max-width: 487px) 100vw, 487px\" \/><\/a><\/p>\n<ol>\n<li><em>H\u00f6stl\u00f6vad stig f\u00f6r mjuka promenader i sporadiskt solsken som letar sig ner mellan grenarna.<\/em><\/li>\n<li><em>Det varma v\u00e4dret den h\u00e4r h\u00f6sten g\u00f6r att det \u00e4r n\u00e4stan lika gr\u00f6nt som p\u00e5 v\u00e5ren.<\/em><\/li>\n<li><em>Bland alla h\u00f6stl\u00f6v p\u00e5 gr\u00e4smattan hittade jag en stackars k\u00e4mpande tusensk\u00f6na.<\/em><\/li>\n<\/ol>\n<div><em><span style=\"font-size: small;\">Fler fototrissar hittar man <a href=\"http:\/\/fototriss.blogspot.com\/2011\/11\/fototriss-del-156-sa-har-ser-det-ut-dar.html\" target=\"_blank\">h\u00e4r<\/a><\/span><\/em><\/div>\n","protected":false},"excerpt":{"rendered":"<p>Nej nej det kommer inga fler bilder fr\u00e5n V\u00e5C, ist\u00e4llet blir det bilderna jag tog h\u00e4romdagen (jag vet, l\u00e5ngsam som vanligt) n\u00e4r jag var ute i skogen med Stella. H\u00f6stl\u00f6vad stig f\u00f6r mjuka promenader i sporadiskt solsken som letar sig ner mellan grenarna. Det varma v\u00e4dret den h\u00e4r h\u00f6sten g\u00f6r att det \u00e4r n\u00e4stan lika&#8230;<\/p>\n","protected":false},"author":1,"featured_media":0,"comment_status":"open","ping_status":"open","sticky":false,"template":"","format":"standard","meta":{"jetpack_post_was_ever_published":false,"_jetpack_newsletter_access":"","_jetpack_dont_email_post_to_subs":false,"_jetpack_newsletter_tier_id":0,"_jetpack_memberships_contains_paywalled_content":false,"_jetpack_memberships_contains_paid_content":false,"footnotes":"","jetpack_publicize_message":"","jetpack_publicize_feature_enabled":true,"jetpack_social_post_already_shared":false,"jetpack_social_options":{"image_generator_settings":{"template":"highway","default_image_id":0,"font":"","enabled":false},"version":2}},"categories":[47],"tags":[74],"class_list":["post-1717","post","type-post","status-publish","format-standard","hentry","category-vardagsliv","tag-fototriss"],"jetpack_publicize_connections":[],"jetpack_featured_media_url":"","jetpack_shortlink":"https:\/\/wp.me\/p3qko4-rH","jetpack_sharing_enabled":true,"jetpack_likes_enabled":true,"jetpack-related-posts":[{"id":1218,"url":"https:\/\/blogg.fumei.se\/?p=1218","url_meta":{"origin":1717,"position":0},"title":"Fototriss- Triss i triss","author":"M :)","date":"2009-12-13","format":false,"excerpt":"Jag \u00e4r lite sen med att l\u00e4gga upp veckans fototriss, men h\u00e4r kommer den i alla fall.Alla bilder m\u00e5ste inneh\u00e5lla en triss av n\u00e5got. Triss i t\u00e5g. G\u00f6teborgs Centralstation kl 21.20, fredag 11 December 2009.Idag \u00e4r det tredje Advent, och tre ljus fick lysa upp vid matbordet h\u00e4r hemma.Till sist,\u2026","rel":"","context":"I \u201dVardagsliv\u201d","block_context":{"text":"Vardagsliv","link":"https:\/\/blogg.fumei.se\/?cat=47"},"img":{"alt_text":"","src":"","width":0,"height":0},"classes":[]},{"id":43,"url":"https:\/\/blogg.fumei.se\/?p=43","url_meta":{"origin":1717,"position":1},"title":"Fototriss vecka 19; Dr\u00f6mma","author":"M :)","date":"2011-05-14","format":false,"excerpt":"Att dr\u00f6mma \u00e4r trevligt, s\u00e4rskilt n\u00e4r man dr\u00f6mmer ol\u00e4skiga dr\u00f6mmar. Dagdr\u00f6mmar \u00e4r om m\u00f6jligt \u00e4nnu trevligare, f\u00f6r d\u00e5 kan man fantisera ihop dr\u00f6mmen lite som man vill ha den. Jag dagdr\u00f6mmer ibland om att vara\u00a0\u00a0vara skuldfri och ha r\u00e5d att\u00a0k\u00f6pa ett litet torp i stil med den h\u00e4r gulliga stugan\u2026","rel":"","context":"I \u201dVardagsliv\u201d","block_context":{"text":"Vardagsliv","link":"https:\/\/blogg.fumei.se\/?cat=47"},"img":{"alt_text":"","src":"https:\/\/i0.wp.com\/blogg.fumei.se\/wp-content\/uploads\/2011\/05\/P1110385.jpg?resize=350%2C200","width":350,"height":200},"classes":[]},{"id":1231,"url":"https:\/\/blogg.fumei.se\/?p=1231","url_meta":{"origin":1717,"position":2},"title":"Fototriss &#8211; Randigt","author":"M :)","date":"2010-01-20","format":false,"excerpt":"Som jag letade efter bra motiv de f\u00f6rsta dagarna den h\u00e4r veckan! Och s\u00e5 fanns de rakt under n\u00e4san p\u00e5 mig. Bokstavligt talat! Se sj\u00e4lva, p\u00e5 den h\u00e4r bilden: Jag tittade ner, och uppt\u00e4ckte att min pyjamastr\u00f6ja \u00e4r ju randig!S\u00e5 h\u00e4r ser den ut fr\u00e5n mitt h\u00e5ll hi hiBredvid datorn\u2026","rel":"","context":"I \u201dVardagsliv\u201d","block_context":{"text":"Vardagsliv","link":"https:\/\/blogg.fumei.se\/?cat=47"},"img":{"alt_text":"","src":"","width":0,"height":0},"classes":[]},{"id":155,"url":"https:\/\/blogg.fumei.se\/?p=155","url_meta":{"origin":1717,"position":3},"title":"Fototriss &#8211; En resa","author":"M :)","date":"2010-11-22","format":false,"excerpt":"Veckans tema hos Helena p\u00e5 [Fototriss] \u00e4r en resa. Jag har valt att symbolisera den resa som jag och J gjort fram till idag genom dessa tre bilder: (klicka p\u00e5 bilderna s\u00e5 ser du dem i st\u00f6rre format och tydligare) 14:e Augusti 2009. Pl\u00f6tsligt stod han d\u00e4r...Friskt v\u00e5gat, h\u00e4lften vunnet.\u2026","rel":"","context":"I \u201dVardagsliv\u201d","block_context":{"text":"Vardagsliv","link":"https:\/\/blogg.fumei.se\/?cat=47"},"img":{"alt_text":"","src":"","width":0,"height":0},"classes":[]},{"id":3550,"url":"https:\/\/blogg.fumei.se\/?p=3550","url_meta":{"origin":1717,"position":4},"title":"Fototriss nr 6","author":"M :)","date":"2015-03-14","format":false,"excerpt":"Helena ger ett nytt \u00e4mne varje l\u00f6rdag, och s\u00e5 fotar man och postar. Enkelt och kul! Veckans \u00e4mne var \"motljus\". H\u00e4romdagen n\u00e4r jag skulle ge mig ut p\u00e5 min dagliga promenad k\u00e4nde jag inte f\u00f6r att bara traska runt i n\u00e4romr\u00e5det som vanligt, s\u00e5 jag tog sp\u00e5rvagnen till andra \u00e4nden\u2026","rel":"","context":"I \u201dVardagsliv\u201d","block_context":{"text":"Vardagsliv","link":"https:\/\/blogg.fumei.se\/?cat=47"},"img":{"alt_text":"kartaklippan","src":"https:\/\/i0.wp.com\/blogg.fumei.se\/wp-content\/uploads\/2015\/03\/kartaklippan-300x250.jpg?resize=350%2C200","width":350,"height":200},"classes":[]},{"id":47,"url":"https:\/\/blogg.fumei.se\/?p=47","url_meta":{"origin":1717,"position":5},"title":"Fototriss: S\u00e5 h\u00e4r ser det ut d\u00e4r jag \u00e4r idag","author":"M :)","date":"2011-05-04","format":false,"excerpt":"[Fototriss] \u00e4r en fotoutmaning\u00a0som handlar om att du ska visa tre bilder p\u00e5 ett tema. Veckans tema g\u00e5r ut p\u00e5 att visa hur det ser ut d\u00e4r du \u00e4r just nu. I morse var det riktigt kallt! 0 grader p\u00e5 termometern och frost p\u00e5 buskarna. Sv\u00e5rt att tro att p\u00e5sken\u2026","rel":"","context":"I \u201dVardagsliv\u201d","block_context":{"text":"Vardagsliv","link":"https:\/\/blogg.fumei.se\/?cat=47"},"img":{"alt_text":"","src":"https:\/\/i0.wp.com\/blogg.fumei.se\/wp-content\/uploads\/2011\/05\/201105042743.jpg?resize=350%2C200","width":350,"height":200},"classes":[]}],"_links":{"self":[{"href":"https:\/\/blogg.fumei.se\/index.php?rest_route=\/wp\/v2\/posts\/1717","targetHints":{"allow":["GET"]}}],"collection":[{"href":"https:\/\/blogg.fumei.se\/index.php?rest_route=\/wp\/v2\/posts"}],"about":[{"href":"https:\/\/blogg.fumei.se\/index.php?rest_route=\/wp\/v2\/types\/post"}],"author":[{"embeddable":true,"href":"https:\/\/blogg.fumei.se\/index.php?rest_route=\/wp\/v2\/users\/1"}],"replies":[{"embeddable":true,"href":"https:\/\/blogg.fumei.se\/index.php?rest_route=%2Fwp%2Fv2%2Fcomments&post=1717"}],"version-history":[{"count":6,"href":"https:\/\/blogg.fumei.se\/index.php?rest_route=\/wp\/v2\/posts\/1717\/revisions"}],"predecessor-version":[{"id":1730,"href":"https:\/\/blogg.fumei.se\/index.php?rest_route=\/wp\/v2\/posts\/1717\/revisions\/1730"}],"wp:attachment":[{"href":"https:\/\/blogg.fumei.se\/index.php?rest_route=%2Fwp%2Fv2%2Fmedia&parent=1717"}],"wp:term":[{"taxonomy":"category","embeddable":true,"href":"https:\/\/blogg.fumei.se\/index.php?rest_route=%2Fwp%2Fv2%2Fcategories&post=1717"},{"taxonomy":"post_tag","embeddable":true,"href":"https:\/\/blogg.fumei.se\/index.php?rest_route=%2Fwp%2Fv2%2Ftags&post=1717"}],"curies":[{"name":"wp","href":"https:\/\/api.w.org\/{rel}","templated":true}]}}