{"id":1725,"date":"2011-11-11T23:29:41","date_gmt":"2011-11-11T22:29:41","guid":{"rendered":"http:\/\/blogg.fumei.se\/?p=1725"},"modified":"2011-11-11T23:29:41","modified_gmt":"2011-11-11T22:29:41","slug":"livstecken","status":"publish","type":"post","link":"https:\/\/blogg.fumei.se\/?p=1725","title":{"rendered":"Livstecken"},"content":{"rendered":"<p>Mina n\u00e4ra och k\u00e4ra (och n\u00e5gra till) vet att J bara fick tillf\u00e4lligt uppeh\u00e5llstillst\u00e5nd n\u00e4r han flyttade hit. Den 16 Juni i \u00e5r var sista dagen p\u00e5 det tillst\u00e5ndet, s\u00e5 i b\u00f6rjan av Maj skickade han in ans\u00f6kan om f\u00f6rl\u00e4ngning av uppeh\u00e5llstillst\u00e5nd till migrationsverket. Enligt dem kan det ta upp till 6 m\u00e5nader att f\u00e5 ett besked.<\/p>\n<p>F\u00f6rra g\u00e5ngen ringde jag flera g\u00e5nger utan att de ens hade b\u00f6rjat titta p\u00e5 \u00e4rendet, och n\u00e4r de v\u00e4l gjorde det\u00a0tog det bara\u00a0lite drygt en m\u00e5nad att f\u00e5 ett beslut. Nu har det g\u00e5tt s\u00e5 d\u00e4r l\u00e5ng tid igen, s\u00e5 idag f\u00f6rs\u00f6kte jag ringa dem, men varje g\u00e5ng fick jag en r\u00f6st i luren som sa &#8221;Alla v\u00e5ra handl\u00e4ggare \u00e4r upptagna f\u00f6r tillf\u00e4llet. Var sn\u00e4ll och f\u00f6rs\u00f6k igen senare.&#8221;. N\u00e4r posten trillade in genom brevinkastet beh\u00f6vde jag inte ringa mer, f\u00f6r d\u00e4r l\u00e5g ett brev f\u00e5n MV till J.<\/p>\n<p><a rel=\"attachment wp-att-1726\" href=\"https:\/\/blogg.fumei.se\/?attachment_id=1726\"><img data-recalc-dims=\"1\" loading=\"lazy\" decoding=\"async\" data-attachment-id=\"1726\" data-permalink=\"https:\/\/blogg.fumei.se\/?attachment_id=1726\" data-orig-file=\"https:\/\/i0.wp.com\/blogg.fumei.se\/wp-content\/uploads\/2011\/11\/kallelesintervju.jpg?fit=794%2C578&amp;ssl=1\" data-orig-size=\"794,578\" data-comments-opened=\"1\" data-image-meta=\"{&quot;aperture&quot;:&quot;0&quot;,&quot;credit&quot;:&quot;&quot;,&quot;camera&quot;:&quot;&quot;,&quot;caption&quot;:&quot;&quot;,&quot;created_timestamp&quot;:&quot;0&quot;,&quot;copyright&quot;:&quot;&quot;,&quot;focal_length&quot;:&quot;0&quot;,&quot;iso&quot;:&quot;0&quot;,&quot;shutter_speed&quot;:&quot;0&quot;,&quot;title&quot;:&quot;&quot;}\" data-image-title=\"kallelesintervju\" data-image-description=\"\" data-image-caption=\"\" data-large-file=\"https:\/\/i0.wp.com\/blogg.fumei.se\/wp-content\/uploads\/2011\/11\/kallelesintervju.jpg?fit=640%2C466&amp;ssl=1\" class=\"aligncenter size-large wp-image-1726\" title=\"kallelesintervju\" src=\"https:\/\/i0.wp.com\/blogg.fumei.se\/wp-content\/uploads\/2011\/11\/kallelesintervju.jpg?resize=640%2C465&#038;ssl=1\" alt=\"\" width=\"640\" height=\"465\" srcset=\"https:\/\/i0.wp.com\/blogg.fumei.se\/wp-content\/uploads\/2011\/11\/kallelesintervju.jpg?resize=650%2C473&amp;ssl=1 650w, https:\/\/i0.wp.com\/blogg.fumei.se\/wp-content\/uploads\/2011\/11\/kallelesintervju.jpg?resize=300%2C218&amp;ssl=1 300w, https:\/\/i0.wp.com\/blogg.fumei.se\/wp-content\/uploads\/2011\/11\/kallelesintervju.jpg?w=794&amp;ssl=1 794w\" sizes=\"auto, (max-width: 640px) 100vw, 640px\" \/><\/a><\/p>\n<p>Det \u00e4r ju lite besynnerligt att vi ska beh\u00f6va \u00e5ka hela v\u00e4gen ner till V\u00e4xj\u00f6 f\u00f6r att intervjuas, med tanke p\u00e5 att f\u00f6rra \u00e4rendet (n\u00e4r J skulle flytta till Sverige) handlades i J\u00f6nk\u00f6ping. Fast vi f\u00e5r v\u00e4l se det som en m\u00f6jlighet till att h\u00e4lsa p\u00e5 SIlvio, Emma och busfr\u00f6na. Vi t\u00e4nkte n\u00e4mligen tigga sovplats d\u00e4r, eftersom vi ska vara p\u00e5 MV redan kl 10 p\u00e5 f\u00f6rmiddagen. Annars f\u00e5r vi ge oss av hemifr\u00e5n v\u00e4\u00e4\u00e4ldigt tidigt p\u00e5 morgonen.<\/p>\n<p>Nu \u00e5terst\u00e5r bara att fixa s\u00e5 att jag f\u00e5r ledigt m\u00e5ndag och tisdag fr\u00e5n jobbet. Visst \u00e4r det typiskt att jag lade in semester 12-13-14 December?<\/p>\n","protected":false},"excerpt":{"rendered":"<p>Mina n\u00e4ra och k\u00e4ra (och n\u00e5gra till) vet att J bara fick tillf\u00e4lligt uppeh\u00e5llstillst\u00e5nd n\u00e4r han flyttade hit. Den 16 Juni i \u00e5r var sista dagen p\u00e5 det tillst\u00e5ndet, s\u00e5 i b\u00f6rjan av Maj skickade han in ans\u00f6kan om f\u00f6rl\u00e4ngning av uppeh\u00e5llstillst\u00e5nd till migrationsverket. Enligt dem kan det ta upp till 6 m\u00e5nader att f\u00e5&#8230;<\/p>\n","protected":false},"author":1,"featured_media":0,"comment_status":"open","ping_status":"open","sticky":false,"template":"","format":"standard","meta":{"jetpack_post_was_ever_published":false,"_jetpack_newsletter_access":"","_jetpack_dont_email_post_to_subs":false,"_jetpack_newsletter_tier_id":0,"_jetpack_memberships_contains_paywalled_content":false,"_jetpack_memberships_contains_paid_content":false,"footnotes":"","jetpack_publicize_message":"","jetpack_publicize_feature_enabled":true,"jetpack_social_post_already_shared":false,"jetpack_social_options":{"image_generator_settings":{"template":"highway","default_image_id":0,"font":"","enabled":false},"version":2}},"categories":[34,47],"tags":[75,76],"class_list":["post-1725","post","type-post","status-publish","format-standard","hentry","category-familjen","category-vardagsliv","tag-migrationsverket","tag-uppehallstillstand"],"jetpack_publicize_connections":[],"jetpack_featured_media_url":"","jetpack_shortlink":"https:\/\/wp.me\/p3qko4-rP","jetpack_sharing_enabled":true,"jetpack_likes_enabled":true,"jetpack-related-posts":[{"id":1842,"url":"https:\/\/blogg.fumei.se\/?p=1842","url_meta":{"origin":1725,"position":0},"title":"Vi k\u00f6r p\u00e5 ett tag till, d\u00e5&#8230;","author":"M :)","date":"2011-12-08","format":false,"excerpt":"I m\u00e5ndags efter jobbet m\u00f6tte jag upp J p\u00e5 centralen i Gbg, och s\u00e5 tog vi t\u00e5get till V\u00e4xj\u00f6. V\u00e4l d\u00e4r inkvarterade vi oss hos Emma, Silvio och knattarna och fikade och tj\u00f4tade en hel l\u00e5ng kv\u00e4ll innan vi kr\u00f6p ner f\u00f6r att f\u00e5 n\u00e5gra timmars s\u00f6mn innan tisdagens stora\u2026","rel":"","context":"I \u201dFamiljen\u201d","block_context":{"text":"Familjen","link":"https:\/\/blogg.fumei.se\/?cat=34"},"img":{"alt_text":"","src":"","width":0,"height":0},"classes":[]},{"id":1951,"url":"https:\/\/blogg.fumei.se\/?p=1951","url_meta":{"origin":1725,"position":1},"title":"\u00c5rets h\u00f6jdpunkter och bottennapp","author":"M :)","date":"2012-01-02","format":false,"excerpt":"\u00c5ret 2011 kom och gick lite grann som alla andra \u00e5r, med vissa undantag. Jag jobbade massor och f\u00f6rs\u00f6kte f\u00e5 tid, lust och ork \u00f6ver till annat mellan arbetspassen. Det ar inte alltid s\u00e5 l\u00e4tt. Av det som avviker fr\u00e5n det vardagliga minns jag: n\u00e4r jag och Kerstin skulle tr\u00e4ffas\u2026","rel":"","context":"I \u201dVardagsliv\u201d","block_context":{"text":"Vardagsliv","link":"https:\/\/blogg.fumei.se\/?cat=47"},"img":{"alt_text":"","src":"","width":0,"height":0},"classes":[]},{"id":211,"url":"https:\/\/blogg.fumei.se\/?p=211","url_meta":{"origin":1725,"position":2},"title":"So much to do, so little time&#8230;","author":"M :)","date":"2010-06-23","format":false,"excerpt":"Nu n\u00e4r det \u00e4r klart med uppeh\u00e5llstillst\u00e5nd m\u00e5ste jag: ringa KF och meddela att jag ska bli sambo, och att de m\u00e5ste g\u00f6ra en omr\u00e4kning tills vidare. ringa kommunen och h\u00f6ra hur man g\u00e5r tillv\u00e4ga med integrationsprojektet. kolla med Transportstyrelsen vilka regler som g\u00e4ller f\u00f6r k\u00f6rkort fr\u00e5n CR. skaffa en\u2026","rel":"","context":"I \u201dVardagsliv\u201d","block_context":{"text":"Vardagsliv","link":"https:\/\/blogg.fumei.se\/?cat=47"},"img":{"alt_text":"","src":"","width":0,"height":0},"classes":[]},{"id":244,"url":"https:\/\/blogg.fumei.se\/?p=244","url_meta":{"origin":1725,"position":3},"title":"I v\u00e4ntans tider","author":"M :)","date":"2010-05-03","format":false,"excerpt":"Inget brev ifr\u00e5n Migrationsverket idag heller. Det b\u00f6rjar bli lite tjatigt det h\u00e4r. Jag ger dem en vecka till, sen ringer jag och kollar om de har n\u00e5t besked p\u00e5 G eller inte. J sa att han skulle ringa ambassaden i Guatemala idag, men jag p\u00e5pekade att de har knappast\u2026","rel":"","context":"I \u201dVardagsliv\u201d","block_context":{"text":"Vardagsliv","link":"https:\/\/blogg.fumei.se\/?cat=47"},"img":{"alt_text":"","src":"","width":0,"height":0},"classes":[]},{"id":222,"url":"https:\/\/blogg.fumei.se\/?p=222","url_meta":{"origin":1725,"position":4},"title":"Gult, bl\u00e5tt, gr\u00e5tt och svart","author":"M :)","date":"2010-05-29","format":false,"excerpt":"S\u00e5 skulle man kunna sammanfatta veckan i f\u00e4rger. Gr\u00e5tt \u00e4r f\u00f6r v\u00e4dret, men det fattar nog varenda m\u00e4nniska. Det regnar och regnar, och n\u00e4r det inte regnar s\u00e5 \u00e4r det mulet och kallt och bl\u00e5sigt och man \u00e5ngrar att man lade undan alla vinterkl\u00e4derna.Gult och bl\u00e5tt \u00e4r f\u00f6rgerna p\u00e5 mina\u2026","rel":"","context":"I \u201dVardagsliv\u201d","block_context":{"text":"Vardagsliv","link":"https:\/\/blogg.fumei.se\/?cat=47"},"img":{"alt_text":"","src":"https:\/\/i0.wp.com\/img.youtube.com\/vi\/JYU37jzeQTo\/0.jpg?resize=350%2C200","width":350,"height":200},"classes":[]},{"id":215,"url":"https:\/\/blogg.fumei.se\/?p=215","url_meta":{"origin":1725,"position":5},"title":"Senaste nytt","author":"EmEff","date":"2010-06-15","format":false,"excerpt":"F\u00f6rra g\u00e5ngen jag pratade med handl\u00e4ggaren p\u00e5 MV sa han ju att jag skulle \u00e5terkomma om en m\u00e5nad och d\u00e5 skulle han kunna ha ett n\u00e4rmare besked \u00e5t mig. Efter att ha f\u00f6rs\u00f6kt komma \u00e5t en telefon under sj\u00e4lva telefontiden (en timme mellan 8.30 och 9.30)\u00a0och, de g\u00e5nger jag lyckats\u2026","rel":"","context":"I \u201dVardagsliv\u201d","block_context":{"text":"Vardagsliv","link":"https:\/\/blogg.fumei.se\/?cat=47"},"img":{"alt_text":"","src":"","width":0,"height":0},"classes":[]}],"_links":{"self":[{"href":"https:\/\/blogg.fumei.se\/index.php?rest_route=\/wp\/v2\/posts\/1725","targetHints":{"allow":["GET"]}}],"collection":[{"href":"https:\/\/blogg.fumei.se\/index.php?rest_route=\/wp\/v2\/posts"}],"about":[{"href":"https:\/\/blogg.fumei.se\/index.php?rest_route=\/wp\/v2\/types\/post"}],"author":[{"embeddable":true,"href":"https:\/\/blogg.fumei.se\/index.php?rest_route=\/wp\/v2\/users\/1"}],"replies":[{"embeddable":true,"href":"https:\/\/blogg.fumei.se\/index.php?rest_route=%2Fwp%2Fv2%2Fcomments&post=1725"}],"version-history":[{"count":2,"href":"https:\/\/blogg.fumei.se\/index.php?rest_route=\/wp\/v2\/posts\/1725\/revisions"}],"predecessor-version":[{"id":1728,"href":"https:\/\/blogg.fumei.se\/index.php?rest_route=\/wp\/v2\/posts\/1725\/revisions\/1728"}],"wp:attachment":[{"href":"https:\/\/blogg.fumei.se\/index.php?rest_route=%2Fwp%2Fv2%2Fmedia&parent=1725"}],"wp:term":[{"taxonomy":"category","embeddable":true,"href":"https:\/\/blogg.fumei.se\/index.php?rest_route=%2Fwp%2Fv2%2Fcategories&post=1725"},{"taxonomy":"post_tag","embeddable":true,"href":"https:\/\/blogg.fumei.se\/index.php?rest_route=%2Fwp%2Fv2%2Ftags&post=1725"}],"curies":[{"name":"wp","href":"https:\/\/api.w.org\/{rel}","templated":true}]}}