{"id":1731,"date":"2011-11-12T18:40:54","date_gmt":"2011-11-12T17:40:54","guid":{"rendered":"http:\/\/blogg.fumei.se\/?p=1731"},"modified":"2011-11-12T18:41:04","modified_gmt":"2011-11-12T17:41:04","slug":"idag-ver-en-san-dar-dag","status":"publish","type":"post","link":"https:\/\/blogg.fumei.se\/?p=1731","title":{"rendered":"Idag var en s\u00e5n d\u00e4r dag"},"content":{"rendered":"<p>n\u00e4r man inte f\u00e5r tummen ur. Det b\u00f6rjade bra, jag fick sovmorgon \u00e4nda till 10-sn\u00e5ret, med en mindre avbrott p\u00e5 sis\u00e5d\u00e4r en halvtimme i morse vid sextiden, n\u00e4r jag vaknade av v\u00e4rk fr\u00e5n t\u00e5n upp i hela foten s\u00e5 jag var tvungen att sl\u00e4pa mig upp f\u00f6r att peta i mig sm\u00e4rtisar, men sen d\u00e4ckade jag nog av sm\u00e4rtan igen, f\u00f6r det sista jag minns \u00e4r att det gjorde j\u00e4kligt ont.<\/p>\n<p>Sen gjorde jag kaffe och en lista \u00f6ver allt jag t\u00e4nkte g\u00f6ra idag. Och s\u00e5 kollade jag mailen, och FB, och mina forum, och Aftonbladet. Sen t\u00e4nkte jag dammsuga, men kom p\u00e5 att damma och vattna blommor nog borde g\u00f6ras f\u00f6rst, och s\u00e5 b\u00f6rjade vi prata om n\u00e5got h\u00e4r hemma, och s\u00e5 blev jag sittande en stund till. Sen skulle jag ta fram n\u00e5got ur frysen, ins\u00e5g att det knappt gick att st\u00e4nga d\u00f6rren och satte ig\u00e5nga att frosta av.<br \/>\nOch d\u00e5 kan man ju inte dammsuga, f\u00f6r a) d\u00e5 \u00e4r k\u00f6ksgolvet upptaget av bunke med vatten, och b) man m\u00e5ste passa s\u00e5 den bunken inte rinner \u00f6ver.<br \/>\nS\u00e5 d\u00e5 satt jag vid datorn &#8211; i k\u00f6ket &#8211; och spelade lite spel.<\/p>\n<p>Sen kom Fia och Andreas hem med hunden, d\u00e5 var jag ju tvungen att prata lite med dem, och gosa med Stella som jag inte sett p\u00e5 2 dagar. D\u00e5 hinner man ju inte dammsuga.<br \/>\nEfter at de \u00e5kt igen b\u00f6rjade jag ansa krukv\u00e4xterna och sedan vattnade jag dem faktiskt.<br \/>\nSen tyckte vi att vi skulle ha middag, men ingen orkade laga mat, s\u00e5 d\u00e5 fick det bli pizza.<br \/>\nVarf\u00f6r heter det snabbmat n\u00e4r det tar s\u00e5 l\u00e5ng tid att best\u00e4mma vilken man ska ha?<\/p>\n<p>Medan Robin gick ut med hunden och h\u00e4mtade pizzorna hj\u00e4lpte jag avfrostningen p\u00e5 traven genom att knacka lite p\u00e5 isklumparna. Sen \u00e5t vi pizza framf\u00f6r tv:n och zappade mellan meningsl\u00f6sa program som ingen ville se. Eller f\u00f6rresten, jag s\u00e5g slutet p\u00e5 ett resereportage fr\u00e5n Rom, men sen var det bara blaj.<br \/>\nEfter maten torkade jag ur den nu isfria frysen och plockade in all maten igen.<\/p>\n<p>Och nu \u00e4r klockan halv sju p\u00e5 kv\u00e4llen, och jag har ingen som helst lust att st\u00e4da n\u00e5t mer idag, s\u00e5 jag struntar i det och g\u00e5r och l\u00e4gger mig p\u00e5 soffan och ser en film ist\u00e4llet; &#8221;Pirates of the Caribbean &#8211; I fr\u00e4mmande farvattnen&#8221;. Lite digestive-choklad och cola kan jag nog trycka i mig ocks\u00e5.<\/p>\n<p>Go&#8217;l\u00f6rdag!<\/p>\n","protected":false},"excerpt":{"rendered":"<p>n\u00e4r man inte f\u00e5r tummen ur. Det b\u00f6rjade bra, jag fick sovmorgon \u00e4nda till 10-sn\u00e5ret, med en mindre avbrott p\u00e5 sis\u00e5d\u00e4r en halvtimme i morse vid sextiden, n\u00e4r jag vaknade av v\u00e4rk fr\u00e5n t\u00e5n upp i hela foten s\u00e5 jag var tvungen att sl\u00e4pa mig upp f\u00f6r att peta i mig sm\u00e4rtisar, men sen d\u00e4ckade&#8230;<\/p>\n","protected":false},"author":1,"featured_media":0,"comment_status":"open","ping_status":"open","sticky":false,"template":"","format":"standard","meta":{"jetpack_post_was_ever_published":false,"_jetpack_newsletter_access":"","_jetpack_dont_email_post_to_subs":false,"_jetpack_newsletter_tier_id":0,"_jetpack_memberships_contains_paywalled_content":false,"_jetpack_memberships_contains_paid_content":false,"footnotes":"","jetpack_publicize_message":"","jetpack_publicize_feature_enabled":true,"jetpack_social_post_already_shared":false,"jetpack_social_options":{"image_generator_settings":{"template":"highway","default_image_id":0,"font":"","enabled":false},"version":2}},"categories":[31,47],"tags":[77,78],"class_list":["post-1731","post","type-post","status-publish","format-standard","hentry","category-hemmet","category-vardagsliv","tag-lat","tag-ledig"],"jetpack_publicize_connections":[],"jetpack_featured_media_url":"","jetpack_shortlink":"https:\/\/wp.me\/p3qko4-rV","jetpack_sharing_enabled":true,"jetpack_likes_enabled":true,"jetpack-related-posts":[{"id":1208,"url":"https:\/\/blogg.fumei.se\/?p=1208","url_meta":{"origin":1731,"position":0},"title":"Tr\u00e4smak i rumpestumpen","author":"M :)","date":"2009-12-21","format":false,"excerpt":"Ig\u00e5r kv\u00e4ll, strax efter att Robin hade g\u00e5tt och lagt sig, ropade han p\u00e5 mig. Han hade helt pl\u00f6tsligt f\u00e5tt v\u00e4ldigt ont i magen, p\u00e5 en punkt invid v\u00e4nster h\u00f6ft. Det gjorde s\u00e5 ont att stackarn b\u00f6rjade gr\u00e5ta och knappt kunde ta sig upp i sittande st\u00e4llning f\u00f6r att sv\u00e4lja\u2026","rel":"","context":"I \u201dVardagsliv\u201d","block_context":{"text":"Vardagsliv","link":"https:\/\/blogg.fumei.se\/?cat=47"},"img":{"alt_text":"","src":"","width":0,"height":0},"classes":[]},{"id":1209,"url":"https:\/\/blogg.fumei.se\/?p=1209","url_meta":{"origin":1731,"position":1},"title":"Lillejul","author":"M :)","date":"2009-12-20","format":false,"excerpt":"Det har barnen haft i helgen hos sin far. Det var nu inget som han hade upplyst varken dem eller mig om, s\u00e5 de satt d\u00e4r och tyckte det var lite pinsamt att de inte hade paket med till n\u00e5gon medan de sj\u00e4lva fick saker.Jag trodde att de skulle f\u00e5\u2026","rel":"","context":"I \u201dVardagsliv\u201d","block_context":{"text":"Vardagsliv","link":"https:\/\/blogg.fumei.se\/?cat=47"},"img":{"alt_text":"","src":"","width":0,"height":0},"classes":[]},{"id":1406,"url":"https:\/\/blogg.fumei.se\/?p=1406","url_meta":{"origin":1731,"position":2},"title":"En liten lista att beta av","author":"M :)","date":"2011-09-15","format":false,"excerpt":"Ledig idag ocks\u00e5. Fick mig en ordentlig sovmorgon dessutom, vaknade inte f\u00f6rr\u00e4n 20 \u00f6ver elva idag, s\u00e5 antagligen var jag rej\u00e4lt tr\u00f6tt! Har ju g\u00e5tt upp tidigt \u00e4ven de dagar jag inte beh\u00f6vt g\u00f6ra det, s\u00e5 det var nog beh\u00f6vligt med de h\u00e4r extra timmarna. Eftersom jag \u00e4r ledig hade\u2026","rel":"","context":"I \u201dVardagsliv\u201d","block_context":{"text":"Vardagsliv","link":"https:\/\/blogg.fumei.se\/?cat=47"},"img":{"alt_text":"","src":"","width":0,"height":0},"classes":[]},{"id":553,"url":"https:\/\/blogg.fumei.se\/?p=553","url_meta":{"origin":1731,"position":3},"title":"\u00c4nnu en dag i mitt liv&#8230;","author":"M :)","date":"2008-09-08","format":false,"excerpt":"...idag, och nu \u00e4r den dagen snart slut. M\u00e5ste l\u00e4gga mig relativt tidigt om jag ska orka upp imorgon bitti. Det \u00e4r lite k\u00e4mpigt att komma ig\u00e5ng med tidiga arbetspassen igen efter att man varit ledig n\u00e5gra dagar, men det \u00e4r ju tur att jag kan vila lite till p\u00e5\u2026","rel":"","context":"I \u201dHemmet\u201d","block_context":{"text":"Hemmet","link":"https:\/\/blogg.fumei.se\/?cat=31"},"img":{"alt_text":"","src":"","width":0,"height":0},"classes":[]},{"id":1082,"url":"https:\/\/blogg.fumei.se\/?p=1082","url_meta":{"origin":1731,"position":4},"title":"Fixelifix","author":"M :)","date":"2009-08-02","format":false,"excerpt":"N\u00e4r Anders var h\u00e4r och fikade i s\u00f6ndags s\u00e5 fick han ett anfall av fixarsjuka och satte upp lampa i vardagsrummet \u00e5t mig. *tack* Fia blev lite putt \u00f6ver att hon var den enda i familjen som inte hade f\u00e5tt upp lampa i taket \u00e4n, s\u00e5 jag lovade att jag\u2026","rel":"","context":"I \u201dVardagsliv\u201d","block_context":{"text":"Vardagsliv","link":"https:\/\/blogg.fumei.se\/?cat=47"},"img":{"alt_text":"","src":"","width":0,"height":0},"classes":[]},{"id":1043,"url":"https:\/\/blogg.fumei.se\/?p=1043","url_meta":{"origin":1731,"position":5},"title":"Svettigt v\u00e4rre","author":"M :)","date":"2009-07-03","format":false,"excerpt":"Idag \u00e4r det varmt. Tryckande, kvavt och ingen fl\u00e4ktande bris emellan\u00e5t ens. Som om n\u00e5gon lagt ett lock \u00f6ver och st\u00e4ngt in v\u00e4rmen. I denna v\u00e4rme t\u00e4nkte jag g\u00f6ra lite nytta h\u00e4r hemma och dammsuga, eftersom det blivit lite l\u00e4tt f\u00f6rsummat n\u00e4r jag bara har latat mig i solen. Uppt\u00e4cker\u2026","rel":"","context":"I \u201dVardagsliv\u201d","block_context":{"text":"Vardagsliv","link":"https:\/\/blogg.fumei.se\/?cat=47"},"img":{"alt_text":"","src":"","width":0,"height":0},"classes":[]}],"_links":{"self":[{"href":"https:\/\/blogg.fumei.se\/index.php?rest_route=\/wp\/v2\/posts\/1731","targetHints":{"allow":["GET"]}}],"collection":[{"href":"https:\/\/blogg.fumei.se\/index.php?rest_route=\/wp\/v2\/posts"}],"about":[{"href":"https:\/\/blogg.fumei.se\/index.php?rest_route=\/wp\/v2\/types\/post"}],"author":[{"embeddable":true,"href":"https:\/\/blogg.fumei.se\/index.php?rest_route=\/wp\/v2\/users\/1"}],"replies":[{"embeddable":true,"href":"https:\/\/blogg.fumei.se\/index.php?rest_route=%2Fwp%2Fv2%2Fcomments&post=1731"}],"version-history":[{"count":2,"href":"https:\/\/blogg.fumei.se\/index.php?rest_route=\/wp\/v2\/posts\/1731\/revisions"}],"predecessor-version":[{"id":1733,"href":"https:\/\/blogg.fumei.se\/index.php?rest_route=\/wp\/v2\/posts\/1731\/revisions\/1733"}],"wp:attachment":[{"href":"https:\/\/blogg.fumei.se\/index.php?rest_route=%2Fwp%2Fv2%2Fmedia&parent=1731"}],"wp:term":[{"taxonomy":"category","embeddable":true,"href":"https:\/\/blogg.fumei.se\/index.php?rest_route=%2Fwp%2Fv2%2Fcategories&post=1731"},{"taxonomy":"post_tag","embeddable":true,"href":"https:\/\/blogg.fumei.se\/index.php?rest_route=%2Fwp%2Fv2%2Ftags&post=1731"}],"curies":[{"name":"wp","href":"https:\/\/api.w.org\/{rel}","templated":true}]}}