{"id":1734,"date":"2011-11-12T22:38:44","date_gmt":"2011-11-12T21:38:44","guid":{"rendered":"http:\/\/blogg.fumei.se\/?p=1734"},"modified":"2011-11-12T22:38:44","modified_gmt":"2011-11-12T21:38:44","slug":"gar-dagens-lilla-rolighet","status":"publish","type":"post","link":"https:\/\/blogg.fumei.se\/?p=1734","title":{"rendered":"(G\u00e5r-)dagens lilla rolighet"},"content":{"rendered":"<p>Robin hade best\u00e4llt hamburgare till middag, men eftersom det tog en del b\u00e5de ork och tid att ta mig fram och tillbaka till v\u00e5rdcentralen, s\u00e5 hade jag inte handlat, utan det fick han g\u00f6ra n\u00e4r han kom hem fr\u00e5n skolan.<br \/>\nMedan han drog p\u00e5 sig jackan sa han att det var v\u00e4l lika bra att han skrev en lapp, s\u00e5 han inte gl\u00f6mde n\u00e5got. Han skrev upp det som beh\u00f6vdes till middagen, och s\u00e5 lade han till chips och dricka f\u00f6r sitt fredagsmys. Sen fr\u00e5gade han mig: &#8221;ska du ha en marabou, eller?&#8221; och jag svarade &#8221;ja, en digestive&#8221; (med engelskt uttal), &#8221;Det heter v\u00e4l\u00a0di-ge-sti-ve?&#8221; &#8221;Nej, det heter digestive, det \u00e4r bara i Sverige det heter di-ge-sti-ve, men det heter s\u00e5 f\u00f6r det \u00e4r engelska kex fr\u00e5n b\u00f6rjan.&#8221; &#8221;Och vad betyder det d\u00e5?&#8221; &#8221;Matsm\u00e4ltning. &#8221; &#8221;Men hall\u00e5, man kan ju inte \u00e4ta matsm\u00e4ltnings-choklad!?!&#8221;<\/p>\n<p>Och nu n\u00e4r jag l\u00e4ser igenom det h\u00e4r s\u00e5 t\u00e4nker jag att det \u00e4r nog bara jag som var med ig\u00e5r som fattar hur kul det l\u00e4t n\u00e4r vi pratade om det, f\u00f6r andra verkar det nog bara knasigt. I vilket fall som helst kan man l\u00e4sa <a href=\"http:\/\/en.wikipedia.org\/wiki\/Digestive_biscuit\" target=\"_blank\">h\u00e4r<\/a>\u00a0om man inte tro p\u00e5 min f\u00f6rklaring.<\/p>\n","protected":false},"excerpt":{"rendered":"<p>Robin hade best\u00e4llt hamburgare till middag, men eftersom det tog en del b\u00e5de ork och tid att ta mig fram och tillbaka till v\u00e5rdcentralen, s\u00e5 hade jag inte handlat, utan det fick han g\u00f6ra n\u00e4r han kom hem fr\u00e5n skolan. Medan han drog p\u00e5 sig jackan sa han att det var v\u00e4l lika bra att&#8230;<\/p>\n","protected":false},"author":1,"featured_media":0,"comment_status":"open","ping_status":"open","sticky":false,"template":"","format":"standard","meta":{"jetpack_post_was_ever_published":false,"_jetpack_newsletter_access":"","_jetpack_dont_email_post_to_subs":false,"_jetpack_newsletter_tier_id":0,"_jetpack_memberships_contains_paywalled_content":false,"_jetpack_memberships_contains_paid_content":false,"footnotes":"","jetpack_publicize_message":"","jetpack_publicize_feature_enabled":true,"jetpack_social_post_already_shared":false,"jetpack_social_options":{"image_generator_settings":{"template":"highway","default_image_id":0,"font":"","enabled":false},"version":2}},"categories":[47],"tags":[],"class_list":["post-1734","post","type-post","status-publish","format-standard","hentry","category-vardagsliv"],"jetpack_publicize_connections":[],"jetpack_featured_media_url":"","jetpack_shortlink":"https:\/\/wp.me\/p3qko4-rY","jetpack_sharing_enabled":true,"jetpack_likes_enabled":true,"jetpack-related-posts":[{"id":859,"url":"https:\/\/blogg.fumei.se\/?p=859","url_meta":{"origin":1734,"position":0},"title":"It&#8217;s a small world&#8230;","author":"M :)","date":"2009-02-03","format":false,"excerpt":"Om man, som jag, \u00e4r lite historieintresserad och s\u00e4rskilt d\u00e5 av romartiden och medeltiden (och n\u00e5gra eror till som jag inte beh\u00f6ver n\u00e4mna h\u00e4r), d\u00e5 har man f\u00f6rmodligen l\u00e4st om den m\u00e4ktiga familjen Medici, som levde och h\u00e4rskade i Toscana (n\u00e4rmare best\u00e4mt Florens) i Italien under 1200-1700-talen (med sm\u00e4rre avbrott\u2026","rel":"","context":"I \u201dVardagsliv\u201d","block_context":{"text":"Vardagsliv","link":"https:\/\/blogg.fumei.se\/?cat=47"},"img":{"alt_text":"","src":"","width":0,"height":0},"classes":[]},{"id":1731,"url":"https:\/\/blogg.fumei.se\/?p=1731","url_meta":{"origin":1734,"position":1},"title":"Idag var en s\u00e5n d\u00e4r dag","author":"M :)","date":"2011-11-12","format":false,"excerpt":"n\u00e4r man inte f\u00e5r tummen ur. Det b\u00f6rjade bra, jag fick sovmorgon \u00e4nda till 10-sn\u00e5ret, med en mindre avbrott p\u00e5 sis\u00e5d\u00e4r en halvtimme i morse vid sextiden, n\u00e4r jag vaknade av v\u00e4rk fr\u00e5n t\u00e5n upp i hela foten s\u00e5 jag var tvungen att sl\u00e4pa mig upp f\u00f6r att peta i\u2026","rel":"","context":"I \u201dHemmet\u201d","block_context":{"text":"Hemmet","link":"https:\/\/blogg.fumei.se\/?cat=31"},"img":{"alt_text":"","src":"","width":0,"height":0},"classes":[]},{"id":1380,"url":"https:\/\/blogg.fumei.se\/?p=1380","url_meta":{"origin":1734,"position":2},"title":"Men orka","author":"M :)","date":"2011-09-04","format":false,"excerpt":"Nu \u00e4r jag tr\u00f6tt p\u00e5 att beh\u00f6va f\u00f6rklara varf\u00f6r min blogg heter som den heter. Fr\u00e5n b\u00f6rjan hette den \"EmEff\", som var en sammans\u00e4ttning av mina initialer; M och F. Sedan bytte jag till \"Miss Green\", f\u00f6r att n\u00e4gra m\u00e4nniskor kallar mig fr\u00f6ken gr\u00f6n pga min favoritf\u00e4rg (Sj\u00e4lva namnet Fr\u00f6ken\u2026","rel":"","context":"I \u201dVardagsliv\u201d","block_context":{"text":"Vardagsliv","link":"https:\/\/blogg.fumei.se\/?cat=47"},"img":{"alt_text":"","src":"","width":0,"height":0},"classes":[]},{"id":4549,"url":"https:\/\/blogg.fumei.se\/?p=4549","url_meta":{"origin":1734,"position":3},"title":"Somnar och vaknar med ett leende","author":"M :)","date":"2018-06-22","format":false,"excerpt":"Det finns en liiiten risk att det h\u00e4r inl\u00e4gget blir en aning sockers\u00f6tt.\u00a0 Men\u00a0bara lite. Jag \u00e4r inte mycket f\u00f6r att h\u00e4va ur mig gullegull offentligt. Men i alla fall, jag t\u00e4nkte bara tala om att jag har tr\u00e4ffat n\u00e5gon. Meh, s\u00e4ger ni, det visste vi ju redan. Jaa, joo,\u2026","rel":"","context":"I \u201dFamiljen\u201d","block_context":{"text":"Familjen","link":"https:\/\/blogg.fumei.se\/?cat=34"},"img":{"alt_text":"","src":"https:\/\/i0.wp.com\/blogg.fumei.se\/wp-content\/uploads\/2018\/07\/20171226_013335.jpg?resize=350%2C200","width":350,"height":200},"classes":[]},{"id":2534,"url":"https:\/\/blogg.fumei.se\/?p=2534","url_meta":{"origin":1734,"position":4},"title":"Rom 2012; dag 3","author":"M :)","date":"2012-07-30","format":false,"excerpt":"H\u00e4r och h\u00e4r hittar du del 1 och del 2. V\u00e5r tredje dag i Rom inledde vi med att g\u00e5 till marknaden. N\u00e4r man t\u00e4nker p\u00e5 marknad i medelhavsl\u00e4nderna s\u00e5 t\u00e4nker man sig ett stort torg d\u00e4r det s\u00e4ljs allt fr\u00e5n aprikoser till \u00f6rh\u00e4ngen, och s\u00e5 var det ocks\u00e5 p\u00e5\u2026","rel":"","context":"I \u201dVardagsliv\u201d","block_context":{"text":"Vardagsliv","link":"https:\/\/blogg.fumei.se\/?cat=47"},"img":{"alt_text":"","src":"https:\/\/i0.wp.com\/blogg.fumei.se\/wp-content\/uploads\/2012\/07\/44.jpg?resize=350%2C200","width":350,"height":200},"classes":[]},{"id":1430,"url":"https:\/\/blogg.fumei.se\/?p=1430","url_meta":{"origin":1734,"position":5},"title":"Bokrecension: A place called here","author":"M :)","date":"2011-09-20","format":false,"excerpt":"F\u00f6rfattare: Cecelia Ahern Den h\u00e4r boken \u00e4r lite tr\u00f6g att komma in i, men om man k\u00e4mpar sig igenom hela, \u00e4r slutet \u00e4nd\u00e5 r\u00e4tt bra. Trots att det inte min favoritbok av Cecelia Ahern, s\u00e5 har hon \u00e4nd\u00e5 en f\u00f6rm\u00e5ga att skriva bra b\u00f6cker \u2013 chick-lit, visserligen, men who cares?\u2026","rel":"","context":"I \u201dB\u00f6cker och l\u00e4sning\u201d","block_context":{"text":"B\u00f6cker och l\u00e4sning","link":"https:\/\/blogg.fumei.se\/?cat=29"},"img":{"alt_text":"","src":"https:\/\/i0.wp.com\/blogg.fumei.se\/wp-content\/uploads\/2011\/09\/588369-195x300.jpg?resize=350%2C200","width":350,"height":200},"classes":[]}],"_links":{"self":[{"href":"https:\/\/blogg.fumei.se\/index.php?rest_route=\/wp\/v2\/posts\/1734","targetHints":{"allow":["GET"]}}],"collection":[{"href":"https:\/\/blogg.fumei.se\/index.php?rest_route=\/wp\/v2\/posts"}],"about":[{"href":"https:\/\/blogg.fumei.se\/index.php?rest_route=\/wp\/v2\/types\/post"}],"author":[{"embeddable":true,"href":"https:\/\/blogg.fumei.se\/index.php?rest_route=\/wp\/v2\/users\/1"}],"replies":[{"embeddable":true,"href":"https:\/\/blogg.fumei.se\/index.php?rest_route=%2Fwp%2Fv2%2Fcomments&post=1734"}],"version-history":[{"count":1,"href":"https:\/\/blogg.fumei.se\/index.php?rest_route=\/wp\/v2\/posts\/1734\/revisions"}],"predecessor-version":[{"id":1735,"href":"https:\/\/blogg.fumei.se\/index.php?rest_route=\/wp\/v2\/posts\/1734\/revisions\/1735"}],"wp:attachment":[{"href":"https:\/\/blogg.fumei.se\/index.php?rest_route=%2Fwp%2Fv2%2Fmedia&parent=1734"}],"wp:term":[{"taxonomy":"category","embeddable":true,"href":"https:\/\/blogg.fumei.se\/index.php?rest_route=%2Fwp%2Fv2%2Fcategories&post=1734"},{"taxonomy":"post_tag","embeddable":true,"href":"https:\/\/blogg.fumei.se\/index.php?rest_route=%2Fwp%2Fv2%2Ftags&post=1734"}],"curies":[{"name":"wp","href":"https:\/\/api.w.org\/{rel}","templated":true}]}}