{"id":1742,"date":"2011-11-14T13:20:37","date_gmt":"2011-11-14T12:20:37","guid":{"rendered":"http:\/\/blogg.fumei.se\/?p=1742"},"modified":"2024-03-31T12:18:51","modified_gmt":"2024-03-31T10:18:51","slug":"dan-fore-dan-fore-dan-fore","status":"publish","type":"post","link":"https:\/\/blogg.fumei.se\/?p=1742","title":{"rendered":"Dan f\u00f6re dan, f\u00f6re dan, f\u00f6re&#8230;"},"content":{"rendered":"<p>Ja nu \u00e4r det knappt en och en halv m\u00e5nad kvar till julafton, det \u00e4r sv\u00e5rt att tro det, men almanackan ljuger ju s\u00e4llan (aldrig&#8230;). I \u00e5r \u00e4r det mitt lags tur att slippa jobba julen, och det \u00e4r min tur att ha barnen hemma p\u00e5 jul, det \u00e4r ju alltid extra roligt med jul d\u00e5.<br \/>\nI \u00e5r kommer dessutom syster yster; Ilse och hennes familj ner till oss f\u00f6r att spendera julen med oss, s\u00e5 det blir en lite extra speciell jul, f\u00f6r det \u00e4r f\u00f6rsta g\u00e5ngen som vi firar jul tillsammans. Min syster har aldrig firat jul med v\u00e5r sida av familjen, men nu ska det bli av! Tack Magnus f\u00f6r den hemskt goda id\u00e9n!<\/p>\n<p>S\u00e5 jag antar att jag f\u00e5r anstr\u00e4nga mig lite och julpynta lite grann, jag som aldrig l\u00e4gger ner s\u00e4rskilt mycket energi p\u00e5 att pynta. Det brukar bli ljusstakar och stj\u00e4rnor och n\u00e5gon enstaka tomte, men inte mycket mer. N\u00e5gon gran blir det inte, f\u00f6r det har vi inte plats f\u00f6r, men \u00e5 andra sidan s\u00e5 pyntas det desto mer hemma hos mor och far, d\u00e4r vi ska spendera mesta delen av juldagarna, s\u00e5 det kan n\u00e4stan vara lite sk\u00f6nt att f\u00e5 vila ifr\u00e5n det under tiden man \u00e4r hemma och sover.<\/p>\n<p>Vad g\u00e4ller julklappar, s\u00e5 har jag inte den blekaste aning om vad jag ska ge mina barn, men jag antar att de kommer att tala om f\u00f6r mig vad de \u00f6nskar sig. I h\u00e4ndelse av att de skulle r\u00e5ka l\u00e4sa det h\u00e4r, s\u00e5 kan jag meddela att det i \u00e5r blir r\u00e4tt sn\u00e5lt med klappar, s\u00e5 \u00f6nska vettigt! \ud83d\ude09<\/p>\n<p>Sj\u00e4lv har jag bara tre saker p\u00e5 \u00f6nskelistan: sn\u00e4lla barn, att f\u00e5 vara frisk och ett godk\u00e4nnande fr\u00e5n MV.<\/p>\n","protected":false},"excerpt":{"rendered":"<p>Ja nu \u00e4r det knappt en och en halv m\u00e5nad kvar till julafton, det \u00e4r sv\u00e5rt att tro det, men almanackan ljuger ju s\u00e4llan (aldrig&#8230;). I \u00e5r \u00e4r det mitt lags tur att slippa jobba julen, och det \u00e4r min tur att ha barnen hemma p\u00e5 jul, det \u00e4r ju alltid extra roligt med jul&#8230;<\/p>\n","protected":false},"author":1,"featured_media":0,"comment_status":"open","ping_status":"open","sticky":false,"template":"","format":"standard","meta":{"jetpack_post_was_ever_published":false,"_jetpack_newsletter_access":"","_jetpack_dont_email_post_to_subs":false,"_jetpack_newsletter_tier_id":0,"_jetpack_memberships_contains_paywalled_content":false,"_jetpack_memberships_contains_paid_content":false,"footnotes":"","jetpack_publicize_message":"","jetpack_publicize_feature_enabled":true,"jetpack_social_post_already_shared":false,"jetpack_social_options":{"image_generator_settings":{"template":"highway","default_image_id":0,"font":"","enabled":false},"version":2}},"categories":[47],"tags":[],"class_list":["post-1742","post","type-post","status-publish","format-standard","hentry","category-vardagsliv"],"jetpack_publicize_connections":[],"jetpack_featured_media_url":"","jetpack_shortlink":"https:\/\/wp.me\/p3qko4-s6","jetpack_sharing_enabled":true,"jetpack_likes_enabled":true,"jetpack-related-posts":[{"id":2857,"url":"https:\/\/blogg.fumei.se\/?p=2857","url_meta":{"origin":1742,"position":0},"title":"Dan f\u00f6re dan f\u00f6re&#8230;","author":"M :)","date":"2012-12-19","format":false,"excerpt":"\u00c4n \u00e4r det n\u00e5gra dagar kvar till jul, men vips s\u00e5 \u00e4r den h\u00e4r och lika vips \u00e4r den \u00f6ver. Jag har stressat \u00f6ver att jag skulle jobba s\u00e5 himla mycket f\u00f6re, mellan, under och efter jul och ny\u00e5rshelgerna att jag n\u00e4stan gl\u00f6mde att jag ju \u00e4r ledig i tre\u2026","rel":"","context":"I \u201dB\u00f6cker och l\u00e4sning\u201d","block_context":{"text":"B\u00f6cker och l\u00e4sning","link":"https:\/\/blogg.fumei.se\/?cat=29"},"img":{"alt_text":"reservationerdecember12","src":"https:\/\/i0.wp.com\/blogg.fumei.se\/wp-content\/uploads\/2012\/12\/reservationerdecember12-180x180.jpg?resize=350%2C200","width":350,"height":200},"classes":[]},{"id":1221,"url":"https:\/\/blogg.fumei.se\/?p=1221","url_meta":{"origin":1742,"position":1},"title":"Jul-lista","author":"M :)","date":"2009-12-10","format":false,"excerpt":"Det var l\u00e4ngesen, s\u00e5 nu blir det lista igen. Den h\u00e4r har jag l\u00e5nat ifr\u00e5n\u00a0LiveLoveLearn.\u00a0 H\u00f6gst upp p\u00e5 \u00f6nskelistan: Diskmaskin ligger bra till, men b\u00f6cker och pengar sl\u00e5r nog \u00e4ven en diskmaskin.Detta vill jag inte ha i jul: Vaser och sk\u00e5lar och prydnadssaker och annat som bara st\u00e5r i sk\u00e5pen\u2026","rel":"","context":"I \u201dVardagsliv\u201d","block_context":{"text":"Vardagsliv","link":"https:\/\/blogg.fumei.se\/?cat=47"},"img":{"alt_text":"","src":"","width":0,"height":0},"classes":[]},{"id":1207,"url":"https:\/\/blogg.fumei.se\/?p=1207","url_meta":{"origin":1742,"position":2},"title":"Nu \u00e4r glada julen slut, slut, slut&#8230;","author":"M :)","date":"2009-12-25","format":false,"excerpt":"Japp. Slut, \u00f6ver, f\u00f6rbi. Och f\u00f6r en g\u00e5ng skull tycker jag det \u00e4r sk\u00f6nt. Det b\u00f6rjade s\u00e5 bra med att vi packade ihop klapparna och \u00e5kte ut till mor och far f\u00f6r att fira julen d\u00e4r. Egentligen skulle Silvio, Emma och knoddarna kommit ocks\u00e5, men det blev \u00e4ndrade planer, s\u00e5\u2026","rel":"","context":"I \u201dVardagsliv\u201d","block_context":{"text":"Vardagsliv","link":"https:\/\/blogg.fumei.se\/?cat=47"},"img":{"alt_text":"","src":"","width":0,"height":0},"classes":[]},{"id":4920,"url":"https:\/\/blogg.fumei.se\/?p=4920","url_meta":{"origin":1742,"position":3},"title":"Juletid \u00e4r julefrid?","author":"M :)","date":"2017-12-24","format":false,"excerpt":"Julafton hos familjen Fumei. Paketberg, m\u00e4ngder av mat, julklappslek, ris \u00e1 la Malta , lite syskonbr\u00e5k, Kalle Anka p\u00e5 tv och de traditionsenligt framtvingade familjebilderna. Och s\u00e5 en ny tradtition- en tur till minneslunden f\u00f6r pappa. GOD JUL fr\u00e5n mig till er som l\u00e4ser det h\u00e4r! Julgran med julklappar Lovisa,\u2026","rel":"","context":"I \u201dFamiljen\u201d","block_context":{"text":"Familjen","link":"https:\/\/blogg.fumei.se\/?cat=34"},"img":{"alt_text":"","src":"https:\/\/i0.wp.com\/blogg.fumei.se\/wp-content\/uploads\/2022\/10\/0CA06A55-4DAE-4E91-AD90-C77BC541A103-scaled.jpeg?resize=350%2C200","width":350,"height":200,"srcset":"https:\/\/i0.wp.com\/blogg.fumei.se\/wp-content\/uploads\/2022\/10\/0CA06A55-4DAE-4E91-AD90-C77BC541A103-scaled.jpeg?resize=350%2C200 1x, https:\/\/i0.wp.com\/blogg.fumei.se\/wp-content\/uploads\/2022\/10\/0CA06A55-4DAE-4E91-AD90-C77BC541A103-scaled.jpeg?resize=525%2C300 1.5x, https:\/\/i0.wp.com\/blogg.fumei.se\/wp-content\/uploads\/2022\/10\/0CA06A55-4DAE-4E91-AD90-C77BC541A103-scaled.jpeg?resize=700%2C400 2x, https:\/\/i0.wp.com\/blogg.fumei.se\/wp-content\/uploads\/2022\/10\/0CA06A55-4DAE-4E91-AD90-C77BC541A103-scaled.jpeg?resize=1050%2C600 3x, https:\/\/i0.wp.com\/blogg.fumei.se\/wp-content\/uploads\/2022\/10\/0CA06A55-4DAE-4E91-AD90-C77BC541A103-scaled.jpeg?resize=1400%2C800 4x"},"classes":[]},{"id":4704,"url":"https:\/\/blogg.fumei.se\/?p=4704","url_meta":{"origin":1742,"position":4},"title":"Jul, jul, strilande jul","author":"M :)","date":"2020-01-01","format":false,"excerpt":"Nix, jag har inte skrivit fel i rubriken. Denna jul, ja praktiskt taget hela december, har varit den regnigaste p\u00e5 s\u00e5 l\u00e4nge jag kan minnas. men det g\u00f6r inget, vi har firat jul och haft det trevligt och bra \u00e4nd\u00e5! Robin var h\u00e4r, vilket var v\u00e4ldigt trevligt, jag tr\u00e4ffar ju\u2026","rel":"","context":"I \u201dFamiljen\u201d","block_context":{"text":"Familjen","link":"https:\/\/blogg.fumei.se\/?cat=34"},"img":{"alt_text":"","src":"https:\/\/i0.wp.com\/blogg.fumei.se\/wp-content\/uploads\/2020\/01\/20191224_002640.jpg?resize=350%2C200","width":350,"height":200},"classes":[]},{"id":3802,"url":"https:\/\/blogg.fumei.se\/?p=3802","url_meta":{"origin":1742,"position":5},"title":"Nu \u00e4r glada julen slut, slut slut&#8230;","author":"M :)","date":"2016-01-02","format":false,"excerpt":"S\u00e5 var julen och \u00e4ven ny\u00e5rshelgen \u00f6verst\u00f6kade f\u00f6r den h\u00e4r g\u00e5ngen! I \u00e5r hade jag turen att vara ledig hela julhelgen, s\u00e5 jag kunde umg\u00e5s med familjen utan att stressa. Jag jobbade kv\u00e4llspass dagen innan julafton, s\u00e5 jag satte mig p\u00e5 t\u00e5get direkt efter\u00e5t och \u00e5kte hem till mor och\u2026","rel":"","context":"I \u201dVardagsliv\u201d","block_context":{"text":"Vardagsliv","link":"https:\/\/blogg.fumei.se\/?cat=47"},"img":{"alt_text":"","src":"https:\/\/i0.wp.com\/blogg.fumei.se\/wp-content\/uploads\/2016\/01\/2015-12-24-17.45.03.jpg?resize=350%2C200","width":350,"height":200,"srcset":"https:\/\/i0.wp.com\/blogg.fumei.se\/wp-content\/uploads\/2016\/01\/2015-12-24-17.45.03.jpg?resize=350%2C200 1x, https:\/\/i0.wp.com\/blogg.fumei.se\/wp-content\/uploads\/2016\/01\/2015-12-24-17.45.03.jpg?resize=525%2C300 1.5x, https:\/\/i0.wp.com\/blogg.fumei.se\/wp-content\/uploads\/2016\/01\/2015-12-24-17.45.03.jpg?resize=700%2C400 2x, https:\/\/i0.wp.com\/blogg.fumei.se\/wp-content\/uploads\/2016\/01\/2015-12-24-17.45.03.jpg?resize=1050%2C600 3x, https:\/\/i0.wp.com\/blogg.fumei.se\/wp-content\/uploads\/2016\/01\/2015-12-24-17.45.03.jpg?resize=1400%2C800 4x"},"classes":[]}],"_links":{"self":[{"href":"https:\/\/blogg.fumei.se\/index.php?rest_route=\/wp\/v2\/posts\/1742","targetHints":{"allow":["GET"]}}],"collection":[{"href":"https:\/\/blogg.fumei.se\/index.php?rest_route=\/wp\/v2\/posts"}],"about":[{"href":"https:\/\/blogg.fumei.se\/index.php?rest_route=\/wp\/v2\/types\/post"}],"author":[{"embeddable":true,"href":"https:\/\/blogg.fumei.se\/index.php?rest_route=\/wp\/v2\/users\/1"}],"replies":[{"embeddable":true,"href":"https:\/\/blogg.fumei.se\/index.php?rest_route=%2Fwp%2Fv2%2Fcomments&post=1742"}],"version-history":[{"count":4,"href":"https:\/\/blogg.fumei.se\/index.php?rest_route=\/wp\/v2\/posts\/1742\/revisions"}],"predecessor-version":[{"id":6778,"href":"https:\/\/blogg.fumei.se\/index.php?rest_route=\/wp\/v2\/posts\/1742\/revisions\/6778"}],"wp:attachment":[{"href":"https:\/\/blogg.fumei.se\/index.php?rest_route=%2Fwp%2Fv2%2Fmedia&parent=1742"}],"wp:term":[{"taxonomy":"category","embeddable":true,"href":"https:\/\/blogg.fumei.se\/index.php?rest_route=%2Fwp%2Fv2%2Fcategories&post=1742"},{"taxonomy":"post_tag","embeddable":true,"href":"https:\/\/blogg.fumei.se\/index.php?rest_route=%2Fwp%2Fv2%2Ftags&post=1742"}],"curies":[{"name":"wp","href":"https:\/\/api.w.org\/{rel}","templated":true}]}}