{"id":1745,"date":"2011-11-14T22:50:33","date_gmt":"2011-11-14T21:50:33","guid":{"rendered":"http:\/\/blogg.fumei.se\/?p=1745"},"modified":"2011-11-14T22:51:36","modified_gmt":"2011-11-14T21:51:36","slug":"ulle-dulle-doff-kinke-lade-koff","status":"publish","type":"post","link":"https:\/\/blogg.fumei.se\/?p=1745","title":{"rendered":"Ulle dulle doff, kinke lade koff"},"content":{"rendered":"<p><em>(finska. Betyder ole dole doff, kinke lane koff)<\/em><\/p>\n<p>I den <a href=\"http:\/\/dantesbibliotek.se\/2011\/10\/13\/nordisk-lasutmaning\/\" target=\"_blank\">nordiska l\u00e4sutmaningen<\/a> ska vi den h\u00e4r m\u00e5naden l\u00e4sa en finsk f\u00f6rfattare. Jag googlade p\u00e5 &#8221;finska f\u00f6rfattare&#8221; och fick fram en hel wikipedia-sida med namn, och d\u00e5 k\u00e4nde jag att det skulle nog bli sv\u00e5rt att v\u00e4lja en i h\u00f6gen och hoppas att jag tr\u00e4ffar p\u00e5 n\u00e5got bra, s\u00e5 jag valde ist\u00e4llet att k\u00f6ra p\u00e5 redan k\u00e4nd finska. Det blev Kaari Utrios &#8221;Pirita, Karelens dotter&#8221;, som nu \u00e4r reserverad p\u00e5 bibblan och ska h\u00e4mtas upp inom n\u00e5gra dagar.<\/p>\n<p>Tyckande och ev recension kommer den 30 November.<\/p>\n","protected":false},"excerpt":{"rendered":"<p>(finska. Betyder ole dole doff, kinke lane koff) I den nordiska l\u00e4sutmaningen ska vi den h\u00e4r m\u00e5naden l\u00e4sa en finsk f\u00f6rfattare. Jag googlade p\u00e5 &#8221;finska f\u00f6rfattare&#8221; och fick fram en hel wikipedia-sida med namn, och d\u00e5 k\u00e4nde jag att det skulle nog bli sv\u00e5rt att v\u00e4lja en i h\u00f6gen och hoppas att jag tr\u00e4ffar p\u00e5&#8230;<\/p>\n","protected":false},"author":1,"featured_media":0,"comment_status":"open","ping_status":"open","sticky":false,"template":"","format":"standard","meta":{"jetpack_post_was_ever_published":false,"_jetpack_newsletter_access":"","_jetpack_dont_email_post_to_subs":false,"_jetpack_newsletter_tier_id":0,"_jetpack_memberships_contains_paywalled_content":false,"_jetpack_memberships_contains_paid_content":false,"footnotes":"","jetpack_publicize_message":"","jetpack_publicize_feature_enabled":true,"jetpack_social_post_already_shared":false,"jetpack_social_options":{"image_generator_settings":{"template":"highway","default_image_id":0,"font":"","enabled":false},"version":2}},"categories":[47],"tags":[],"class_list":["post-1745","post","type-post","status-publish","format-standard","hentry","category-vardagsliv"],"jetpack_publicize_connections":[],"jetpack_featured_media_url":"","jetpack_shortlink":"https:\/\/wp.me\/p3qko4-s9","jetpack_sharing_enabled":true,"jetpack_likes_enabled":true,"jetpack-related-posts":[{"id":1606,"url":"https:\/\/blogg.fumei.se\/?p=1606","url_meta":{"origin":1745,"position":0},"title":"L\u00e4sutmaning","author":"M :)","date":"2011-10-15","format":false,"excerpt":"Kerstin skriver om en l\u00e4sutmaning som Therese p\u00e5 Dantes Bibliotek har dragit ig\u00e5ng; en nordisk l\u00e4sutmaning. Klart jag h\u00e4nger p\u00e5! Sj\u00e4lva utmaningen best\u00e5r naturligtvis inte i att l\u00e4sa b\u00f6cker *d\u00f6h* utan i att varje m\u00e5nad v\u00e4lja b\u00f6cker fr\u00e5n de olika nordiska l\u00e4nderna efter en lista: November: Finland December: Island Januari:\u2026","rel":"","context":"I \u201dVardagsliv\u201d","block_context":{"text":"Vardagsliv","link":"https:\/\/blogg.fumei.se\/?cat=47"},"img":{"alt_text":"","src":"","width":0,"height":0},"classes":[]},{"id":1838,"url":"https:\/\/blogg.fumei.se\/?p=1838","url_meta":{"origin":1745,"position":1},"title":"Bokrecension: Pirita, Karelens dotter","author":"M :)","date":"2011-12-02","format":false,"excerpt":"I Nordiska l\u00e4sutmaningen valde jag f\u00f6r November m\u00e5nad \"Pirita, Karelens dotter\" av Kaari Utrio. Kaari Utrio \u00e4r en finsk historiker och\u00a0f\u00f6rfattare, och hon skriver fr\u00e4mst historiska romaner. F\u00f6r det mesta handlar hennes romaner om kvinnor som skiljer sig fr\u00e5n hur kvinnor f\u00f6rv\u00e4ntades upptr\u00e4da f\u00f6rr i tiden. \"Pirita...\" \u00e4r inget undantag.\u2026","rel":"","context":"I \u201dVardagsliv\u201d","block_context":{"text":"Vardagsliv","link":"https:\/\/blogg.fumei.se\/?cat=47"},"img":{"alt_text":"","src":"","width":0,"height":0},"classes":[]},{"id":1055,"url":"https:\/\/blogg.fumei.se\/?p=1055","url_meta":{"origin":1745,"position":2},"title":"Inte bra&#8230;inte bra alls&#8230;","author":"M :)","date":"2009-08-27","format":false,"excerpt":"Drog p\u00e5 mig en f\u00f6rkylning under senaste \u00e4ventyret. Eller kanske inte, egentligen. Fia har haft halsfluss och AnnCharlotte p\u00e5 jobbet var dunderf\u00f6rkyld i l\u00f6rdags och gick tom hem tidigare, s\u00e5 n\u00e5n av dem kan ju ha delat med sig lite omedvetet. Men f\u00f6rkyld \u00e4r jag i alla fall.Hostar och t\u00e4ppt\u2026","rel":"","context":"I \u201dVardagsliv\u201d","block_context":{"text":"Vardagsliv","link":"https:\/\/blogg.fumei.se\/?cat=47"},"img":{"alt_text":"","src":"","width":0,"height":0},"classes":[]},{"id":1206,"url":"https:\/\/blogg.fumei.se\/?p=1206","url_meta":{"origin":1745,"position":3},"title":"Bokrecension &#8211; Hotel Galicja","author":"M :)","date":"2009-12-27","format":false,"excerpt":"Hotel Galicja av Per Agne Erkelius (Norstedts 2009) Baksidestext: N\u00e4r nazisterna tog makten i \u00d6sterrike flydde den judiska familjen Zuckerkandl till Sverige, men utvisades och flydde vidare till Frankrike. Under en stor razzia i det ockuperade Paris 1942 greps de - f\u00f6r att transporteras till Auschwitz. Det ena av de\u2026","rel":"","context":"I \u201dVardagsliv\u201d","block_context":{"text":"Vardagsliv","link":"https:\/\/blogg.fumei.se\/?cat=47"},"img":{"alt_text":"","src":"","width":0,"height":0},"classes":[]},{"id":119,"url":"https:\/\/blogg.fumei.se\/?p=119","url_meta":{"origin":1745,"position":4},"title":"Boktolva \u00e0 la moi","author":"M :)","date":"2011-01-15","format":false,"excerpt":"Fast egentligen \u00e4r det v\u00e4l en f\u00f6rfattarlista. [Enligt O] har en utmaning p\u00e5 sin blogg, d\u00e4r man ska lista de 12 f\u00f6rfattare man helst vill l\u00e4sa n\u00e5got av under 2011. Kravet \u00e4r att man inte ska ha l\u00e4st n\u00e5got av dessa f\u00f6rfattare innan. S\u00e5 h\u00e4r blev min lista: Isabel Allende\u2026","rel":"","context":"I \u201dVardagsliv\u201d","block_context":{"text":"Vardagsliv","link":"https:\/\/blogg.fumei.se\/?cat=47"},"img":{"alt_text":"","src":"","width":0,"height":0},"classes":[]},{"id":1436,"url":"https:\/\/blogg.fumei.se\/?p=1436","url_meta":{"origin":1745,"position":5},"title":"Mingel","author":"M :)","date":"2011-09-22","format":false,"excerpt":"Den h\u00e4r veckan \u00e4r det [bokm\u00e4ssa] i G\u00f6teborg, och min v\u00e4n [Kerstin] \u00e4r en av [bloggambassad\u00f6rerna], s\u00e5 ig\u00e5r var vi p\u00e5 bokm\u00e4ssans invigningsfest - Pressnatta. D\u00e4r tr\u00e4ffade vi andra bokbloggare\/ambassad\u00f6rer och spanade efter k\u00e4nda ansikten. Tyv\u00e4rr \u00e4r det ju v\u00e4ldigt f\u00e5 f\u00f6rfattare man kan peka ut och s\u00e4ga \"d\u00e4r \u00e4r\u2026","rel":"","context":"I \u201dB\u00f6cker och l\u00e4sning\u201d","block_context":{"text":"B\u00f6cker och l\u00e4sning","link":"https:\/\/blogg.fumei.se\/?cat=29"},"img":{"alt_text":"","src":"https:\/\/i0.wp.com\/blogg.fumei.se\/wp-content\/uploads\/2011\/09\/2011-09-21-21.28.28.jpg?resize=350%2C200","width":350,"height":200},"classes":[]}],"_links":{"self":[{"href":"https:\/\/blogg.fumei.se\/index.php?rest_route=\/wp\/v2\/posts\/1745","targetHints":{"allow":["GET"]}}],"collection":[{"href":"https:\/\/blogg.fumei.se\/index.php?rest_route=\/wp\/v2\/posts"}],"about":[{"href":"https:\/\/blogg.fumei.se\/index.php?rest_route=\/wp\/v2\/types\/post"}],"author":[{"embeddable":true,"href":"https:\/\/blogg.fumei.se\/index.php?rest_route=\/wp\/v2\/users\/1"}],"replies":[{"embeddable":true,"href":"https:\/\/blogg.fumei.se\/index.php?rest_route=%2Fwp%2Fv2%2Fcomments&post=1745"}],"version-history":[{"count":2,"href":"https:\/\/blogg.fumei.se\/index.php?rest_route=\/wp\/v2\/posts\/1745\/revisions"}],"predecessor-version":[{"id":1747,"href":"https:\/\/blogg.fumei.se\/index.php?rest_route=\/wp\/v2\/posts\/1745\/revisions\/1747"}],"wp:attachment":[{"href":"https:\/\/blogg.fumei.se\/index.php?rest_route=%2Fwp%2Fv2%2Fmedia&parent=1745"}],"wp:term":[{"taxonomy":"category","embeddable":true,"href":"https:\/\/blogg.fumei.se\/index.php?rest_route=%2Fwp%2Fv2%2Fcategories&post=1745"},{"taxonomy":"post_tag","embeddable":true,"href":"https:\/\/blogg.fumei.se\/index.php?rest_route=%2Fwp%2Fv2%2Ftags&post=1745"}],"curies":[{"name":"wp","href":"https:\/\/api.w.org\/{rel}","templated":true}]}}