{"id":1748,"date":"2011-11-16T22:31:26","date_gmt":"2011-11-16T21:31:26","guid":{"rendered":"http:\/\/blogg.fumei.se\/?p=1748"},"modified":"2011-11-16T22:31:26","modified_gmt":"2011-11-16T21:31:26","slug":"roligt-tidsfordriv","status":"publish","type":"post","link":"https:\/\/blogg.fumei.se\/?p=1748","title":{"rendered":"Roligt tidsf\u00f6rdriv"},"content":{"rendered":"<p>Har man inget s\u00e4rskilt f\u00f6r sig kan man nappa p\u00e5 en av de senaste kedjorna p\u00e5 Facebook; n\u00e4mligen att g\u00e5 till <a href=\"http:\/\/www.urbandictionary.com\/\" target=\"_blank\">UrbanDictionary.com<\/a> och skriva sitt namn i s\u00f6krutan. Sen ska man kopiera den f\u00f6rsta punkten som st\u00e5r d\u00e4r och s\u00e4tta det som sin status p\u00e5 Facebook.<br \/>\nJag hoppar \u00f6ver det d\u00e4r med statusen, men det var lite kul att l\u00e4sa vad som stod under &#8221;Marcella&#8221;, s\u00e5 h\u00e4r f\u00e5r ni l\u00e4sa sj\u00e4lva (p\u00e5 engelska):<\/p>\n<p><em>MARCELLA<\/em><br \/>\n<em>Usually an exotically cultured person- If not, then she must have exotic features.<\/em><br \/>\n<em>She almost never looks like her name should be Marcella, but it is. Marcellas always have either remarkable bodies or personalities- (or both in a rare breed)<\/em><br \/>\n<em>Marcella is very oretty, outspoken, sometimes bossy, but for a good cause.<\/em><br \/>\n<em>IRREPLACEABLE; rare; one of a kind.<\/em><br \/>\n<em>You can guess someone&#8217;s name is Ashley or Jasmine, but you can&#8217;t guess someones name is Marcella.<\/em><br \/>\n<em>Marcellas liven up their circle of friends, usually everybody&#8217;s favourite friend, and makes their lovers want to say their name very slow and sexy.<\/em><br \/>\n<em>Only lucky people get to meet more than three Marcellas in their lifetime, if you are one of those people, you should clap for yourself, if you are a Marcella, you deserve an award.<\/em><br \/>\n<em>Make sure you keep your Marcella, because someone else just might take her from you. (and they will try)<\/em><\/p>\n<div><em>My daughter is so lively, she&#8217;s such a Marcella. \ud83d\ude09<\/em><\/div>\n","protected":false},"excerpt":{"rendered":"<p>Har man inget s\u00e4rskilt f\u00f6r sig kan man nappa p\u00e5 en av de senaste kedjorna p\u00e5 Facebook; n\u00e4mligen att g\u00e5 till UrbanDictionary.com och skriva sitt namn i s\u00f6krutan. Sen ska man kopiera den f\u00f6rsta punkten som st\u00e5r d\u00e4r och s\u00e4tta det som sin status p\u00e5 Facebook. Jag hoppar \u00f6ver det d\u00e4r med statusen, men det&#8230;<\/p>\n","protected":false},"author":1,"featured_media":0,"comment_status":"open","ping_status":"open","sticky":false,"template":"","format":"standard","meta":{"jetpack_post_was_ever_published":false,"_jetpack_newsletter_access":"","_jetpack_dont_email_post_to_subs":false,"_jetpack_newsletter_tier_id":0,"_jetpack_memberships_contains_paywalled_content":false,"_jetpack_memberships_contains_paid_content":false,"footnotes":"","jetpack_publicize_message":"","jetpack_publicize_feature_enabled":true,"jetpack_social_post_already_shared":false,"jetpack_social_options":{"image_generator_settings":{"template":"highway","default_image_id":0,"font":"","enabled":false},"version":2}},"categories":[47],"tags":[82,83],"class_list":["post-1748","post","type-post","status-publish","format-standard","hentry","category-vardagsliv","tag-facebook","tag-namn"],"jetpack_publicize_connections":[],"jetpack_featured_media_url":"","jetpack_shortlink":"https:\/\/wp.me\/p3qko4-sc","jetpack_sharing_enabled":true,"jetpack_likes_enabled":true,"jetpack-related-posts":[{"id":1199,"url":"https:\/\/blogg.fumei.se\/?p=1199","url_meta":{"origin":1748,"position":0},"title":"Marcella \u00e4r&#8230;","author":"M :)","date":"2009-11-09","format":false,"excerpt":"Marcella \u00e4r Metros nya moderedakt\u00f6rMarcella \u00e4r inte bara j\u00e4kligt snygg, hon \u00e4r trevlig ocks\u00e5. Och fr\u00e5n G\u00f6teborg. Marcella \u00e4r en urkraftMarcella \u00e4r verksam i NorgeGoogla p\u00e5 ditt namn och \u00e4r och se vad du f\u00e5r fram.","rel":"","context":"I \u201dVardagsliv\u201d","block_context":{"text":"Vardagsliv","link":"https:\/\/blogg.fumei.se\/?cat=47"},"img":{"alt_text":"","src":"","width":0,"height":0},"classes":[]},{"id":4519,"url":"https:\/\/blogg.fumei.se\/?p=4519","url_meta":{"origin":1748,"position":1},"title":"Grattis lilla mamma!","author":"M :)","date":"2018-04-15","format":false,"excerpt":"Idag hurrar vi f\u00f6r v\u00e4rldens b\u00e4sta mamma som fyller 81 \u00e5r! GRATTIS! \u00f6nskar Marcella Sophia, Linus & Juliah Robin Roberto & Isabella Silvio Lovisa & Victor Ilse Magnus, Frida & Tyra Vi s\u00e4nder ocks\u00e5 en tanke till pappsen som firar n\u00e5gon annanstans\u00a0\u2764","rel":"","context":"I \u201dFamiljen\u201d","block_context":{"text":"Familjen","link":"https:\/\/blogg.fumei.se\/?cat=34"},"img":{"alt_text":"","src":"https:\/\/i0.wp.com\/blogg.fumei.se\/wp-content\/uploads\/2018\/04\/mamma81blog-emeff2018.png?resize=350%2C200","width":350,"height":200,"srcset":"https:\/\/i0.wp.com\/blogg.fumei.se\/wp-content\/uploads\/2018\/04\/mamma81blog-emeff2018.png?resize=350%2C200 1x, https:\/\/i0.wp.com\/blogg.fumei.se\/wp-content\/uploads\/2018\/04\/mamma81blog-emeff2018.png?resize=525%2C300 1.5x"},"classes":[]},{"id":960,"url":"https:\/\/blogg.fumei.se\/?p=960","url_meta":{"origin":1748,"position":2},"title":"Tjesnack vecka 19","author":"M :)","date":"2009-05-03","format":false,"excerpt":"*skrattar lite* Hoppsan h\u00e4r g\u00e5r det undan! Jag hade knappt hunnit posta mitt bidrag till Tjejsnack, s\u00e5 har Milo hunnit l\u00e4gga upp en ny! Men vi k\u00f6r v\u00e4l d\u00e5:Datorn1. Finns du med p\u00e5 Facebook?Japp. Jag gillar FB. Man hittar gamla v\u00e4nner och bekanta som man inte pratat med eller h\u00f6rt\u2026","rel":"","context":"I \u201dVardagsliv\u201d","block_context":{"text":"Vardagsliv","link":"https:\/\/blogg.fumei.se\/?cat=47"},"img":{"alt_text":"","src":"","width":0,"height":0},"classes":[]},{"id":66,"url":"https:\/\/blogg.fumei.se\/?p=66","url_meta":{"origin":1748,"position":3},"title":"30 dagar i b\u00f6cker &#8211; Dag 17","author":"M :)","date":"2011-02-22","format":false,"excerpt":"Day 17 \u2013 Favorite quote from your favorite book Det \u00e4r egentligen inte ett citat fr\u00e5n sj\u00e4lva boken, utan ett citat\u00a0ur en dikt. Citatet \u00e4r ett av alla de som Cornelia Funke listar i b\u00f6rjan av varje kapitel i Bl\u00e4ckserien; Bl\u00e4ckhj\u00e4rta, Bl\u00e4ckmagi och Bl\u00e4ckd\u00f6d (Inkheart, Inkspell och Inkdeath). Citatet kommer\u2026","rel":"","context":"I \u201dVardagsliv\u201d","block_context":{"text":"Vardagsliv","link":"https:\/\/blogg.fumei.se\/?cat=47"},"img":{"alt_text":"","src":"https:\/\/i0.wp.com\/blogg.fumei.se\/wp-content\/uploads\/2011\/02\/inkserien.png?resize=350%2C200","width":350,"height":200,"srcset":"https:\/\/i0.wp.com\/blogg.fumei.se\/wp-content\/uploads\/2011\/02\/inkserien.png?resize=350%2C200 1x, https:\/\/i0.wp.com\/blogg.fumei.se\/wp-content\/uploads\/2011\/02\/inkserien.png?resize=525%2C300 1.5x"},"classes":[]},{"id":59,"url":"https:\/\/blogg.fumei.se\/?p=59","url_meta":{"origin":1748,"position":4},"title":"Regler att f\u00f6lja","author":"M :)","date":"2011-03-17","format":false,"excerpt":"N\u00e4r man digiscrappar som jag g\u00f6r, s\u00e5 anv\u00e4nder man sig av scrap kits som man antingen kan hitta gratis p\u00e5 n\u00e4tet eller k\u00f6pa i s\u00e4rskilda digiscrap-butiker. Alla som skapar ett digiscrap kit har n\u00e5gra regler - TOU (Terms of use) - f\u00f6r hur de vill att man ska och inte\u2026","rel":"","context":"I \u201dVardagsliv\u201d","block_context":{"text":"Vardagsliv","link":"https:\/\/blogg.fumei.se\/?cat=47"},"img":{"alt_text":"","src":"","width":0,"height":0},"classes":[]},{"id":162,"url":"https:\/\/blogg.fumei.se\/?p=162","url_meta":{"origin":1748,"position":5},"title":"Tre-i-rad \/ Three-in-a-row","author":"M :)","date":"2010-11-14","format":false,"excerpt":"F\u00f6rra veckan startade jag en ny grej h\u00e4r p\u00e5 bloggen. Jag ger dig ett ord och du ger mig tre saker, personer eller h\u00e4ndelser du associerar med det ordet. Du f\u00e5r j\u00e4tteg\u00e4rna f\u00f6rklara hur och varf\u00f6r du associerar just s\u00e5 som du g\u00f6r.Nu k\u00f6r vi! Veckans ord \u00e4r MYSIG och\u2026","rel":"","context":"I \u201dVardagsliv\u201d","block_context":{"text":"Vardagsliv","link":"https:\/\/blogg.fumei.se\/?cat=47"},"img":{"alt_text":"","src":"","width":0,"height":0},"classes":[]}],"_links":{"self":[{"href":"https:\/\/blogg.fumei.se\/index.php?rest_route=\/wp\/v2\/posts\/1748","targetHints":{"allow":["GET"]}}],"collection":[{"href":"https:\/\/blogg.fumei.se\/index.php?rest_route=\/wp\/v2\/posts"}],"about":[{"href":"https:\/\/blogg.fumei.se\/index.php?rest_route=\/wp\/v2\/types\/post"}],"author":[{"embeddable":true,"href":"https:\/\/blogg.fumei.se\/index.php?rest_route=\/wp\/v2\/users\/1"}],"replies":[{"embeddable":true,"href":"https:\/\/blogg.fumei.se\/index.php?rest_route=%2Fwp%2Fv2%2Fcomments&post=1748"}],"version-history":[{"count":1,"href":"https:\/\/blogg.fumei.se\/index.php?rest_route=\/wp\/v2\/posts\/1748\/revisions"}],"predecessor-version":[{"id":1749,"href":"https:\/\/blogg.fumei.se\/index.php?rest_route=\/wp\/v2\/posts\/1748\/revisions\/1749"}],"wp:attachment":[{"href":"https:\/\/blogg.fumei.se\/index.php?rest_route=%2Fwp%2Fv2%2Fmedia&parent=1748"}],"wp:term":[{"taxonomy":"category","embeddable":true,"href":"https:\/\/blogg.fumei.se\/index.php?rest_route=%2Fwp%2Fv2%2Fcategories&post=1748"},{"taxonomy":"post_tag","embeddable":true,"href":"https:\/\/blogg.fumei.se\/index.php?rest_route=%2Fwp%2Fv2%2Ftags&post=1748"}],"curies":[{"name":"wp","href":"https:\/\/api.w.org\/{rel}","templated":true}]}}