{"id":1760,"date":"2011-11-20T11:15:15","date_gmt":"2011-11-20T10:15:15","guid":{"rendered":"http:\/\/blogg.fumei.se\/?p=1760"},"modified":"2011-11-20T11:15:15","modified_gmt":"2011-11-20T10:15:15","slug":"jag-ligger-back","status":"publish","type":"post","link":"https:\/\/blogg.fumei.se\/?p=1760","title":{"rendered":"Jag ligger back"},"content":{"rendered":"<p>Jag \u00e4r ju med i <a href=\"http:\/\/www.goodreads.com\/challenges\/2-2011-reading-challenge\" target=\"_blank\">Goodreads l\u00e4sutmaning<\/a>, och eftersom det vanligtvis slukas en hel del b\u00f6cker fr\u00e5n min sida, s\u00e5 satte jag upp ett m\u00e5l p\u00e5 100 b\u00f6cker. Nu m\u00e4rker jag att jag ligger lite efter &#8211; sis\u00e5d\u00e4r 17 b\u00f6cker efter &#8211; s\u00e5 om jag vill klara m\u00e5let innan \u00e5ret \u00e4r slut f\u00e5r jag se till att f\u00e5 \u00e4ndan ur vagnen. Jag l\u00e4ser just nu Niceville av Kathryn Stockett, och den \u00e4r s\u00e5 himla bra, men klantiga jag har gl\u00f6mt boken hemma tv\u00e5 dagar i rad nu, s\u00e5 jag har inte kunnat l\u00e4sa p\u00e5 t\u00e5get, och p\u00e5 kv\u00e4llarna efter jobbet \u00e4r jag s\u00e5 tr\u00f6tt att det bara blir n\u00e5gra sidor innan jag slocknar.<\/p>\n<p>N\u00e4r den \u00e4r utl\u00e4st ska jag ge mig p\u00e5 m\u00e5nadens utmaningsbok, f\u00f6r den ska ju vara l\u00e4st och n\u00e5gorlunda recenserad senast den 30 November. Efter den har jag en hel h\u00f6g med b\u00f6cker som bara ligger i hyllan och v\u00e4ntar p\u00e5 mig. Jag tror nog att f\u00f6r att det ska g\u00e5 smidigt att f\u00e5 l\u00e4st de sista 17, s\u00e5 ska jag nog v\u00e4lja gammalt och bepr\u00f6vat.<br \/>\nInte som i att l\u00e4sa om, men som i f\u00f6rfattare jag redan gillar, eller genrer jag vet att jag l\u00e4ser snabbt.<\/p>\n<p>Bland de som ligger och v\u00e4ntar finns<\/p>\n<ul>\n<li>Revolt av Robyn Young<\/li>\n<li>Str\u00e5k av r\u00f6tt av Elizabeth George<\/li>\n<li>D\u00f6dligt arv av Donna Leon<\/li>\n<li>Flickan som \u00f6verlevde av Barbie Probert-Wright<\/li>\n<\/ul>\n<p>och s\u00e5 har jag ju December m\u00e5nads l\u00e4sutmaningsbok, som blir en Indri\u00f0ason, f\u00f6r att &#8211; som sagt &#8211; g\u00f6ra det hela enkelt.<br \/>\nJa r\u00e4knar man ihop dessa, s\u00e5 blir det sju b\u00f6cker, d\u00e5 fattas fortfarande 10 innan jag n\u00e5r fram till m\u00e4lsn\u00f6ret, men jag tror nog jag ska klara det.<\/p>\n","protected":false},"excerpt":{"rendered":"<p>Jag \u00e4r ju med i Goodreads l\u00e4sutmaning, och eftersom det vanligtvis slukas en hel del b\u00f6cker fr\u00e5n min sida, s\u00e5 satte jag upp ett m\u00e5l p\u00e5 100 b\u00f6cker. Nu m\u00e4rker jag att jag ligger lite efter &#8211; sis\u00e5d\u00e4r 17 b\u00f6cker efter &#8211; s\u00e5 om jag vill klara m\u00e5let innan \u00e5ret \u00e4r slut f\u00e5r jag se&#8230;<\/p>\n","protected":false},"author":1,"featured_media":0,"comment_status":"open","ping_status":"open","sticky":false,"template":"","format":"standard","meta":{"jetpack_post_was_ever_published":false,"_jetpack_newsletter_access":"","_jetpack_dont_email_post_to_subs":false,"_jetpack_newsletter_tier_id":0,"_jetpack_memberships_contains_paywalled_content":false,"_jetpack_memberships_contains_paid_content":false,"footnotes":"","jetpack_publicize_message":"","jetpack_publicize_feature_enabled":true,"jetpack_social_post_already_shared":false,"jetpack_social_options":{"image_generator_settings":{"template":"highway","default_image_id":0,"font":"","enabled":false},"version":2}},"categories":[29],"tags":[45,86,85],"class_list":["post-1760","post","type-post","status-publish","format-standard","hentry","category-bocker-och-lasning","tag-bocker","tag-lasa","tag-nordisk-lasutmaning"],"jetpack_publicize_connections":[],"jetpack_featured_media_url":"","jetpack_shortlink":"https:\/\/wp.me\/p3qko4-so","jetpack_sharing_enabled":true,"jetpack_likes_enabled":true,"jetpack-related-posts":[{"id":4026,"url":"https:\/\/blogg.fumei.se\/?p=4026","url_meta":{"origin":1760,"position":0},"title":"L\u00e4sutmaning","author":"M :)","date":"2017-01-04","format":false,"excerpt":"Blev tipsad av en v\u00e4n om att bokf\u00f6rlaget Forum hade lagt upp en l\u00e4sutmaning p\u00e5 sin Facebook-sida. Eftersom jag just suttit och redigerat min \"l\u00e4st\"-sida h\u00e4r p\u00e5 bloggen, och t\u00e4nkt att jag l\u00e4st alldeles f\u00f6r lite de senaste \u00e5ren, s\u00e5 k\u00e4ndes det ganska sj\u00e4lvklart att anta utmaningen. Jag tror dock\u2026","rel":"","context":"I \u201dB\u00f6cker och l\u00e4sning\u201d","block_context":{"text":"B\u00f6cker och l\u00e4sning","link":"https:\/\/blogg.fumei.se\/?cat=29"},"img":{"alt_text":"","src":"https:\/\/i0.wp.com\/blogg.fumei.se\/wp-content\/uploads\/2017\/01\/15781665_1455270881179541_6255436689675664975_n-433x650.jpg?resize=350%2C200","width":350,"height":200},"classes":[]},{"id":1948,"url":"https:\/\/blogg.fumei.se\/?p=1948","url_meta":{"origin":1760,"position":1},"title":"Bokrecension &#8211; Den som gr\u00e4ver en grav","author":"M :)","date":"2012-01-02","format":false,"excerpt":"Den som gr\u00e4ver en grav av Yrsa Sigur\u00f0ard\u00f3ttir I Nordiska l\u00e4sutmaningen i December hade jag egentligen best\u00e4mt mig f\u00f6r att l\u00e4sa en Arnaldur Indri\u00f0ason, men ingen av hans b\u00f6cker som jag inte l\u00e4st, fanns inne p\u00e5 bibblan, s\u00e5 det fick bli en annan isl\u00e4nning. \"Den som gr\u00e4ver...\"\u00a0 \u00e4r Yrsa Sigur\u00f0ard\u00f3ttirs\u2026","rel":"","context":"I \u201dB\u00f6cker och l\u00e4sning\u201d","block_context":{"text":"B\u00f6cker och l\u00e4sning","link":"https:\/\/blogg.fumei.se\/?cat=29"},"img":{"alt_text":"","src":"","width":0,"height":0},"classes":[]},{"id":961,"url":"https:\/\/blogg.fumei.se\/?p=961","url_meta":{"origin":1760,"position":2},"title":"Kulturfyran &#8211; om l\u00e4sning","author":"M :)","date":"2009-05-03","format":false,"excerpt":"L\u00e4sning \u00e4r ju n\u00e5got jag \u00e4gnar mycket tid \u00e5t, s\u00e5 det k\u00e4nns p\u00e5 n\u00e5got s\u00e4tt helt naturligt att anta Kulturfyrans lista. 1. Vilka b\u00f6cker planerar du att l\u00e4sa i sommar? M\u00e5nga. Dels de som ligger i att-l\u00e4sa-h\u00f6gen (se bilden) dels Elizabeth Georges nya \"Str\u00e5k av r\u00f6tt\" och\u00a0Stephenie Meyers \"The Host\".\u2026","rel":"","context":"I \u201dVardagsliv\u201d","block_context":{"text":"Vardagsliv","link":"https:\/\/blogg.fumei.se\/?cat=47"},"img":{"alt_text":"","src":"","width":0,"height":0},"classes":[]},{"id":2085,"url":"https:\/\/blogg.fumei.se\/?p=2085","url_meta":{"origin":1760,"position":3},"title":"Bokrecension &#8211; F\u00e4ringasagan","author":"M :)","date":"2012-02-08","format":false,"excerpt":"F\u00e4ringasagan f\u00f6rord av Olov Isaksson\u00a0; inledd och \u00f6versatt av Bo Almqvist\u00a0; fotografier av S\u00f6ren Hallgren. Hedemora: Gidlund i samarbete med Statens historiska museum I Nordiska l\u00e4sutmaningen skulle vi i Januari l\u00e4sa en bok av en f\u00e4r\u00f6isk (heter det s\u00e5??) f\u00f6rfattare. Sj\u00e4lvklart var jag ute i sista minuten och hade bara\u2026","rel":"","context":"I \u201dVardagsliv\u201d","block_context":{"text":"Vardagsliv","link":"https:\/\/blogg.fumei.se\/?cat=47"},"img":{"alt_text":"","src":"","width":0,"height":0},"classes":[]},{"id":810,"url":"https:\/\/blogg.fumei.se\/?p=810","url_meta":{"origin":1760,"position":4},"title":"Bokrecension &#8211; Svindlande H\u00f6jder","author":"M :)","date":"2009-01-15","format":false,"excerpt":"Ja, Kerstin, nu har jag \u00e4ntligen l\u00e4st den, och nu ska jag f\u00f6rs\u00f6ka mig p\u00e5 att sammanfatta och tycka.Vet inte riktigt vad jag ska s\u00e4ga om den h\u00e4r boken egentligen. Jag b\u00f6rjade l\u00e4sa den p\u00e5 engelska, eftersom jag tycker om att l\u00e4sa engelska b\u00f6cker p\u00e5 originalspr\u00e5ket. Om jag kunde fler\u2026","rel":"","context":"I \u201dB\u00f6cker och l\u00e4sning\u201d","block_context":{"text":"B\u00f6cker och l\u00e4sning","link":"https:\/\/blogg.fumei.se\/?cat=29"},"img":{"alt_text":"","src":"","width":0,"height":0},"classes":[]},{"id":1606,"url":"https:\/\/blogg.fumei.se\/?p=1606","url_meta":{"origin":1760,"position":5},"title":"L\u00e4sutmaning","author":"M :)","date":"2011-10-15","format":false,"excerpt":"Kerstin skriver om en l\u00e4sutmaning som Therese p\u00e5 Dantes Bibliotek har dragit ig\u00e5ng; en nordisk l\u00e4sutmaning. Klart jag h\u00e4nger p\u00e5! Sj\u00e4lva utmaningen best\u00e5r naturligtvis inte i att l\u00e4sa b\u00f6cker *d\u00f6h* utan i att varje m\u00e5nad v\u00e4lja b\u00f6cker fr\u00e5n de olika nordiska l\u00e4nderna efter en lista: November: Finland December: Island Januari:\u2026","rel":"","context":"I \u201dVardagsliv\u201d","block_context":{"text":"Vardagsliv","link":"https:\/\/blogg.fumei.se\/?cat=47"},"img":{"alt_text":"","src":"","width":0,"height":0},"classes":[]}],"_links":{"self":[{"href":"https:\/\/blogg.fumei.se\/index.php?rest_route=\/wp\/v2\/posts\/1760","targetHints":{"allow":["GET"]}}],"collection":[{"href":"https:\/\/blogg.fumei.se\/index.php?rest_route=\/wp\/v2\/posts"}],"about":[{"href":"https:\/\/blogg.fumei.se\/index.php?rest_route=\/wp\/v2\/types\/post"}],"author":[{"embeddable":true,"href":"https:\/\/blogg.fumei.se\/index.php?rest_route=\/wp\/v2\/users\/1"}],"replies":[{"embeddable":true,"href":"https:\/\/blogg.fumei.se\/index.php?rest_route=%2Fwp%2Fv2%2Fcomments&post=1760"}],"version-history":[{"count":1,"href":"https:\/\/blogg.fumei.se\/index.php?rest_route=\/wp\/v2\/posts\/1760\/revisions"}],"predecessor-version":[{"id":1761,"href":"https:\/\/blogg.fumei.se\/index.php?rest_route=\/wp\/v2\/posts\/1760\/revisions\/1761"}],"wp:attachment":[{"href":"https:\/\/blogg.fumei.se\/index.php?rest_route=%2Fwp%2Fv2%2Fmedia&parent=1760"}],"wp:term":[{"taxonomy":"category","embeddable":true,"href":"https:\/\/blogg.fumei.se\/index.php?rest_route=%2Fwp%2Fv2%2Fcategories&post=1760"},{"taxonomy":"post_tag","embeddable":true,"href":"https:\/\/blogg.fumei.se\/index.php?rest_route=%2Fwp%2Fv2%2Ftags&post=1760"}],"curies":[{"name":"wp","href":"https:\/\/api.w.org\/{rel}","templated":true}]}}