{"id":1795,"date":"2011-11-27T20:07:35","date_gmt":"2011-11-27T19:07:35","guid":{"rendered":"http:\/\/blogg.fumei.se\/?p=1795"},"modified":"2011-11-27T20:10:53","modified_gmt":"2011-11-27T19:10:53","slug":"1a-advent-2011","status":"publish","type":"post","link":"https:\/\/blogg.fumei.se\/?p=1795","title":{"rendered":"1:a Advent 2011"},"content":{"rendered":"<p>Herregud vilken trist rubrik, men jag har verkligen ingen fantasi f\u00f6r det just nu! \u00c4r hur tr\u00f6tt som helst, och har fortfarande inte str\u00e4ckt ut kroppen ordentligt efter att vi satt i bilen i flera timmar ig\u00e5r.<br \/>\nDet var ju dags f\u00f6r operation l\u00e4mna-bilen-i-V\u00e4xj\u00f6, s\u00e5 J och jag k\u00f6rde ner den, medan mor och far \u00e5kte i sin egen bil. Hos Emma och Silvio fick vi mat och fika, och sen drog J, jag, Emma och Lovisa ner p\u00e5 stan en v\u00e4nda. Det blev en mycket kort v\u00e4nda pga att mor och far ville \u00e5ka hem\u00e5t redan vid 16-tiden igen, men vi hann i alla fall k\u00f6pa l\u00f6rdagsgodis! F\u00f6rresten kommer vi att ha massor av tid (kanske) att g\u00e5 p\u00e5 stan efter vi varit p\u00e5 MV n\u00e4sta tisdag.<br \/>\nEfter fikat tryckte vi in oss alla fyra plus hund i pappas bil och sen styrde vi hem\u00e5t igen. Det var roligt och trevligt att tr\u00e4ffa &#8221;sm\u00e5l\u00e4nningarna&#8221; men v\u00e4ldigt sk\u00f6nt att vara hemma igen efter att ha lekt sardinburk halva dagen.<br \/>\n<a rel=\"attachment wp-att-1796\" href=\"https:\/\/blogg.fumei.se\/?attachment_id=1796\"><img data-recalc-dims=\"1\" loading=\"lazy\" decoding=\"async\" data-attachment-id=\"1796\" data-permalink=\"https:\/\/blogg.fumei.se\/?attachment_id=1796\" data-orig-file=\"https:\/\/i0.wp.com\/blogg.fumei.se\/wp-content\/uploads\/2011\/11\/2011-11-26-15.54.29.jpg?fit=1280%2C960&amp;ssl=1\" data-orig-size=\"1280,960\" data-comments-opened=\"1\" data-image-meta=\"{&quot;aperture&quot;:&quot;2.7&quot;,&quot;credit&quot;:&quot;&quot;,&quot;camera&quot;:&quot;GT-I5500&quot;,&quot;caption&quot;:&quot;&quot;,&quot;created_timestamp&quot;:&quot;1322322869&quot;,&quot;copyright&quot;:&quot;&quot;,&quot;focal_length&quot;:&quot;2.73&quot;,&quot;iso&quot;:&quot;800&quot;,&quot;shutter_speed&quot;:&quot;0.125&quot;,&quot;title&quot;:&quot;&quot;}\" data-image-title=\"2011-11-26 15.54.29\" data-image-description=\"\" data-image-caption=\"\" data-large-file=\"https:\/\/i0.wp.com\/blogg.fumei.se\/wp-content\/uploads\/2011\/11\/2011-11-26-15.54.29.jpg?fit=640%2C480&amp;ssl=1\" class=\"aligncenter size-medium wp-image-1796\" title=\"2011-11-26 15.54.29\" src=\"https:\/\/i0.wp.com\/blogg.fumei.se\/wp-content\/uploads\/2011\/11\/2011-11-26-15.54.29.jpg?resize=300%2C225&#038;ssl=1\" alt=\"\" width=\"300\" height=\"225\" srcset=\"https:\/\/i0.wp.com\/blogg.fumei.se\/wp-content\/uploads\/2011\/11\/2011-11-26-15.54.29.jpg?resize=300%2C225&amp;ssl=1 300w, https:\/\/i0.wp.com\/blogg.fumei.se\/wp-content\/uploads\/2011\/11\/2011-11-26-15.54.29.jpg?resize=650%2C487&amp;ssl=1 650w, https:\/\/i0.wp.com\/blogg.fumei.se\/wp-content\/uploads\/2011\/11\/2011-11-26-15.54.29.jpg?w=1280&amp;ssl=1 1280w\" sizes=\"auto, (max-width: 300px) 100vw, 300px\" \/><\/a><\/p>\n<p>Idag har vi \u00e4gnat dagen \u00e5t att storhandla f\u00f6r veckan som kommer, st\u00e4da lite, laga lite mat, \u00e4ta lite, fika lite, pyta lite\u00a0och sen pyssla. Matlagandet, pyntandet\u00a0och pysslandet stod jag f\u00f6r alldeles sj\u00e4lv. Maten bestod av kycklingspett med teriyakis\u00e5s, ris och wokad strimlad purjo och paprika, medan pysslandet blev en adventsljusstake modell l\u00e4tt-som-en-pl\u00e4tt. Pyntet blev n\u00e5gra fina julstrj\u00e4rnor p\u00e5 f\u00f6nsterbr\u00e4dan och ljusstakar och stj\u00e4rnor som lyser upp i f\u00f6nstren.<\/p>\n<p><a rel=\"attachment wp-att-1797\" href=\"https:\/\/blogg.fumei.se\/?attachment_id=1797\"><img data-recalc-dims=\"1\" loading=\"lazy\" decoding=\"async\" data-attachment-id=\"1797\" data-permalink=\"https:\/\/blogg.fumei.se\/?attachment_id=1797\" data-orig-file=\"https:\/\/i0.wp.com\/blogg.fumei.se\/wp-content\/uploads\/2011\/11\/2011-11-27-19.23.14.jpg?fit=1140%2C855&amp;ssl=1\" data-orig-size=\"1140,855\" data-comments-opened=\"1\" data-image-meta=\"{&quot;aperture&quot;:&quot;2.7&quot;,&quot;credit&quot;:&quot;&quot;,&quot;camera&quot;:&quot;GT-I5500&quot;,&quot;caption&quot;:&quot;&quot;,&quot;created_timestamp&quot;:&quot;1322421794&quot;,&quot;copyright&quot;:&quot;&quot;,&quot;focal_length&quot;:&quot;2.73&quot;,&quot;iso&quot;:&quot;800&quot;,&quot;shutter_speed&quot;:&quot;0.125&quot;,&quot;title&quot;:&quot;&quot;}\" data-image-title=\"2011-11-27 19.23.14\" data-image-description=\"\" data-image-caption=\"\" data-large-file=\"https:\/\/i0.wp.com\/blogg.fumei.se\/wp-content\/uploads\/2011\/11\/2011-11-27-19.23.14.jpg?fit=640%2C480&amp;ssl=1\" class=\"aligncenter size-medium wp-image-1797\" title=\"2011-11-27 19.23.14\" src=\"https:\/\/i0.wp.com\/blogg.fumei.se\/wp-content\/uploads\/2011\/11\/2011-11-27-19.23.14.jpg?resize=300%2C225&#038;ssl=1\" alt=\"\" width=\"300\" height=\"225\" srcset=\"https:\/\/i0.wp.com\/blogg.fumei.se\/wp-content\/uploads\/2011\/11\/2011-11-27-19.23.14.jpg?resize=300%2C225&amp;ssl=1 300w, https:\/\/i0.wp.com\/blogg.fumei.se\/wp-content\/uploads\/2011\/11\/2011-11-27-19.23.14.jpg?resize=650%2C487&amp;ssl=1 650w, https:\/\/i0.wp.com\/blogg.fumei.se\/wp-content\/uploads\/2011\/11\/2011-11-27-19.23.14.jpg?w=1140&amp;ssl=1 1140w\" sizes=\"auto, (max-width: 300px) 100vw, 300px\" \/><\/a><\/p>\n<p><a rel=\"attachment wp-att-1798\" href=\"https:\/\/blogg.fumei.se\/?attachment_id=1798\"><img data-recalc-dims=\"1\" loading=\"lazy\" decoding=\"async\" data-attachment-id=\"1798\" data-permalink=\"https:\/\/blogg.fumei.se\/?attachment_id=1798\" data-orig-file=\"https:\/\/i0.wp.com\/blogg.fumei.se\/wp-content\/uploads\/2011\/11\/2011-11-27-19.23.38.jpg?fit=920%2C690&amp;ssl=1\" data-orig-size=\"920,690\" data-comments-opened=\"1\" data-image-meta=\"{&quot;aperture&quot;:&quot;2.7&quot;,&quot;credit&quot;:&quot;&quot;,&quot;camera&quot;:&quot;GT-I5500&quot;,&quot;caption&quot;:&quot;&quot;,&quot;created_timestamp&quot;:&quot;1322421817&quot;,&quot;copyright&quot;:&quot;&quot;,&quot;focal_length&quot;:&quot;2.73&quot;,&quot;iso&quot;:&quot;400&quot;,&quot;shutter_speed&quot;:&quot;0.125&quot;,&quot;title&quot;:&quot;&quot;}\" data-image-title=\"2011-11-27 19.23.38\" data-image-description=\"\" data-image-caption=\"\" data-large-file=\"https:\/\/i0.wp.com\/blogg.fumei.se\/wp-content\/uploads\/2011\/11\/2011-11-27-19.23.38.jpg?fit=640%2C480&amp;ssl=1\" class=\"aligncenter size-medium wp-image-1798\" title=\"2011-11-27 19.23.38\" src=\"https:\/\/i0.wp.com\/blogg.fumei.se\/wp-content\/uploads\/2011\/11\/2011-11-27-19.23.38.jpg?resize=300%2C225&#038;ssl=1\" alt=\"\" width=\"300\" height=\"225\" srcset=\"https:\/\/i0.wp.com\/blogg.fumei.se\/wp-content\/uploads\/2011\/11\/2011-11-27-19.23.38.jpg?resize=300%2C225&amp;ssl=1 300w, https:\/\/i0.wp.com\/blogg.fumei.se\/wp-content\/uploads\/2011\/11\/2011-11-27-19.23.38.jpg?resize=650%2C487&amp;ssl=1 650w, https:\/\/i0.wp.com\/blogg.fumei.se\/wp-content\/uploads\/2011\/11\/2011-11-27-19.23.38.jpg?w=920&amp;ssl=1 920w\" sizes=\"auto, (max-width: 300px) 100vw, 300px\" \/><\/a><\/p>\n<p>Dagens v\u00e4der har inte bjudit p\u00e5 n\u00e5gra \u00f6nskem\u00e5l om l\u00e5ngpromenad, varken fr\u00e5n m\u00e4nniskor eller hund, och nu l\u00e4ste jag f\u00f6r en stund sedan att de utf\u00e4rdat klass 3-varning \u00e4ven h\u00e4r i trakterna, s\u00e5 jag f\u00e5r v\u00e4l se till att h\u00e5lla mig uppdaterad om t\u00e5gtrafiken, eftersom de st\u00e4llt in t\u00e5g p\u00e5 en massa andra st\u00e4llen. Ringde till jobbet och talade om att det kan ju h\u00e4nda, s\u00e5 att de \u00e4r f\u00f6rvarnade.<\/p>\n<p>Tur att vi alltid har en massa stearingljus hemma, och b\u00e5de spel och b\u00f6cker finns ju att roa sig med.<\/p>\n","protected":false},"excerpt":{"rendered":"<p>Herregud vilken trist rubrik, men jag har verkligen ingen fantasi f\u00f6r det just nu! \u00c4r hur tr\u00f6tt som helst, och har fortfarande inte str\u00e4ckt ut kroppen ordentligt efter att vi satt i bilen i flera timmar ig\u00e5r. Det var ju dags f\u00f6r operation l\u00e4mna-bilen-i-V\u00e4xj\u00f6, s\u00e5 J och jag k\u00f6rde ner den, medan mor och far&#8230;<\/p>\n","protected":false},"author":1,"featured_media":0,"comment_status":"open","ping_status":"open","sticky":false,"template":"","format":"standard","meta":{"jetpack_post_was_ever_published":false,"_jetpack_newsletter_access":"","_jetpack_dont_email_post_to_subs":false,"_jetpack_newsletter_tier_id":0,"_jetpack_memberships_contains_paywalled_content":false,"_jetpack_memberships_contains_paid_content":false,"footnotes":"","jetpack_publicize_message":"","jetpack_publicize_feature_enabled":true,"jetpack_social_post_already_shared":false,"jetpack_social_options":{"image_generator_settings":{"template":"highway","default_image_id":0,"font":"","enabled":false},"version":2}},"categories":[47],"tags":[],"class_list":["post-1795","post","type-post","status-publish","format-standard","hentry","category-vardagsliv"],"jetpack_publicize_connections":[],"jetpack_featured_media_url":"","jetpack_shortlink":"https:\/\/wp.me\/p3qko4-sX","jetpack_sharing_enabled":true,"jetpack_likes_enabled":true,"jetpack-related-posts":[{"id":2145,"url":"https:\/\/blogg.fumei.se\/?p=2145","url_meta":{"origin":1795,"position":0},"title":"Fyndl\u00f6rdag","author":"M :)","date":"2012-03-11","format":false,"excerpt":"Har ledig helg, och d\u00e5 t\u00e4nkte J och jag \u00e5ka iv\u00e4g och uppt\u00e4cka en ny stad i v\u00e5r omgivning. En liten grej vi b\u00f6rjade med f\u00f6rra sommaren och som J fortsatt med d\u00e5 och d\u00e5. (Sj\u00e4lv jobbar jag ju r\u00e4tt mycket n\u00e4r han \u00e4r ledig, s\u00e5 det blir inte s\u00e5\u2026","rel":"","context":"I \u201dVardagsliv\u201d","block_context":{"text":"Vardagsliv","link":"https:\/\/blogg.fumei.se\/?cat=47"},"img":{"alt_text":"","src":"https:\/\/i0.wp.com\/blogg.fumei.se\/wp-content\/uploads\/2012\/03\/2012-03-11-10.06.46.jpg?resize=350%2C200","width":350,"height":200},"classes":[]},{"id":1842,"url":"https:\/\/blogg.fumei.se\/?p=1842","url_meta":{"origin":1795,"position":1},"title":"Vi k\u00f6r p\u00e5 ett tag till, d\u00e5&#8230;","author":"M :)","date":"2011-12-08","format":false,"excerpt":"I m\u00e5ndags efter jobbet m\u00f6tte jag upp J p\u00e5 centralen i Gbg, och s\u00e5 tog vi t\u00e5get till V\u00e4xj\u00f6. V\u00e4l d\u00e4r inkvarterade vi oss hos Emma, Silvio och knattarna och fikade och tj\u00f4tade en hel l\u00e5ng kv\u00e4ll innan vi kr\u00f6p ner f\u00f6r att f\u00e5 n\u00e5gra timmars s\u00f6mn innan tisdagens stora\u2026","rel":"","context":"I \u201dFamiljen\u201d","block_context":{"text":"Familjen","link":"https:\/\/blogg.fumei.se\/?cat=34"},"img":{"alt_text":"","src":"","width":0,"height":0},"classes":[]},{"id":145,"url":"https:\/\/blogg.fumei.se\/?p=145","url_meta":{"origin":1795,"position":2},"title":"Jul, jul, str\u00e5lande jul&#8230;","author":"M :)","date":"2010-12-27","format":false,"excerpt":"Julen har b\u00e5de kommit och g\u00e5tt, och jag har varit urd\u00e5lig p\u00e5 att blogga den senaste tiden, s\u00e5 nu blir det ett s\u00e5nt d\u00e4r komprimerande inl\u00e4gg igen.Jag har som vanligt jobbat en massa, och knappt gjort n\u00e5got annat. N\u00e5got s\u00e4rskilt julpyntande eller fixande har jag inte beh\u00f6vt \u00e4gna mig \u00e5t,\u2026","rel":"","context":"I \u201dVardagsliv\u201d","block_context":{"text":"Vardagsliv","link":"https:\/\/blogg.fumei.se\/?cat=47"},"img":{"alt_text":"","src":"","width":0,"height":0},"classes":[]},{"id":3615,"url":"https:\/\/blogg.fumei.se\/?p=3615","url_meta":{"origin":1795,"position":3},"title":"Konfirmationsdags","author":"M :)","date":"2015-05-12","format":false,"excerpt":"\u00c4ldsta brorsdottern, Isabella, har konfirmerat sig. I s\u00f6ndags \u00e5kte jag med mor och far i bilen ner till Torup och gratulerade och lyck\u00f6nskade unga fr\u00f6ken. I kyrkan var det som vanligt n\u00e4r det \u00e4r sk familjeh\u00f6gtider, dvs en himla massa sm\u00e5 barn som inte har ett dugg lust att sitta\u2026","rel":"","context":"I \u201dVardagsliv\u201d","block_context":{"text":"Vardagsliv","link":"https:\/\/blogg.fumei.se\/?cat=47"},"img":{"alt_text":"bellakonf1","src":"https:\/\/i0.wp.com\/blogg.fumei.se\/wp-content\/uploads\/2015\/05\/bellakonf1-650x325.jpg?resize=350%2C200","width":350,"height":200,"srcset":"https:\/\/i0.wp.com\/blogg.fumei.se\/wp-content\/uploads\/2015\/05\/bellakonf1-650x325.jpg?resize=350%2C200 1x, https:\/\/i0.wp.com\/blogg.fumei.se\/wp-content\/uploads\/2015\/05\/bellakonf1-650x325.jpg?resize=525%2C300 1.5x"},"classes":[]},{"id":1046,"url":"https:\/\/blogg.fumei.se\/?p=1046","url_meta":{"origin":1795,"position":4},"title":"Chic-lit","author":"M :)","date":"2009-07-01","format":false,"excerpt":"Chick lit, fr\u00e5n chick (i betydelsen ung kvinna) och lit (litteratur), en litteraturgenre som skildrar livet f\u00f6r storstadskvinnor i 20- och 30-\u00e5rs\u00e5ldern. Genren etablerades \u00e5r 2000. Oftast \u00e4r b\u00f6ckerna skrivna av kvinnor och riktar sig till kvinnor. Karakt\u00e4rerna \u00e4r inte s\u00e4llan \u00f6ver-analyserande unga kvinnor som s\u00f6ker perfektion, vare sig det\u2026","rel":"","context":"I \u201dVardagsliv\u201d","block_context":{"text":"Vardagsliv","link":"https:\/\/blogg.fumei.se\/?cat=47"},"img":{"alt_text":"","src":"","width":0,"height":0},"classes":[]},{"id":187,"url":"https:\/\/blogg.fumei.se\/?p=187","url_meta":{"origin":1795,"position":5},"title":"Uppdateringsinl\u00e4gg","author":"M :)","date":"2010-08-22","format":false,"excerpt":"Jag beh\u00f6ver v\u00e4l knappast tala om att J \u00e4r h\u00e4r, va? Det tror jag de flesta har koll p\u00e5. Men jag kan ju ber\u00e4tta lite om vad vi har gjort sen han kom hit, f\u00f6r till skillnad mot vad flera tror s\u00e5 har vi inte bott i s\u00e4ngen... I onsdags\u2026","rel":"","context":"I \u201dVardagsliv\u201d","block_context":{"text":"Vardagsliv","link":"https:\/\/blogg.fumei.se\/?cat=47"},"img":{"alt_text":"","src":"","width":0,"height":0},"classes":[]}],"_links":{"self":[{"href":"https:\/\/blogg.fumei.se\/index.php?rest_route=\/wp\/v2\/posts\/1795","targetHints":{"allow":["GET"]}}],"collection":[{"href":"https:\/\/blogg.fumei.se\/index.php?rest_route=\/wp\/v2\/posts"}],"about":[{"href":"https:\/\/blogg.fumei.se\/index.php?rest_route=\/wp\/v2\/types\/post"}],"author":[{"embeddable":true,"href":"https:\/\/blogg.fumei.se\/index.php?rest_route=\/wp\/v2\/users\/1"}],"replies":[{"embeddable":true,"href":"https:\/\/blogg.fumei.se\/index.php?rest_route=%2Fwp%2Fv2%2Fcomments&post=1795"}],"version-history":[{"count":5,"href":"https:\/\/blogg.fumei.se\/index.php?rest_route=\/wp\/v2\/posts\/1795\/revisions"}],"predecessor-version":[{"id":1804,"href":"https:\/\/blogg.fumei.se\/index.php?rest_route=\/wp\/v2\/posts\/1795\/revisions\/1804"}],"wp:attachment":[{"href":"https:\/\/blogg.fumei.se\/index.php?rest_route=%2Fwp%2Fv2%2Fmedia&parent=1795"}],"wp:term":[{"taxonomy":"category","embeddable":true,"href":"https:\/\/blogg.fumei.se\/index.php?rest_route=%2Fwp%2Fv2%2Fcategories&post=1795"},{"taxonomy":"post_tag","embeddable":true,"href":"https:\/\/blogg.fumei.se\/index.php?rest_route=%2Fwp%2Fv2%2Ftags&post=1795"}],"curies":[{"name":"wp","href":"https:\/\/api.w.org\/{rel}","templated":true}]}}