{"id":180,"date":"2010-09-23T09:19:00","date_gmt":"2010-09-23T09:19:00","guid":{"rendered":"\/Blogg\/post\/Bu-ba.aspx"},"modified":"2010-09-23T09:19:00","modified_gmt":"2010-09-23T09:19:00","slug":"bu-ba","status":"publish","type":"post","link":"https:\/\/blogg.fumei.se\/?p=180","title":{"rendered":"Bu &#038; b\u00e4"},"content":{"rendered":"<p>Det &auml;r mycket nu, fast &auml;nd&aring; inte. Mycket p&aring; jobbet, s&aring;d&auml;r jobbigt mycket som det kan vara ibland. Men jag &auml;r glad att jag har ett jobb, och ett jobb som jag dessutom gillar! Jag f&aring;r ofta h&ouml;ra att jag &auml;r s&aring; himla duktig som orkar att pendla s&aring; l&aring;ngt som jag g&ouml;r, men jag brukar kontra med att jag &auml;r v&auml;l inte duktigare &auml;n de som bor i Bor&aring;s eller Kungsbacka, de som &aring;ker sp&aring;rvagn fr&aring;n Fr&ouml;lunda eller buss och pendel fr&aring;n Lindome och M&ouml;lndal. Folk tycker bara att det l&aring;ter s&aring; l&aring;ngt bort n&auml;r jag s&auml;ger att jag bor strax utanf&ouml;r Falk&ouml;ping. Jag har ju dessutom vant mig efter alla &aring;r som jag pendlat, s&aring; jag sover, l&auml;ser, &auml;ter frukost och lyssnar p&aring; musik medan jag &aring;ker t&aring;g. N&aring;gra b&ouml;cker blir det ju p&aring; ett &aring;r&#8230;<\/p>\n<p>Aprop&aring; b&ouml;cker s&aring; har jag en h&ouml;g liggande h&auml;r som jag bara <em>m&aring;ste <\/em>komma ih&aring;g att ta med till biblioteket imorgon innan jag &aring;ker till jobbet, de &auml;r redan f&ouml;rsenade ett par veckor! *sk&auml;ms* Sen f&aring;r jag h&aring;lla mig ifr&aring;n alla bokhandlar, antikvariat, loppisar och bibliotek tills jag betat av n&aring;gra av de b&ouml;cker i h&ouml;garna h&auml;r hemma. J tyckte att jag skulle s&auml;lja de b&ouml;cker jag redan l&auml;st. Tss&#8230;kn&auml;ppaste id&egrave; jag n&aring;gonsin h&ouml;rt! S&auml;lja mina b&ouml;cker??! Pfft&#8230;T&auml;nk om jag skulle be honom g&ouml;ra sig av med alla sina konsert-dvd och alla album han har sparat p&aring; dator och externa diskar??<\/p>\n<p>Dator, ja&#8230;Robin k&ouml;pte ju en fin dator fr&aring;n <a href=\"http:\/\/www.speldatorn.se\/cgi-bin\/produkter.pl?falt=6&amp;varde=gamer250-2&amp;mall=mall_vara_stationara.html\" target=\"_blank\">SpeldatorXperten<\/a> men n&auml;r vi skulle fixa inst&auml;llningar och installera XP p&aring; den s&aring; kunde den inte hitta h&aring;rddisken, s&aring; vi fick skicka tillbaka den. Antingen fixar de det och s&aring; f&aring;r vi tillbaka den och frakten, eller s&aring; kan de inte fixa den och d&aring; f&aring;r vi tillbaka k&ouml;pesumman och frakten. I s&aring; fall v&ouml;ljer vi att k&ouml;pa en annan dator fr&aring;n n&aring;got annat st&auml;lle. Robin &auml;r v&auml;l inte j&auml;tten&ouml;jd men han har ju fortfarande en fungerande dator under tiden.<\/p>\n<p>Men min dator &auml;r paj igen. Jag fick den att funka ett par dagar men sen lade den av helt och h&aring;llet, s&aring; nu &auml;r det v&auml;l bara att l&auml;mna in den n&aring;nstans och hoppas att det inte kostar en halv m&aring;nadsl&ouml;n att f&aring; den fixad. Eller s&aring; tar jag med den och v&aring;ldg&auml;star V&auml;xj&ouml;borna inom en snar framtid. S&aring; kan lillebror leka dataservice medan jag busar med sm&aring;trollen.<\/p>\n<p>N&auml;r vi &auml;nd&aring; far till V&auml;xj&ouml; t&auml;nkte vi ta Ullared p&aring; v&auml;gen hem. Det beh&ouml;vs ju en del kl&auml;der till b&aring;de son och dotter h&auml;r, och Robin har gett mig s&aring; gott som fria h&auml;nder (med vissa restriktioner) f&ouml;r kl&auml;dk&ouml;p. Fia &auml;r lite mer petig, s&aring; hon har best&auml;mt med en kompis att ta en av de d&auml;r bussresorna till Ullared ist&auml;llet. Till helgen blir det dock skoink&ouml;p. Vi gillar Skopunkten, mest f&ouml;r deras 3-f&ouml;r-2-deal, s&aring; dit ska vi ta oss.<\/p>\n<p>Nu ska jag d&auml;remot pyssla lite h&auml;r hemma, jag &auml;r ju &#8221;ledig&#8221; idag&#8230;<\/p>\n","protected":false},"excerpt":{"rendered":"<p>Det &auml;r mycket nu, fast &auml;nd&aring; inte. Mycket p&aring; jobbet, s&aring;d&auml;r jobbigt mycket som det kan vara ibland. Men jag &auml;r glad att jag har ett jobb, och ett jobb som jag dessutom gillar! Jag f&aring;r ofta h&ouml;ra att jag &auml;r s&aring; himla duktig som orkar att pendla s&aring; l&aring;ngt som jag g&ouml;r, men jag&#8230;<\/p>\n","protected":false},"author":1,"featured_media":0,"comment_status":"open","ping_status":"open","sticky":false,"template":"","format":"standard","meta":{"jetpack_post_was_ever_published":false,"_jetpack_newsletter_access":"","_jetpack_dont_email_post_to_subs":false,"_jetpack_newsletter_tier_id":0,"_jetpack_memberships_contains_paywalled_content":false,"_jetpack_memberships_contains_paid_content":false,"footnotes":"","jetpack_publicize_message":"","jetpack_publicize_feature_enabled":true,"jetpack_social_post_already_shared":false,"jetpack_social_options":{"image_generator_settings":{"template":"highway","default_image_id":0,"font":"","enabled":false},"version":2}},"categories":[47],"tags":[],"class_list":["post-180","post","type-post","status-publish","format-standard","hentry","category-vardagsliv"],"jetpack_publicize_connections":[],"jetpack_featured_media_url":"","jetpack_shortlink":"https:\/\/wp.me\/p3qko4-2U","jetpack_sharing_enabled":true,"jetpack_likes_enabled":true,"jetpack-related-posts":[{"id":2786,"url":"https:\/\/blogg.fumei.se\/?p=2786","url_meta":{"origin":180,"position":0},"title":"Change is good?","author":"M :)","date":"2012-10-14","format":false,"excerpt":"Idag har vi gjort lite f\u00f6r\u00e4ndringar h\u00e4r hemma. Flyttat p\u00e5 m\u00f6bler och s\u00e5 d\u00e4r, ni vet, som g\u00f6r att det k\u00e4nns lite nytt trots att det \u00e4r samma gamla saker. S\u00e5 nu \u00e4r det inte s\u00e5 m\u00f6rkt och inst\u00e4ngt l\u00e4ngre. Men den stora f\u00f6r\u00e4ndringen har inte s\u00e5 mycket med saker\u2026","rel":"","context":"I \u201dFamiljen\u201d","block_context":{"text":"Familjen","link":"https:\/\/blogg.fumei.se\/?cat=34"},"img":{"alt_text":"","src":"","width":0,"height":0},"classes":[]},{"id":3339,"url":"https:\/\/blogg.fumei.se\/?p=3339","url_meta":{"origin":180,"position":1},"title":"Slarvmaja","author":"M :)","date":"2014-07-18","format":false,"excerpt":"Jag \u00e4r inget vidare bra p\u00e5 att uppdatera den h\u00e4r bloggen. F\u00e5r blir b\u00e4ttring p\u00e5 det!\u00a0Det har h\u00e4nt massor sen sist, s\u00e5 jag f\u00e5r f\u00f6rs\u00f6kasammanfatta allt. Vi kan b\u00f6rja veckan innan senaste inl\u00e4gget (Juliahs dop), d\u00e5 jag var p\u00e5 megaloppis i Majorna. Det \u00e4r ett \u00e5terkommande evenemang varje sommar, och\u2026","rel":"","context":"I \u201dVardagsliv\u201d","block_context":{"text":"Vardagsliv","link":"https:\/\/blogg.fumei.se\/?cat=47"},"img":{"alt_text":"","src":"https:\/\/i0.wp.com\/blogg.fumei.se\/wp-content\/uploads\/2014\/07\/Examen-fr%C3%A5n-Tinas-tele-678.jpg?resize=350%2C200","width":350,"height":200,"srcset":"https:\/\/i0.wp.com\/blogg.fumei.se\/wp-content\/uploads\/2014\/07\/Examen-fr%C3%A5n-Tinas-tele-678.jpg?resize=350%2C200 1x, https:\/\/i0.wp.com\/blogg.fumei.se\/wp-content\/uploads\/2014\/07\/Examen-fr%C3%A5n-Tinas-tele-678.jpg?resize=525%2C300 1.5x, https:\/\/i0.wp.com\/blogg.fumei.se\/wp-content\/uploads\/2014\/07\/Examen-fr%C3%A5n-Tinas-tele-678.jpg?resize=700%2C400 2x, https:\/\/i0.wp.com\/blogg.fumei.se\/wp-content\/uploads\/2014\/07\/Examen-fr%C3%A5n-Tinas-tele-678.jpg?resize=1050%2C600 3x, https:\/\/i0.wp.com\/blogg.fumei.se\/wp-content\/uploads\/2014\/07\/Examen-fr%C3%A5n-Tinas-tele-678.jpg?resize=1400%2C800 4x"},"classes":[]},{"id":267,"url":"https:\/\/blogg.fumei.se\/?p=267","url_meta":{"origin":180,"position":2},"title":"\u00c4nnu en vecka \u00e4r till \u00e4nda&#8230;","author":"EmEff","date":"2010-03-21","format":false,"excerpt":"Nu har det g\u00e5tt 11 veckor av det h\u00e4r \u00e5ret. Det k\u00e4nns som det nyss var julafton, och snart \u00e4r det p\u00e5sk! Ibland undrar jag vart tiden tar v\u00e4gen, f\u00f6r det k\u00e4nns som om den bara rusar ifr\u00e5n mig. Jag hinner inte med det jag vill g\u00f6ra...Idag har jag dock\u2026","rel":"","context":"I \u201dVardagsliv\u201d","block_context":{"text":"Vardagsliv","link":"https:\/\/blogg.fumei.se\/?cat=47"},"img":{"alt_text":"","src":"","width":0,"height":0},"classes":[]},{"id":2888,"url":"https:\/\/blogg.fumei.se\/?p=2888","url_meta":{"origin":180,"position":3},"title":"Nytt \u00e5r &#8211; nya tag","author":"M :)","date":"2013-01-07","format":false,"excerpt":"Hej 2013. \u00c4n s\u00e5 l\u00e4nge har du inte bjudit p\u00e5 n\u00e5gra spektakul\u00e4ra eller minnesv\u00e4rda h\u00e4ndelser, om man inte r\u00e4knar med ink\u00f6pet av tv\u00e4ttmaskinen, f\u00f6rst\u00e5s. Samma tv\u00e4ttmaskin som envisas med att studsa runt i badrummet n\u00e4r den centrifugerar. S\u00e5 den st\u00e5r oanv\u00e4nd tills n\u00e5gon nisse har kollat p\u00e5 den. Men jag\u00a0har\u00a0i\u2026","rel":"","context":"I \u201dVardagsliv\u201d","block_context":{"text":"Vardagsliv","link":"https:\/\/blogg.fumei.se\/?cat=47"},"img":{"alt_text":"","src":"","width":0,"height":0},"classes":[]},{"id":3668,"url":"https:\/\/blogg.fumei.se\/?p=3668","url_meta":{"origin":180,"position":4},"title":"Sjung om studentens&#8230;","author":"M :)","date":"2015-06-11","format":false,"excerpt":"\u00a0 I fredags hade vi studentfirande h\u00e4r i huset. Eller ja, inte h\u00e4r i huset, utan i huset d\u00e4r den studentande sonen bor. F\u00f6r han bor ju numera inte h\u00e4r hos mig, utan \u00e4r inneboende hos sin mormor och morfar. Detta f\u00f6r att han inte ville byta skola n\u00e4r det\u2026","rel":"","context":"I \u201dFamiljen\u201d","block_context":{"text":"Familjen","link":"https:\/\/blogg.fumei.se\/?cat=34"},"img":{"alt_text":"","src":"https:\/\/i0.wp.com\/blogg.fumei.se\/wp-content\/uploads\/2015\/06\/2015-06-04-18.37.jpg?fit=800%2C1200&ssl=1&resize=350%2C200","width":350,"height":200,"srcset":"https:\/\/i0.wp.com\/blogg.fumei.se\/wp-content\/uploads\/2015\/06\/2015-06-04-18.37.jpg?fit=800%2C1200&ssl=1&resize=350%2C200 1x, https:\/\/i0.wp.com\/blogg.fumei.se\/wp-content\/uploads\/2015\/06\/2015-06-04-18.37.jpg?fit=800%2C1200&ssl=1&resize=525%2C300 1.5x, https:\/\/i0.wp.com\/blogg.fumei.se\/wp-content\/uploads\/2015\/06\/2015-06-04-18.37.jpg?fit=800%2C1200&ssl=1&resize=700%2C400 2x"},"classes":[]},{"id":484,"url":"https:\/\/blogg.fumei.se\/?p=484","url_meta":{"origin":180,"position":5},"title":"100 (on\u00f6diga) fakta om mig","author":"M :)","date":"2008-08-17","format":false,"excerpt":"Jag \u00e4r f\u00f6dd den 17 Januari 1970Jag \u00e4r StenbockJag \u00e4r inte en typisk stenbockJag har en dotter som heter Sophia...och en son som heter RobinJag \u00e4r en(s)a(m)st\u00e5ende mamma.Jag har en (halv-)storasyster som heter Ilse...och 2 br\u00f6der som heter Roberto och SilvioJag \u00e4r moster till tv\u00e5 systerd\u00f6ttrar - Frida och TyraJag\u2026","rel":"","context":"I \u201dListor\u201d","block_context":{"text":"Listor","link":"https:\/\/blogg.fumei.se\/?cat=633"},"img":{"alt_text":"","src":"","width":0,"height":0},"classes":[]}],"_links":{"self":[{"href":"https:\/\/blogg.fumei.se\/index.php?rest_route=\/wp\/v2\/posts\/180","targetHints":{"allow":["GET"]}}],"collection":[{"href":"https:\/\/blogg.fumei.se\/index.php?rest_route=\/wp\/v2\/posts"}],"about":[{"href":"https:\/\/blogg.fumei.se\/index.php?rest_route=\/wp\/v2\/types\/post"}],"author":[{"embeddable":true,"href":"https:\/\/blogg.fumei.se\/index.php?rest_route=\/wp\/v2\/users\/1"}],"replies":[{"embeddable":true,"href":"https:\/\/blogg.fumei.se\/index.php?rest_route=%2Fwp%2Fv2%2Fcomments&post=180"}],"version-history":[{"count":0,"href":"https:\/\/blogg.fumei.se\/index.php?rest_route=\/wp\/v2\/posts\/180\/revisions"}],"wp:attachment":[{"href":"https:\/\/blogg.fumei.se\/index.php?rest_route=%2Fwp%2Fv2%2Fmedia&parent=180"}],"wp:term":[{"taxonomy":"category","embeddable":true,"href":"https:\/\/blogg.fumei.se\/index.php?rest_route=%2Fwp%2Fv2%2Fcategories&post=180"},{"taxonomy":"post_tag","embeddable":true,"href":"https:\/\/blogg.fumei.se\/index.php?rest_route=%2Fwp%2Fv2%2Ftags&post=180"}],"curies":[{"name":"wp","href":"https:\/\/api.w.org\/{rel}","templated":true}]}}