{"id":184,"date":"2010-09-10T12:16:00","date_gmt":"2010-09-10T12:16:00","guid":{"rendered":"\/Blogg\/post\/Tre-fel-av-tre-mojliga.aspx"},"modified":"2010-09-10T12:16:00","modified_gmt":"2010-09-10T12:16:00","slug":"tre-fel-av-tre-mojliga","status":"publish","type":"post","link":"https:\/\/blogg.fumei.se\/?p=184","title":{"rendered":"Tre fel av tre m\u00f6jliga"},"content":{"rendered":"<p>F&ouml;rst kraschade datorn, sen lade kylen av och f&ouml;r att toppa det s&aring; fuckade internetanslutningen s&aring; vi blev utsl&auml;ngda stup i kvarten. Datrokr&aring;nglet skrev jag om i f&ouml;rra inl&auml;gget. Till slut lyckades jag dock f&aring; ordning p&aring; den, genom att v&auml;lja manuell uppdatering ist&auml;llet f&ouml;r automatisk (tack SIlvio), och d&auml;rmed kunna utesluta s&aring;nt jag inte abslout beh&ouml;ver. S&aring; nu funkar den igen. K&auml;nns sk&ouml;nt, mest med tanke p&aring; att jag inte har r&aring;d med varken reparation av dator utan garanti eller k&ouml;pa ny dator.<\/p>\n<p>Kylen, d&aring;. Jag har kombinerad kyl\/frys, och sj&auml;lva kylsk&aring;psdelen fick helt enkelt f&ouml;r sig att g&aring; i pension natten mellan fredag och l&ouml;rdag, s&aring; n&auml;r vi vaknade i l&ouml;rdags morse var det bara att hiva allt som stod i kylen. Eller ja, n&auml;stan allt, i alla fall. Ringde vaktis som inte kunde g&ouml;ra n&aring;t &aring;t saken just d&aring; f&ouml;r han var i Sk&aring;ne eller n&aring;nstans d&auml;romkring. <br \/>S&aring; vi fick l&aring;na en kylv&auml;ska av mor och far, en s&aring;n med kylfl&auml;kt i, som g&aring;r p&aring; el, s&aring; vi slapp &aring;tminstone byta klampar flera g&aring;nger varje dygn. I m&aring;ndags kom vaktis och m&aring;ttade f&ouml;r ny kyl, och f&ouml;r bara en halvtimme sen var de h&auml;r och satte in den. Jej!!<br \/>Nu ska vi bara fylla upp den lite mer, det &auml;r ju ganska bas och torftigt just nu, men det &auml;r s&aring; sk&ouml;nt att slippa h&ouml;ra fl&auml;kten till kylv&auml;skan l&auml;ngre!!<\/p>\n<p>Och s&aring; var det det h&auml;r med internet. Vi har adsl fr&aring;n Telia, med modem och router. Eller, vi hade. F&ouml;r efter att jag f&aring;tt starta om modem och router och fixa en massa f&ouml;r att kunna vara uppkopplad i fem minuter innan det lade av igen, s&aring; ringde jag och anv&auml;nde min best&auml;mda r&ouml;st. S&aring; nu har vi en gateway, som det s&aring; fint heter, med modem och router i samma l&aring;da, och nu funkar det som det ska. &Auml;n s&aring; l&auml;nge *peppar peppar*.<\/p>\n<p>S&aring; just nu funkar saker och ting som de ska. H&auml;r, &aring;tminstone&#8230;<\/p>\n","protected":false},"excerpt":{"rendered":"<p>F&ouml;rst kraschade datorn, sen lade kylen av och f&ouml;r att toppa det s&aring; fuckade internetanslutningen s&aring; vi blev utsl&auml;ngda stup i kvarten. Datrokr&aring;nglet skrev jag om i f&ouml;rra inl&auml;gget. Till slut lyckades jag dock f&aring; ordning p&aring; den, genom att v&auml;lja manuell uppdatering ist&auml;llet f&ouml;r automatisk (tack SIlvio), och d&auml;rmed kunna utesluta s&aring;nt jag inte&#8230;<\/p>\n","protected":false},"author":1,"featured_media":0,"comment_status":"open","ping_status":"open","sticky":false,"template":"","format":"standard","meta":{"jetpack_post_was_ever_published":false,"_jetpack_newsletter_access":"","_jetpack_dont_email_post_to_subs":false,"_jetpack_newsletter_tier_id":0,"_jetpack_memberships_contains_paywalled_content":false,"_jetpack_memberships_contains_paid_content":false,"footnotes":"","jetpack_publicize_message":"","jetpack_publicize_feature_enabled":true,"jetpack_social_post_already_shared":false,"jetpack_social_options":{"image_generator_settings":{"template":"highway","default_image_id":0,"font":"","enabled":false},"version":2}},"categories":[47],"tags":[],"class_list":["post-184","post","type-post","status-publish","format-standard","hentry","category-vardagsliv"],"jetpack_publicize_connections":[],"jetpack_featured_media_url":"","jetpack_shortlink":"https:\/\/wp.me\/p3qko4-2Y","jetpack_sharing_enabled":true,"jetpack_likes_enabled":true,"jetpack-related-posts":[{"id":3550,"url":"https:\/\/blogg.fumei.se\/?p=3550","url_meta":{"origin":184,"position":0},"title":"Fototriss nr 6","author":"M :)","date":"2015-03-14","format":false,"excerpt":"Helena ger ett nytt \u00e4mne varje l\u00f6rdag, och s\u00e5 fotar man och postar. Enkelt och kul! Veckans \u00e4mne var \"motljus\". H\u00e4romdagen n\u00e4r jag skulle ge mig ut p\u00e5 min dagliga promenad k\u00e4nde jag inte f\u00f6r att bara traska runt i n\u00e4romr\u00e5det som vanligt, s\u00e5 jag tog sp\u00e5rvagnen till andra \u00e4nden\u2026","rel":"","context":"I \u201dVardagsliv\u201d","block_context":{"text":"Vardagsliv","link":"https:\/\/blogg.fumei.se\/?cat=47"},"img":{"alt_text":"kartaklippan","src":"https:\/\/i0.wp.com\/blogg.fumei.se\/wp-content\/uploads\/2015\/03\/kartaklippan-300x250.jpg?resize=350%2C200","width":350,"height":200},"classes":[]},{"id":206,"url":"https:\/\/blogg.fumei.se\/?p=206","url_meta":{"origin":184,"position":1},"title":"Antingen eller&#8230;","author":"EmEff","date":"2010-07-02","format":false,"excerpt":"Dags f\u00f6r en lista. Det var ett tag sen, mest f\u00f6r att jag inte hittat n\u00e5n rolig, men nu k\u00f6r vi!Kopiera till din egen blogg och markera dina val med fetstil. 1. Volvo eller Saab?2. Kjol eller Byxa?3. Tulpan eller Ros?4. Svart eller Vit?5. V\u00e5r eller H\u00f6st?6.\u00a0Hund eller Katt?7. Kaffe\u2026","rel":"","context":"I \u201dVardagsliv\u201d","block_context":{"text":"Vardagsliv","link":"https:\/\/blogg.fumei.se\/?cat=47"},"img":{"alt_text":"","src":"","width":0,"height":0},"classes":[]},{"id":1881,"url":"https:\/\/blogg.fumei.se\/?p=1881","url_meta":{"origin":184,"position":2},"title":"Julstress","author":"M :)","date":"2011-12-19","format":false,"excerpt":"Fast egentligen stressar jag inte. Hinner jag inte s\u00e5 f\u00e5r det v\u00e4nta till en annan dag, och hinner jag inte d\u00e5 f\u00e5r det vara, helt enkelt. Orka stressa, liksom! Idag t\u00e4nkte jag - utan att stressa - hinna med att: St\u00e4lla upp saker p\u00e5 vinden G\u00e5 p\u00e5 utvecklingssamtal f\u00f6r Fia\u2026","rel":"","context":"I \u201dHemmet\u201d","block_context":{"text":"Hemmet","link":"https:\/\/blogg.fumei.se\/?cat=31"},"img":{"alt_text":"","src":"https:\/\/i0.wp.com\/blogg.fumei.se\/wp-content\/uploads\/2011\/12\/kaffe-300x249.png?resize=350%2C200","width":350,"height":200},"classes":[]},{"id":198,"url":"https:\/\/blogg.fumei.se\/?p=198","url_meta":{"origin":184,"position":3},"title":"Probleml\u00f6sning","author":"M :)","date":"2010-07-16","format":false,"excerpt":"I tisdags kv\u00e4ll kom Fia hem klockan 23. D\u00e5 b\u00f6rjade hon rota runt i k\u00f6ket efter n\u00e5got att \u00e4ta, och kom p\u00e5 den brajta id\u00e8n att hon skulle koka broccoli (fryst) och \u00e4ta macka till det. Ingen h\u00f6jdarm\u00e5ltid, direkt. Jag hade inte somnat \u00e4n, s\u00e5 jag ropade till henne att\u2026","rel":"","context":"I \u201dVardagsliv\u201d","block_context":{"text":"Vardagsliv","link":"https:\/\/blogg.fumei.se\/?cat=47"},"img":{"alt_text":"","src":"","width":0,"height":0},"classes":[]},{"id":653,"url":"https:\/\/blogg.fumei.se\/?p=653","url_meta":{"origin":184,"position":4},"title":"Viktigheter","author":"M :)","date":"2008-11-21","format":false,"excerpt":"Idag har jag, med hj\u00e4lp av mina supersn\u00e4lla f\u00f6r\u00e4ldrar, varit inne i Falk\u00f6ping och tagit ut pengar p\u00e5 banken och fixat ett nytt ID-kort. Sen fick jag handlat lite s\u00e5nt d\u00e4r som kan vara bra att ha hemma i kylen, som mj\u00f6lk och sm\u00f6r och lite annat. Nu ska jag\u2026","rel":"","context":"I \u201dVardagsliv\u201d","block_context":{"text":"Vardagsliv","link":"https:\/\/blogg.fumei.se\/?cat=47"},"img":{"alt_text":"","src":"","width":0,"height":0},"classes":[]},{"id":871,"url":"https:\/\/blogg.fumei.se\/?p=871","url_meta":{"origin":184,"position":5},"title":"Fy fabian","author":"M :)","date":"2009-03-24","format":false,"excerpt":"allts\u00e5, vad det \u00e4r TR\u00c5KIGT att packa. Men det m\u00e5ste ju g\u00f6ras, s\u00e5 det \u00e4r ju bra att det \u00e4r desto roligare att packa upp och f\u00e5 i ordning sen n\u00e4r flytten \u00e4r klar!St\u00e4dningen \u00e4r inte heller det roligaste som finns. S\u00e4rskilt inte att skura ugnen, rensa avlopp och stada\u2026","rel":"","context":"I \u201dVardagsliv\u201d","block_context":{"text":"Vardagsliv","link":"https:\/\/blogg.fumei.se\/?cat=47"},"img":{"alt_text":"","src":"","width":0,"height":0},"classes":[]}],"_links":{"self":[{"href":"https:\/\/blogg.fumei.se\/index.php?rest_route=\/wp\/v2\/posts\/184","targetHints":{"allow":["GET"]}}],"collection":[{"href":"https:\/\/blogg.fumei.se\/index.php?rest_route=\/wp\/v2\/posts"}],"about":[{"href":"https:\/\/blogg.fumei.se\/index.php?rest_route=\/wp\/v2\/types\/post"}],"author":[{"embeddable":true,"href":"https:\/\/blogg.fumei.se\/index.php?rest_route=\/wp\/v2\/users\/1"}],"replies":[{"embeddable":true,"href":"https:\/\/blogg.fumei.se\/index.php?rest_route=%2Fwp%2Fv2%2Fcomments&post=184"}],"version-history":[{"count":0,"href":"https:\/\/blogg.fumei.se\/index.php?rest_route=\/wp\/v2\/posts\/184\/revisions"}],"wp:attachment":[{"href":"https:\/\/blogg.fumei.se\/index.php?rest_route=%2Fwp%2Fv2%2Fmedia&parent=184"}],"wp:term":[{"taxonomy":"category","embeddable":true,"href":"https:\/\/blogg.fumei.se\/index.php?rest_route=%2Fwp%2Fv2%2Fcategories&post=184"},{"taxonomy":"post_tag","embeddable":true,"href":"https:\/\/blogg.fumei.se\/index.php?rest_route=%2Fwp%2Fv2%2Ftags&post=184"}],"curies":[{"name":"wp","href":"https:\/\/api.w.org\/{rel}","templated":true}]}}