{"id":1842,"date":"2011-12-08T13:52:44","date_gmt":"2011-12-08T12:52:44","guid":{"rendered":"http:\/\/blogg.fumei.se\/?p=1842"},"modified":"2011-12-08T13:52:44","modified_gmt":"2011-12-08T12:52:44","slug":"vi-kor-pa-ett-tag-till-da","status":"publish","type":"post","link":"https:\/\/blogg.fumei.se\/?p=1842","title":{"rendered":"Vi k\u00f6r p\u00e5 ett tag till, d\u00e5&#8230;"},"content":{"rendered":"<p>I m\u00e5ndags efter jobbet m\u00f6tte jag upp J p\u00e5 centralen i Gbg, och s\u00e5 tog vi t\u00e5get till V\u00e4xj\u00f6. V\u00e4l d\u00e4r inkvarterade vi oss hos Emma, Silvio och knattarna och fikade och tj\u00f4tade en hel l\u00e5ng kv\u00e4ll innan vi kr\u00f6p ner f\u00f6r att f\u00e5 n\u00e5gra timmars s\u00f6mn innan tisdagens stora event.<\/p>\n<p>Vi skulle ju till Migrationsverket och genomg\u00e5 sk muntlig utredning med anledning av att J s\u00f6kt f\u00f6rl\u00e4ngt uppeh\u00e5llstillst\u00e5nd.<br \/>\nVi kom fram med en stund till godo (\u00e4r ju inte s\u00e5 kul att rusa in med andan i halsen, ser inte s\u00e5 bra ut heller&#8230;) och sen kom det ut en liten tjej som h\u00e4lsade p\u00e5 oss och sen fick jag sn\u00e4llt v\u00e4nta medan hon och J gick iv\u00e4g f\u00f6r att prata. Efter bara knappt en kvart kom de tillbaka, och s\u00e5 var det in tur att f\u00f6lja med henne in p\u00e5 rummet. Hon fr\u00e5gade lite om\u00a0 vardagliga saker som hur vi tagit oss till V\u00e4xj\u00f6, hur vi ska fira julen och om vad vi g\u00f6r till vardags, dvs jobb och skola och s\u00e5nt d\u00e4r, och sen fick jag skriva p\u00e5 ett papper och s\u00e5 var det klart.<br \/>\nVi hade v\u00e4ntat oss rena rama korsf\u00f6rh\u00f6ret, s\u00e5 vi hade faktiskt suttit och &#8221;f\u00f6rh\u00f6rt&#8221; varandra p\u00e5 saker som vi trodde de skulle fr\u00e5ga om, men icke d\u00e5!<\/p>\n<p>Hon sa att hon beviljade J ytterligare ett \u00e5rs uppeh\u00e5llstillst\u00e5nd, kruxet \u00e4r bara att det r\u00e4knas fr\u00e5n f\u00f6rsta dagen efter att hans gamla gick ut, och eftersom de tar 6 m\u00e5nader p\u00e5 sig att komma fram till det h\u00e4r, s\u00e5 g\u00e4ller det nya fram till 18 Juni 2012. D\u00e5 f\u00e5r han s\u00f6ka igen, men den g\u00e5ngen blir det permanent.<br \/>\nSen ringde vi Emma, som var ungef\u00e4r lika f\u00f6rv\u00e5nad som vi \u00f6ver att det reddan var klart, och s\u00e5 \u00e5kte vi ut till k\u00f6pcentret Samarkand och strosade runt i jakt p\u00e5 vantar, m\u00f6ssa och kanske n\u00e5t annat trevligt. Jag hittade en kofta f\u00f6r en hundring och J k\u00f6pte tv\u00e5 par byxor.<\/p>\n<p>Sen tillbaka &#8221;hem&#8221; f\u00f6r snabblunch och h\u00e4mtning p\u00e5 dagis. Jag fick n\u00f6jet och \u00e4ran att kl\u00e4 p\u00e5 Victor ytterkl\u00e4derna, och det m\u00e4rktes att det var ju ett tag sen mina egna var sm\u00e5!<br \/>\nN\u00e5gra timmar bus, lek, tj\u00f4t och mat senare var det dags f\u00f6r J och mig att ge oss av hem\u00e5t igen. Emma skjutsade till stationen och sen tog det &#8221;bara&#8221; fem timmar innan vi kunde ramla in genom v\u00e5r egen ytterd\u00f6rr.<br \/>\nD\u00e4r fick vi f\u00f6rst klappa bebishund i ungef\u00e4r tio minuter innan vi kunde ta av oss skor och jackor ens!<\/p>\n<p>Ig\u00e5r var det v\u00e4ldigt segt att ta sig upp ur s\u00e4ngen, kan jag meddela. Visserligen hade jag f\u00e5tt lov att komma 8 ist\u00e4llet f\u00f6r 7.30 (f\u00f6r om jag ska komma 7.30 \u00e4r jag \u00e4nd\u00e5 d\u00e4r redan 7) men jag tror att eftersom jag visste att jag inte skulle f\u00e5 m\u00e5nga timmars s\u00f6mn, och s\u00e4kert undermedvetet var r\u00e4dd att f\u00f6rsova mig, s\u00e5 vaknade jag ist\u00e4llet flera g\u00e5nger under natten, s\u00e5 jag sov inte alls bra, och var j\u00e4ttetr\u00f6tt p\u00e5 morgonen.<br \/>\nP\u00e5 jobbet var det j\u00e4tter\u00f6rigt och massor att g\u00f6ra, s\u00e5 n\u00e4r det var dags att \u00e5ka hem somnade jag som ett sl\u00e4ckt ljus p\u00e5 t\u00e5get oc vaknade av mobilens alarm strax innan vi kom fram.<\/p>\n<p>Idag fick jag sovmorgon till kvart i nio och det var sk\u00f6nt. Sen bar det iv\u00e4g in till Falk\u00f6ping, till barn- och ungdomshabiliteringen. Robin g\u00e5r dit en g\u00e5ng om \u00e5ret s\u00e5 det f\u00e5r m\u00e4ta r\u00f6rligheten i hans leder och se hur han sk\u00f6ter sig. Det \u00e4r ju inte s\u00e5 att vi springer benen av oss d\u00e4r, men det \u00e4r \u00e4nd\u00e5 sk\u00f6nt att veta att de finns d\u00e4r om vi skulle beh\u00f6va dem, fast det k\u00e4nns som om det r\u00e4cker med &#8221;\u00e5rliga besiktningen&#8221;.<\/p>\n<p>Efter\u00e5t h\u00e4mtades vi upp av mor och far, tog en sv\u00e4ng runt McDonalds s\u00e5 Robin fick lite lunch eftersom han missade skolans, och s\u00e5 \u00e5kte vi hem.<br \/>\nSen dess har jag hunnit st\u00e4da inuti diskmaskinen, diska alla stora saker som inte ska k\u00f6ras i maskinen, plocka och l\u00e4gga undan en hel massa saker som dr\u00e4llde \u00f6verallt d\u00e4r de inte skulle vara, och nu har jag ocks\u00e5 bloggat.<br \/>\nSnart ska jag ta tag i maten. Jag t\u00e4nkte passa p\u00e5 att g\u00f6ra flera matl\u00e5dor medan jag \u00e4nd\u00e5 st\u00e5r i k\u00f6ket idag. Men f\u00f6rst ska jag ha lite fika!<\/p>\n","protected":false},"excerpt":{"rendered":"<p>I m\u00e5ndags efter jobbet m\u00f6tte jag upp J p\u00e5 centralen i Gbg, och s\u00e5 tog vi t\u00e5get till V\u00e4xj\u00f6. V\u00e4l d\u00e4r inkvarterade vi oss hos Emma, Silvio och knattarna och fikade och tj\u00f4tade en hel l\u00e5ng kv\u00e4ll innan vi kr\u00f6p ner f\u00f6r att f\u00e5 n\u00e5gra timmars s\u00f6mn innan tisdagens stora event. Vi skulle ju till&#8230;<\/p>\n","protected":false},"author":1,"featured_media":0,"comment_status":"open","ping_status":"open","sticky":false,"template":"","format":"standard","meta":{"jetpack_post_was_ever_published":false,"_jetpack_newsletter_access":"","_jetpack_dont_email_post_to_subs":false,"_jetpack_newsletter_tier_id":0,"_jetpack_memberships_contains_paywalled_content":false,"_jetpack_memberships_contains_paid_content":false,"footnotes":"","jetpack_publicize_message":"","jetpack_publicize_feature_enabled":true,"jetpack_social_post_already_shared":false,"jetpack_social_options":{"image_generator_settings":{"template":"highway","default_image_id":0,"font":"","enabled":false},"version":2}},"categories":[34,47],"tags":[99,100,75,76],"class_list":["post-1842","post","type-post","status-publish","format-standard","hentry","category-familjen","category-vardagsliv","tag-boh","tag-habiliteringen","tag-migrationsverket","tag-uppehallstillstand"],"jetpack_publicize_connections":[],"jetpack_featured_media_url":"","jetpack_shortlink":"https:\/\/wp.me\/p3qko4-tI","jetpack_sharing_enabled":true,"jetpack_likes_enabled":true,"jetpack-related-posts":[{"id":1725,"url":"https:\/\/blogg.fumei.se\/?p=1725","url_meta":{"origin":1842,"position":0},"title":"Livstecken","author":"M :)","date":"2011-11-11","format":false,"excerpt":"Mina n\u00e4ra och k\u00e4ra (och n\u00e5gra till) vet att J bara fick tillf\u00e4lligt uppeh\u00e5llstillst\u00e5nd n\u00e4r han flyttade hit. Den 16 Juni i \u00e5r var sista dagen p\u00e5 det tillst\u00e5ndet, s\u00e5 i b\u00f6rjan av Maj skickade han in ans\u00f6kan om f\u00f6rl\u00e4ngning av uppeh\u00e5llstillst\u00e5nd till migrationsverket. Enligt dem kan det ta upp\u2026","rel":"","context":"I \u201dFamiljen\u201d","block_context":{"text":"Familjen","link":"https:\/\/blogg.fumei.se\/?cat=34"},"img":{"alt_text":"","src":"https:\/\/i0.wp.com\/blogg.fumei.se\/wp-content\/uploads\/2011\/11\/kallelesintervju-650x473.jpg?resize=350%2C200","width":350,"height":200,"srcset":"https:\/\/i0.wp.com\/blogg.fumei.se\/wp-content\/uploads\/2011\/11\/kallelesintervju-650x473.jpg?resize=350%2C200 1x, https:\/\/i0.wp.com\/blogg.fumei.se\/wp-content\/uploads\/2011\/11\/kallelesintervju-650x473.jpg?resize=525%2C300 1.5x"},"classes":[]},{"id":1951,"url":"https:\/\/blogg.fumei.se\/?p=1951","url_meta":{"origin":1842,"position":1},"title":"\u00c5rets h\u00f6jdpunkter och bottennapp","author":"M :)","date":"2012-01-02","format":false,"excerpt":"\u00c5ret 2011 kom och gick lite grann som alla andra \u00e5r, med vissa undantag. Jag jobbade massor och f\u00f6rs\u00f6kte f\u00e5 tid, lust och ork \u00f6ver till annat mellan arbetspassen. Det ar inte alltid s\u00e5 l\u00e4tt. Av det som avviker fr\u00e5n det vardagliga minns jag: n\u00e4r jag och Kerstin skulle tr\u00e4ffas\u2026","rel":"","context":"I \u201dVardagsliv\u201d","block_context":{"text":"Vardagsliv","link":"https:\/\/blogg.fumei.se\/?cat=47"},"img":{"alt_text":"","src":"","width":0,"height":0},"classes":[]},{"id":244,"url":"https:\/\/blogg.fumei.se\/?p=244","url_meta":{"origin":1842,"position":2},"title":"I v\u00e4ntans tider","author":"M :)","date":"2010-05-03","format":false,"excerpt":"Inget brev ifr\u00e5n Migrationsverket idag heller. Det b\u00f6rjar bli lite tjatigt det h\u00e4r. Jag ger dem en vecka till, sen ringer jag och kollar om de har n\u00e5t besked p\u00e5 G eller inte. J sa att han skulle ringa ambassaden i Guatemala idag, men jag p\u00e5pekade att de har knappast\u2026","rel":"","context":"I \u201dVardagsliv\u201d","block_context":{"text":"Vardagsliv","link":"https:\/\/blogg.fumei.se\/?cat=47"},"img":{"alt_text":"","src":"","width":0,"height":0},"classes":[]},{"id":302,"url":"https:\/\/blogg.fumei.se\/?p=302","url_meta":{"origin":1842,"position":3},"title":"S&#8217;planations&#8230;","author":"M :)","date":"2010-02-11","format":false,"excerpt":"Jag har f\u00e5tt fr\u00e5gan flera g\u00e5nger idag, varf\u00f6r jag f\u00e5r brev fr\u00e5n migrationsverket. I brevet l\u00e5g en blankett som ska fyllas i och skickas in. N\u00e4r de f\u00e5tt blanketten ska de ta st\u00e4llning till om J f\u00e5r flytta till mig i Sverige. \u00a0","rel":"","context":"I \u201dVardagsliv\u201d","block_context":{"text":"Vardagsliv","link":"https:\/\/blogg.fumei.se\/?cat=47"},"img":{"alt_text":"","src":"","width":0,"height":0},"classes":[]},{"id":1157,"url":"https:\/\/blogg.fumei.se\/?p=1157","url_meta":{"origin":1842,"position":4},"title":"Tjejsnack vecka 42","author":"M :)","date":"2009-10-11","format":false,"excerpt":"Vill du ocks\u00e5 vara med? Du hittar Tjejsnack h\u00e4r. F\u00f6rv\u00e4ntan 1. Vad v\u00e4ntade du senast p\u00e5? Att jag skulle f\u00e5 tillbaka min laptop efter att dottern l\u00e5nat den. Hennes \u00e4r p\u00e5 lagning s\u00e5 hon f\u00e5r kolla sin mail och lite s\u00e5nt en timme om dagen fr\u00e5n min tills vidare. 2.\u2026","rel":"","context":"I \u201dVardagsliv\u201d","block_context":{"text":"Vardagsliv","link":"https:\/\/blogg.fumei.se\/?cat=47"},"img":{"alt_text":"","src":"","width":0,"height":0},"classes":[]},{"id":222,"url":"https:\/\/blogg.fumei.se\/?p=222","url_meta":{"origin":1842,"position":5},"title":"Gult, bl\u00e5tt, gr\u00e5tt och svart","author":"M :)","date":"2010-05-29","format":false,"excerpt":"S\u00e5 skulle man kunna sammanfatta veckan i f\u00e4rger. Gr\u00e5tt \u00e4r f\u00f6r v\u00e4dret, men det fattar nog varenda m\u00e4nniska. Det regnar och regnar, och n\u00e4r det inte regnar s\u00e5 \u00e4r det mulet och kallt och bl\u00e5sigt och man \u00e5ngrar att man lade undan alla vinterkl\u00e4derna.Gult och bl\u00e5tt \u00e4r f\u00f6rgerna p\u00e5 mina\u2026","rel":"","context":"I \u201dVardagsliv\u201d","block_context":{"text":"Vardagsliv","link":"https:\/\/blogg.fumei.se\/?cat=47"},"img":{"alt_text":"","src":"https:\/\/i0.wp.com\/img.youtube.com\/vi\/JYU37jzeQTo\/0.jpg?resize=350%2C200","width":350,"height":200},"classes":[]}],"_links":{"self":[{"href":"https:\/\/blogg.fumei.se\/index.php?rest_route=\/wp\/v2\/posts\/1842","targetHints":{"allow":["GET"]}}],"collection":[{"href":"https:\/\/blogg.fumei.se\/index.php?rest_route=\/wp\/v2\/posts"}],"about":[{"href":"https:\/\/blogg.fumei.se\/index.php?rest_route=\/wp\/v2\/types\/post"}],"author":[{"embeddable":true,"href":"https:\/\/blogg.fumei.se\/index.php?rest_route=\/wp\/v2\/users\/1"}],"replies":[{"embeddable":true,"href":"https:\/\/blogg.fumei.se\/index.php?rest_route=%2Fwp%2Fv2%2Fcomments&post=1842"}],"version-history":[{"count":1,"href":"https:\/\/blogg.fumei.se\/index.php?rest_route=\/wp\/v2\/posts\/1842\/revisions"}],"predecessor-version":[{"id":1843,"href":"https:\/\/blogg.fumei.se\/index.php?rest_route=\/wp\/v2\/posts\/1842\/revisions\/1843"}],"wp:attachment":[{"href":"https:\/\/blogg.fumei.se\/index.php?rest_route=%2Fwp%2Fv2%2Fmedia&parent=1842"}],"wp:term":[{"taxonomy":"category","embeddable":true,"href":"https:\/\/blogg.fumei.se\/index.php?rest_route=%2Fwp%2Fv2%2Fcategories&post=1842"},{"taxonomy":"post_tag","embeddable":true,"href":"https:\/\/blogg.fumei.se\/index.php?rest_route=%2Fwp%2Fv2%2Ftags&post=1842"}],"curies":[{"name":"wp","href":"https:\/\/api.w.org\/{rel}","templated":true}]}}