{"id":1851,"date":"2011-12-13T09:36:47","date_gmt":"2011-12-13T08:36:47","guid":{"rendered":"http:\/\/blogg.fumei.se\/?p=1851"},"modified":"2011-12-13T09:36:47","modified_gmt":"2011-12-13T08:36:47","slug":"ringmarkt","status":"publish","type":"post","link":"https:\/\/blogg.fumei.se\/?p=1851","title":{"rendered":"Ringm\u00e4rkt"},"content":{"rendered":"<p>Firade Luciamorgon genom att fria till J. Det var en ganska f\u00f6rv\u00e5nad och n\u00e5got chockad sambo som till slut fick ur sig ett JA! \ud83d\ude42<\/p>\n<p><a rel=\"attachment wp-att-1853\" href=\"https:\/\/blogg.fumei.se\/?attachment_id=1853\"><img data-recalc-dims=\"1\" loading=\"lazy\" decoding=\"async\" data-attachment-id=\"1853\" data-permalink=\"https:\/\/blogg.fumei.se\/?attachment_id=1853\" data-orig-file=\"https:\/\/i0.wp.com\/blogg.fumei.se\/wp-content\/uploads\/2011\/12\/rings.png?fit=636%2C486&amp;ssl=1\" data-orig-size=\"636,486\" data-comments-opened=\"1\" data-image-meta=\"{&quot;aperture&quot;:&quot;0&quot;,&quot;credit&quot;:&quot;&quot;,&quot;camera&quot;:&quot;&quot;,&quot;caption&quot;:&quot;&quot;,&quot;created_timestamp&quot;:&quot;0&quot;,&quot;copyright&quot;:&quot;&quot;,&quot;focal_length&quot;:&quot;0&quot;,&quot;iso&quot;:&quot;0&quot;,&quot;shutter_speed&quot;:&quot;0&quot;,&quot;title&quot;:&quot;&quot;}\" data-image-title=\"rings\" data-image-description=\"\" data-image-caption=\"\" data-large-file=\"https:\/\/i0.wp.com\/blogg.fumei.se\/wp-content\/uploads\/2011\/12\/rings.png?fit=636%2C486&amp;ssl=1\" class=\"aligncenter size-full wp-image-1853\" title=\"rings\" src=\"https:\/\/i0.wp.com\/blogg.fumei.se\/wp-content\/uploads\/2011\/12\/rings.png?resize=636%2C486&#038;ssl=1\" alt=\"\" width=\"636\" height=\"486\" srcset=\"https:\/\/i0.wp.com\/blogg.fumei.se\/wp-content\/uploads\/2011\/12\/rings.png?w=636&amp;ssl=1 636w, https:\/\/i0.wp.com\/blogg.fumei.se\/wp-content\/uploads\/2011\/12\/rings.png?resize=300%2C229&amp;ssl=1 300w\" sizes=\"auto, (max-width: 636px) 100vw, 636px\" \/><\/a><\/p>\n<p>N\u00e5got br\u00f6llop \u00e4r inte inplanerat. \u00c4n. Det kommer n\u00e4r det kommer.<\/p>\n","protected":false},"excerpt":{"rendered":"<p>Firade Luciamorgon genom att fria till J. Det var en ganska f\u00f6rv\u00e5nad och n\u00e5got chockad sambo som till slut fick ur sig ett JA! \ud83d\ude42 N\u00e5got br\u00f6llop \u00e4r inte inplanerat. \u00c4n. Det kommer n\u00e4r det kommer.<\/p>\n","protected":false},"author":1,"featured_media":0,"comment_status":"open","ping_status":"open","sticky":false,"template":"","format":"standard","meta":{"jetpack_post_was_ever_published":false,"_jetpack_newsletter_access":"","_jetpack_dont_email_post_to_subs":false,"_jetpack_newsletter_tier_id":0,"_jetpack_memberships_contains_paywalled_content":false,"_jetpack_memberships_contains_paid_content":false,"footnotes":"","jetpack_publicize_message":"","jetpack_publicize_feature_enabled":true,"jetpack_social_post_already_shared":false,"jetpack_social_options":{"image_generator_settings":{"template":"highway","default_image_id":0,"font":"","enabled":false},"version":2}},"categories":[34],"tags":[104,105,103],"class_list":["post-1851","post","type-post","status-publish","format-standard","hentry","category-familjen","tag-forhallande","tag-j","tag-karlek"],"jetpack_publicize_connections":[],"jetpack_featured_media_url":"","jetpack_shortlink":"https:\/\/wp.me\/p3qko4-tR","jetpack_sharing_enabled":true,"jetpack_likes_enabled":true,"jetpack-related-posts":[{"id":2786,"url":"https:\/\/blogg.fumei.se\/?p=2786","url_meta":{"origin":1851,"position":0},"title":"Change is good?","author":"M :)","date":"2012-10-14","format":false,"excerpt":"Idag har vi gjort lite f\u00f6r\u00e4ndringar h\u00e4r hemma. Flyttat p\u00e5 m\u00f6bler och s\u00e5 d\u00e4r, ni vet, som g\u00f6r att det k\u00e4nns lite nytt trots att det \u00e4r samma gamla saker. S\u00e5 nu \u00e4r det inte s\u00e5 m\u00f6rkt och inst\u00e4ngt l\u00e4ngre. Men den stora f\u00f6r\u00e4ndringen har inte s\u00e5 mycket med saker\u2026","rel":"","context":"I \u201dFamiljen\u201d","block_context":{"text":"Familjen","link":"https:\/\/blogg.fumei.se\/?cat=34"},"img":{"alt_text":"","src":"","width":0,"height":0},"classes":[]},{"id":244,"url":"https:\/\/blogg.fumei.se\/?p=244","url_meta":{"origin":1851,"position":1},"title":"I v\u00e4ntans tider","author":"M :)","date":"2010-05-03","format":false,"excerpt":"Inget brev ifr\u00e5n Migrationsverket idag heller. Det b\u00f6rjar bli lite tjatigt det h\u00e4r. Jag ger dem en vecka till, sen ringer jag och kollar om de har n\u00e5t besked p\u00e5 G eller inte. J sa att han skulle ringa ambassaden i Guatemala idag, men jag p\u00e5pekade att de har knappast\u2026","rel":"","context":"I \u201dVardagsliv\u201d","block_context":{"text":"Vardagsliv","link":"https:\/\/blogg.fumei.se\/?cat=47"},"img":{"alt_text":"","src":"","width":0,"height":0},"classes":[]},{"id":2988,"url":"https:\/\/blogg.fumei.se\/?p=2988","url_meta":{"origin":1851,"position":2},"title":"En lite b\u00e4ttre dag","author":"M :)","date":"2013-07-01","format":false,"excerpt":"Hej. Det \u00e4r jag igen.\u00a0Du vet, hon som skriver i den h\u00e4r bloggen n\u00e4r lust och vilja kommer \u00f6ver mig. P\u00e5 sista tiden har det inte blivit s\u00e5 mycket skrivande av. Det har helt enkelt inte funnits s\u00e5 mycket att skriva om. F\u00f6r sanningen \u00e4r ju att det inte \u00e4r\u2026","rel":"","context":"I \u201dVardagsliv\u201d","block_context":{"text":"Vardagsliv","link":"https:\/\/blogg.fumei.se\/?cat=47"},"img":{"alt_text":"","src":"","width":0,"height":0},"classes":[]},{"id":137,"url":"https:\/\/blogg.fumei.se\/?p=137","url_meta":{"origin":1851,"position":3},"title":"Det h\u00e4r med att h\u00e5lla diet","author":"M :)","date":"2011-01-03","format":false,"excerpt":"Det \u00e4r ingen enkel match att h\u00e5lla sig till bara det som \u00e4r bra f\u00f6r en, n\u00e4r man \u00e4r van vid att ha n\u00e5got att mumsa p\u00e5 framf\u00f6r tv:n p\u00e5 kv\u00e4llarna, eller n\u00e4r patienter kommer med godis och kakor som tack f\u00f6r god v\u00e5rd. Men jag har banne mig varit\u2026","rel":"","context":"I \u201dVardagsliv\u201d","block_context":{"text":"Vardagsliv","link":"https:\/\/blogg.fumei.se\/?cat=47"},"img":{"alt_text":"","src":"","width":0,"height":0},"classes":[]},{"id":179,"url":"https:\/\/blogg.fumei.se\/?p=179","url_meta":{"origin":1851,"position":4},"title":"Om allt och ingenting, egentligen&#8230;","author":"M :)","date":"2010-10-04","format":false,"excerpt":"Det h\u00e4r bloggandet haltar lite. Det \u00e4r lite lagom sv\u00e5rt att skriva ett vettigt inl\u00e4gg om man egentligen inte har n\u00e5got vettigt att skriva om, s\u00e5 d\u00e4rf\u00f6r \u00e4r det glest mellan inl\u00e4ggen fr\u00e5n min sida. Men lite har jag nog \u00e4nd\u00e5 att plita ner, om jag t\u00e4nker efter. Tex att\u2026","rel":"","context":"I \u201dVardagsliv\u201d","block_context":{"text":"Vardagsliv","link":"https:\/\/blogg.fumei.se\/?cat=47"},"img":{"alt_text":"","src":"","width":0,"height":0},"classes":[]},{"id":1951,"url":"https:\/\/blogg.fumei.se\/?p=1951","url_meta":{"origin":1851,"position":5},"title":"\u00c5rets h\u00f6jdpunkter och bottennapp","author":"M :)","date":"2012-01-02","format":false,"excerpt":"\u00c5ret 2011 kom och gick lite grann som alla andra \u00e5r, med vissa undantag. Jag jobbade massor och f\u00f6rs\u00f6kte f\u00e5 tid, lust och ork \u00f6ver till annat mellan arbetspassen. Det ar inte alltid s\u00e5 l\u00e4tt. Av det som avviker fr\u00e5n det vardagliga minns jag: n\u00e4r jag och Kerstin skulle tr\u00e4ffas\u2026","rel":"","context":"I \u201dVardagsliv\u201d","block_context":{"text":"Vardagsliv","link":"https:\/\/blogg.fumei.se\/?cat=47"},"img":{"alt_text":"","src":"","width":0,"height":0},"classes":[]}],"_links":{"self":[{"href":"https:\/\/blogg.fumei.se\/index.php?rest_route=\/wp\/v2\/posts\/1851","targetHints":{"allow":["GET"]}}],"collection":[{"href":"https:\/\/blogg.fumei.se\/index.php?rest_route=\/wp\/v2\/posts"}],"about":[{"href":"https:\/\/blogg.fumei.se\/index.php?rest_route=\/wp\/v2\/types\/post"}],"author":[{"embeddable":true,"href":"https:\/\/blogg.fumei.se\/index.php?rest_route=\/wp\/v2\/users\/1"}],"replies":[{"embeddable":true,"href":"https:\/\/blogg.fumei.se\/index.php?rest_route=%2Fwp%2Fv2%2Fcomments&post=1851"}],"version-history":[{"count":3,"href":"https:\/\/blogg.fumei.se\/index.php?rest_route=\/wp\/v2\/posts\/1851\/revisions"}],"predecessor-version":[{"id":3120,"href":"https:\/\/blogg.fumei.se\/index.php?rest_route=\/wp\/v2\/posts\/1851\/revisions\/3120"}],"wp:attachment":[{"href":"https:\/\/blogg.fumei.se\/index.php?rest_route=%2Fwp%2Fv2%2Fmedia&parent=1851"}],"wp:term":[{"taxonomy":"category","embeddable":true,"href":"https:\/\/blogg.fumei.se\/index.php?rest_route=%2Fwp%2Fv2%2Fcategories&post=1851"},{"taxonomy":"post_tag","embeddable":true,"href":"https:\/\/blogg.fumei.se\/index.php?rest_route=%2Fwp%2Fv2%2Ftags&post=1851"}],"curies":[{"name":"wp","href":"https:\/\/api.w.org\/{rel}","templated":true}]}}