{"id":1858,"date":"2011-12-14T15:23:58","date_gmt":"2011-12-14T14:23:58","guid":{"rendered":"http:\/\/blogg.fumei.se\/?p=1858"},"modified":"2011-12-14T15:23:58","modified_gmt":"2011-12-14T14:23:58","slug":"mera-julbestyr","status":"publish","type":"post","link":"https:\/\/blogg.fumei.se\/?p=1858","title":{"rendered":"Mera julbestyr"},"content":{"rendered":"<p>T\u00e4nkte passa p\u00e5 och ge \u00e4ven bloggen lite julkl\u00e4der. Men tills jag har sytt ihop dem, f\u00e5r den se &#8221;vanlig&#8221; ut.<\/p>\n","protected":false},"excerpt":{"rendered":"<p>T\u00e4nkte passa p\u00e5 och ge \u00e4ven bloggen lite julkl\u00e4der. Men tills jag har sytt ihop dem, f\u00e5r den se &#8221;vanlig&#8221; ut.<\/p>\n","protected":false},"author":1,"featured_media":0,"comment_status":"open","ping_status":"open","sticky":false,"template":"","format":"standard","meta":{"jetpack_post_was_ever_published":false,"_jetpack_newsletter_access":"","_jetpack_dont_email_post_to_subs":false,"_jetpack_newsletter_tier_id":0,"_jetpack_memberships_contains_paywalled_content":false,"_jetpack_memberships_contains_paid_content":false,"footnotes":"","jetpack_publicize_message":"","jetpack_publicize_feature_enabled":true,"jetpack_social_post_already_shared":false,"jetpack_social_options":{"image_generator_settings":{"template":"highway","default_image_id":0,"font":"","enabled":false},"version":2}},"categories":[47],"tags":[88],"class_list":["post-1858","post","type-post","status-publish","format-standard","hentry","category-vardagsliv","tag-jul"],"jetpack_publicize_connections":[],"jetpack_featured_media_url":"","jetpack_shortlink":"https:\/\/wp.me\/p3qko4-tY","jetpack_sharing_enabled":true,"jetpack_likes_enabled":true,"jetpack-related-posts":[{"id":1856,"url":"https:\/\/blogg.fumei.se\/?p=1856","url_meta":{"origin":1858,"position":0},"title":"Julbestyr","author":"M :)","date":"2011-12-14","format":false,"excerpt":"Idag \u00e4r det 10 dagar kvar till julafton, och jag har som vanligt knappt gjort n\u00e5gonting. Idag ska jag hj\u00e4lpa lilla mamsen med en sak som hon ska ge bort, sen ska jag fixa alla julkort och \u00e4ven en annan grej som jag t\u00e4nkte ge bort. Imorgon \u00e4r det \u00e5ter\u2026","rel":"","context":"I \u201dVardagsliv\u201d","block_context":{"text":"Vardagsliv","link":"https:\/\/blogg.fumei.se\/?cat=47"},"img":{"alt_text":"","src":"","width":0,"height":0},"classes":[]},{"id":1163,"url":"https:\/\/blogg.fumei.se\/?p=1163","url_meta":{"origin":1858,"position":1},"title":"Arghhhhh!!!!!","author":"M :)","date":"2009-10-10","format":false,"excerpt":"Jag f\u00f6rs\u00f6kte g\u00f6ra om bloggen, men den ville inte som jag ville, s\u00e5 tills jag har samlat ihop lite energi att l\u00e4gga p\u00e5 den f\u00e5r den se ut s\u00e5 h\u00e4r...vanligt...","rel":"","context":"I \u201dVardagsliv\u201d","block_context":{"text":"Vardagsliv","link":"https:\/\/blogg.fumei.se\/?cat=47"},"img":{"alt_text":"","src":"","width":0,"height":0},"classes":[]},{"id":3802,"url":"https:\/\/blogg.fumei.se\/?p=3802","url_meta":{"origin":1858,"position":2},"title":"Nu \u00e4r glada julen slut, slut slut&#8230;","author":"M :)","date":"2016-01-02","format":false,"excerpt":"S\u00e5 var julen och \u00e4ven ny\u00e5rshelgen \u00f6verst\u00f6kade f\u00f6r den h\u00e4r g\u00e5ngen! I \u00e5r hade jag turen att vara ledig hela julhelgen, s\u00e5 jag kunde umg\u00e5s med familjen utan att stressa. Jag jobbade kv\u00e4llspass dagen innan julafton, s\u00e5 jag satte mig p\u00e5 t\u00e5get direkt efter\u00e5t och \u00e5kte hem till mor och\u2026","rel":"","context":"I \u201dVardagsliv\u201d","block_context":{"text":"Vardagsliv","link":"https:\/\/blogg.fumei.se\/?cat=47"},"img":{"alt_text":"","src":"https:\/\/i0.wp.com\/blogg.fumei.se\/wp-content\/uploads\/2016\/01\/2015-12-24-17.45.03.jpg?resize=350%2C200","width":350,"height":200,"srcset":"https:\/\/i0.wp.com\/blogg.fumei.se\/wp-content\/uploads\/2016\/01\/2015-12-24-17.45.03.jpg?resize=350%2C200 1x, https:\/\/i0.wp.com\/blogg.fumei.se\/wp-content\/uploads\/2016\/01\/2015-12-24-17.45.03.jpg?resize=525%2C300 1.5x, https:\/\/i0.wp.com\/blogg.fumei.se\/wp-content\/uploads\/2016\/01\/2015-12-24-17.45.03.jpg?resize=700%2C400 2x, https:\/\/i0.wp.com\/blogg.fumei.se\/wp-content\/uploads\/2016\/01\/2015-12-24-17.45.03.jpg?resize=1050%2C600 3x, https:\/\/i0.wp.com\/blogg.fumei.se\/wp-content\/uploads\/2016\/01\/2015-12-24-17.45.03.jpg?resize=1400%2C800 4x"},"classes":[]},{"id":152,"url":"https:\/\/blogg.fumei.se\/?p=152","url_meta":{"origin":1858,"position":3},"title":"Sn\u00f6n faller, och vi med den&#8230;","author":"M :)","date":"2010-11-28","format":false,"excerpt":"Falleri fallera, faller...alla?? Det g\u00e4ller att h\u00e5lla tungan r\u00e4tt i mun n\u00e4r man \u00e4r ute och g\u00e5r nuf\u00f6rtiden, isen ligger f\u00f6rr\u00e4diskt g\u00f6md under all sn\u00f6n. Jag har hittills bara ramlat en g\u00e5ng, men s\u00e5 k\u00e4nner jag fortfarande av det ocks\u00e5. Funderar seri\u00f6st p\u00e5 att skaffa broddar. Ig\u00e5r hade jag gjort\u2026","rel":"","context":"I \u201dVardagsliv\u201d","block_context":{"text":"Vardagsliv","link":"https:\/\/blogg.fumei.se\/?cat=47"},"img":{"alt_text":"","src":"","width":0,"height":0},"classes":[]},{"id":2857,"url":"https:\/\/blogg.fumei.se\/?p=2857","url_meta":{"origin":1858,"position":4},"title":"Dan f\u00f6re dan f\u00f6re&#8230;","author":"M :)","date":"2012-12-19","format":false,"excerpt":"\u00c4n \u00e4r det n\u00e5gra dagar kvar till jul, men vips s\u00e5 \u00e4r den h\u00e4r och lika vips \u00e4r den \u00f6ver. Jag har stressat \u00f6ver att jag skulle jobba s\u00e5 himla mycket f\u00f6re, mellan, under och efter jul och ny\u00e5rshelgerna att jag n\u00e4stan gl\u00f6mde att jag ju \u00e4r ledig i tre\u2026","rel":"","context":"I \u201dB\u00f6cker och l\u00e4sning\u201d","block_context":{"text":"B\u00f6cker och l\u00e4sning","link":"https:\/\/blogg.fumei.se\/?cat=29"},"img":{"alt_text":"reservationerdecember12","src":"https:\/\/i0.wp.com\/blogg.fumei.se\/wp-content\/uploads\/2012\/12\/reservationerdecember12-180x180.jpg?resize=350%2C200","width":350,"height":200},"classes":[]},{"id":936,"url":"https:\/\/blogg.fumei.se\/?p=936","url_meta":{"origin":1858,"position":5},"title":"Maffigt","author":"M :)","date":"2009-05-19","format":false,"excerpt":"l\u00e4r det bli ikv\u00e4ll, n\u00e4r miniserien \"Krig och fred\" (4 delar) har svensk premi\u00e4r. Jag ska \u00e5tminstone ge den en \u00e4rlig chans, svag som jag \u00e4r f\u00f6r kostymfilmer. Vanligt allm\u00e4nbildade m\u00e4nniskor vet att det \u00e4r baserat p\u00e5 en bok, lite mer litter\u00e4rt bevandrade personer vet att den skrevs av Leo\u2026","rel":"","context":"I \u201dVardagsliv\u201d","block_context":{"text":"Vardagsliv","link":"https:\/\/blogg.fumei.se\/?cat=47"},"img":{"alt_text":"","src":"","width":0,"height":0},"classes":[]}],"_links":{"self":[{"href":"https:\/\/blogg.fumei.se\/index.php?rest_route=\/wp\/v2\/posts\/1858","targetHints":{"allow":["GET"]}}],"collection":[{"href":"https:\/\/blogg.fumei.se\/index.php?rest_route=\/wp\/v2\/posts"}],"about":[{"href":"https:\/\/blogg.fumei.se\/index.php?rest_route=\/wp\/v2\/types\/post"}],"author":[{"embeddable":true,"href":"https:\/\/blogg.fumei.se\/index.php?rest_route=\/wp\/v2\/users\/1"}],"replies":[{"embeddable":true,"href":"https:\/\/blogg.fumei.se\/index.php?rest_route=%2Fwp%2Fv2%2Fcomments&post=1858"}],"version-history":[{"count":1,"href":"https:\/\/blogg.fumei.se\/index.php?rest_route=\/wp\/v2\/posts\/1858\/revisions"}],"predecessor-version":[{"id":1859,"href":"https:\/\/blogg.fumei.se\/index.php?rest_route=\/wp\/v2\/posts\/1858\/revisions\/1859"}],"wp:attachment":[{"href":"https:\/\/blogg.fumei.se\/index.php?rest_route=%2Fwp%2Fv2%2Fmedia&parent=1858"}],"wp:term":[{"taxonomy":"category","embeddable":true,"href":"https:\/\/blogg.fumei.se\/index.php?rest_route=%2Fwp%2Fv2%2Fcategories&post=1858"},{"taxonomy":"post_tag","embeddable":true,"href":"https:\/\/blogg.fumei.se\/index.php?rest_route=%2Fwp%2Fv2%2Ftags&post=1858"}],"curies":[{"name":"wp","href":"https:\/\/api.w.org\/{rel}","templated":true}]}}