{"id":1863,"date":"2011-12-17T10:01:26","date_gmt":"2011-12-17T09:01:26","guid":{"rendered":"http:\/\/blogg.fumei.se\/?p=1863"},"modified":"2011-12-17T10:01:51","modified_gmt":"2011-12-17T09:01:51","slug":"ett-litet-grattis","status":"publish","type":"post","link":"https:\/\/blogg.fumei.se\/?p=1863","title":{"rendered":"Ett litet grattis"},"content":{"rendered":"<p style=\"text-align: center;\">till<\/p>\n<p style=\"text-align: center;\"><a href=\"https:\/\/blogg.fumei.se\/?attachment_id=1864\" rel=\"attachment wp-att-1864\"><img data-recalc-dims=\"1\" loading=\"lazy\" decoding=\"async\" data-attachment-id=\"1864\" data-permalink=\"https:\/\/blogg.fumei.se\/?attachment_id=1864\" data-orig-file=\"https:\/\/i0.wp.com\/blogg.fumei.se\/wp-content\/uploads\/2011\/12\/EmmaFloat2011.gif?fit=569%2C158&amp;ssl=1\" data-orig-size=\"569,158\" data-comments-opened=\"1\" data-image-meta=\"{&quot;aperture&quot;:&quot;0&quot;,&quot;credit&quot;:&quot;&quot;,&quot;camera&quot;:&quot;&quot;,&quot;caption&quot;:&quot;&quot;,&quot;created_timestamp&quot;:&quot;0&quot;,&quot;copyright&quot;:&quot;&quot;,&quot;focal_length&quot;:&quot;0&quot;,&quot;iso&quot;:&quot;0&quot;,&quot;shutter_speed&quot;:&quot;0&quot;,&quot;title&quot;:&quot;&quot;}\" data-image-title=\"EmmaFloat2011\" data-image-description=\"\" data-image-caption=\"\" data-large-file=\"https:\/\/i0.wp.com\/blogg.fumei.se\/wp-content\/uploads\/2011\/12\/EmmaFloat2011.gif?fit=569%2C158&amp;ssl=1\" class=\"aligncenter size-full wp-image-1864\" title=\"EmmaFloat2011\" src=\"https:\/\/i0.wp.com\/blogg.fumei.se\/wp-content\/uploads\/2011\/12\/EmmaFloat2011.gif?resize=569%2C158&#038;ssl=1\" alt=\"\" width=\"569\" height=\"158\" srcset=\"https:\/\/i0.wp.com\/blogg.fumei.se\/wp-content\/uploads\/2011\/12\/EmmaFloat2011.gif?w=569&amp;ssl=1 569w, https:\/\/i0.wp.com\/blogg.fumei.se\/wp-content\/uploads\/2011\/12\/EmmaFloat2011.gif?resize=300%2C83&amp;ssl=1 300w, https:\/\/i0.wp.com\/blogg.fumei.se\/wp-content\/uploads\/2011\/12\/EmmaFloat2011.gif?resize=500%2C138&amp;ssl=1 500w\" sizes=\"auto, (max-width: 569px) 100vw, 569px\" \/><\/a><\/p>\n<p style=\"text-align: center;\">som fyller \u00e5r idag!<br \/>\n<em>(jamen jag <strong>har<\/strong> ju inga bra bilder p\u00e5 dig&#8230;)<\/em><\/p>\n","protected":false},"excerpt":{"rendered":"<p>till som fyller \u00e5r idag! (jamen jag har ju inga bra bilder p\u00e5 dig&#8230;)<\/p>\n","protected":false},"author":1,"featured_media":0,"comment_status":"open","ping_status":"open","sticky":false,"template":"","format":"standard","meta":{"jetpack_post_was_ever_published":false,"_jetpack_newsletter_access":"","_jetpack_dont_email_post_to_subs":false,"_jetpack_newsletter_tier_id":0,"_jetpack_memberships_contains_paywalled_content":false,"_jetpack_memberships_contains_paid_content":false,"footnotes":"","jetpack_publicize_message":"","jetpack_publicize_feature_enabled":true,"jetpack_social_post_already_shared":false,"jetpack_social_options":{"image_generator_settings":{"template":"highway","default_image_id":0,"font":"","enabled":false},"version":2}},"categories":[34],"tags":[106],"class_list":["post-1863","post","type-post","status-publish","format-standard","hentry","category-familjen","tag-fodelsedag"],"jetpack_publicize_connections":[],"jetpack_featured_media_url":"","jetpack_shortlink":"https:\/\/wp.me\/p3qko4-u3","jetpack_sharing_enabled":true,"jetpack_likes_enabled":true,"jetpack-related-posts":[{"id":4594,"url":"https:\/\/blogg.fumei.se\/?p=4594","url_meta":{"origin":1863,"position":0},"title":"En alldeles s\u00e4rskild dag","author":"M :)","date":"2018-11-30","format":false,"excerpt":"F\u00f6r det \u00e4r Mickes f\u00f6delsedag, och inte vilken f\u00f6delsedag som helst, han fyller ju 50!\u00a0\u2665 Vi befinner oss f\u00f6r tillf\u00e4llet i Barcelona och firar tillsammans med Melina och Max, men ett litet inl\u00e4gg p\u00e5 bloggen m\u00e5ste det ju bli n\u00e4r man fyller \u00e5r! S\u00e5 h\u00e4r kommer grattis och fina (eh...tja...)\u2026","rel":"","context":"I \u201dFamiljen\u201d","block_context":{"text":"Familjen","link":"https:\/\/blogg.fumei.se\/?cat=34"},"img":{"alt_text":"","src":"https:\/\/i0.wp.com\/blogg.fumei.se\/wp-content\/uploads\/2018\/11\/Micke50-EmEff2018.png?resize=350%2C200","width":350,"height":200,"srcset":"https:\/\/i0.wp.com\/blogg.fumei.se\/wp-content\/uploads\/2018\/11\/Micke50-EmEff2018.png?resize=350%2C200 1x, https:\/\/i0.wp.com\/blogg.fumei.se\/wp-content\/uploads\/2018\/11\/Micke50-EmEff2018.png?resize=525%2C300 1.5x"},"classes":[]},{"id":3454,"url":"https:\/\/blogg.fumei.se\/?p=3454","url_meta":{"origin":1863,"position":1},"title":"Idag fyller vi \u00e5r!","author":"M :)","date":"2015-01-17","format":false,"excerpt":"Vi b\u00f6rjar med att hurra f\u00f6r den h\u00e4r killen: Hipp hurra f\u00f6r Victor idag p\u00e5 din 6-\u00e5rsdag! GRATTIS \u00f6nskar faster, farmor, farfar, Robin, Fia, Linus och Juliah. Och ja, det \u00e4r ju faktiskt min f\u00f6delsedag ocks\u00e5, s\u00e5 hurra och grattis till mig ocks\u00e5! N\u00e5gra andra som fyller \u00e5r idag \u00e4r\u2026","rel":"","context":"I \u201dVardagsliv\u201d","block_context":{"text":"Vardagsliv","link":"https:\/\/blogg.fumei.se\/?cat=47"},"img":{"alt_text":"Victor6-emeff2015","src":"https:\/\/i0.wp.com\/blogg.fumei.se\/wp-content\/uploads\/2015\/01\/Victor6-emeff2015.jpg?resize=350%2C200","width":350,"height":200,"srcset":"https:\/\/i0.wp.com\/blogg.fumei.se\/wp-content\/uploads\/2015\/01\/Victor6-emeff2015.jpg?resize=350%2C200 1x, https:\/\/i0.wp.com\/blogg.fumei.se\/wp-content\/uploads\/2015\/01\/Victor6-emeff2015.jpg?resize=525%2C300 1.5x"},"classes":[]},{"id":2067,"url":"https:\/\/blogg.fumei.se\/?p=2067","url_meta":{"origin":1863,"position":2},"title":"Ja m\u00e5 hon leva&#8230;","author":"M :)","date":"2012-01-24","format":false,"excerpt":"Idag fyller min syster \u00e5r! GRATTIS Klicka p\u00e5 bilden f\u00f6r att se den st\u00f6rre \u00a0","rel":"","context":"I \u201dFamiljen\u201d","block_context":{"text":"Familjen","link":"https:\/\/blogg.fumei.se\/?cat=34"},"img":{"alt_text":"","src":"https:\/\/i0.wp.com\/blogg.fumei.se\/wp-content\/uploads\/2012\/01\/Ilse48-emeff20121-264x300.png?resize=350%2C200","width":350,"height":200},"classes":[]},{"id":4569,"url":"https:\/\/blogg.fumei.se\/?p=4569","url_meta":{"origin":1863,"position":3},"title":"Fira Frida","author":"M :)","date":"2018-08-23","format":false,"excerpt":"F\u00f6delsedag i familjen Andersson, den h\u00e4r g\u00e5ngen \u00e4r det Frida som fyller \u00e5r! Det \u00e4r n\u00e5gra \u00e5r sen hon st\u00e4llde upp p\u00e5 bilder som de h\u00e4r :) GRATTIS! \u00f6nskar moster Robin Fia, Linus &Juliah mormor Lis Roberto & Isabella Silvio, Lovisa & Victor","rel":"","context":"I \u201dFamiljen\u201d","block_context":{"text":"Familjen","link":"https:\/\/blogg.fumei.se\/?cat=34"},"img":{"alt_text":"","src":"https:\/\/i0.wp.com\/blogg.fumei.se\/wp-content\/uploads\/2018\/08\/Frida16-emeff2018.png?resize=350%2C200","width":350,"height":200,"srcset":"https:\/\/i0.wp.com\/blogg.fumei.se\/wp-content\/uploads\/2018\/08\/Frida16-emeff2018.png?resize=350%2C200 1x, https:\/\/i0.wp.com\/blogg.fumei.se\/wp-content\/uploads\/2018\/08\/Frida16-emeff2018.png?resize=525%2C300 1.5x"},"classes":[]},{"id":4497,"url":"https:\/\/blogg.fumei.se\/?p=4497","url_meta":{"origin":1863,"position":4},"title":"Idag fyller vi \u00e5r!","author":"M :)","date":"2018-01-17","format":false,"excerpt":"Det \u00e4r inte bara min f\u00f6delsedag idag, utan \u00e4ven Victors! Hela 9 \u00e5r fyller han idag! GRATTIS! \u00f6nskar faster farmor Fia, Linus & Juliah Robin Roberto och Isabella","rel":"","context":"I \u201dFamiljen\u201d","block_context":{"text":"Familjen","link":"https:\/\/blogg.fumei.se\/?cat=34"},"img":{"alt_text":"","src":"https:\/\/i0.wp.com\/blogg.fumei.se\/wp-content\/uploads\/2018\/01\/Victor9-emeff2018-650x422.png?resize=350%2C200","width":350,"height":200,"srcset":"https:\/\/i0.wp.com\/blogg.fumei.se\/wp-content\/uploads\/2018\/01\/Victor9-emeff2018-650x422.png?resize=350%2C200 1x, https:\/\/i0.wp.com\/blogg.fumei.se\/wp-content\/uploads\/2018\/01\/Victor9-emeff2018-650x422.png?resize=525%2C300 1.5x"},"classes":[]},{"id":3881,"url":"https:\/\/blogg.fumei.se\/?p=3881","url_meta":{"origin":1863,"position":5},"title":"V\u00e4rldens vackraste dotter","author":"M :)","date":"2016-05-21","format":false,"excerpt":"fyller \u00e5r idag! GRATTIS p\u00e5 f\u00f6delsedagen \u00f6nskar mamma Robin mormor & morfar (och Pixel...)","rel":"","context":"I \u201dFamiljen\u201d","block_context":{"text":"Familjen","link":"https:\/\/blogg.fumei.se\/?cat=34"},"img":{"alt_text":"Fia23-emeff2016","src":"https:\/\/i0.wp.com\/blogg.fumei.se\/wp-content\/uploads\/2016\/05\/Fia23-emeff2016.jpg?resize=350%2C200","width":350,"height":200,"srcset":"https:\/\/i0.wp.com\/blogg.fumei.se\/wp-content\/uploads\/2016\/05\/Fia23-emeff2016.jpg?resize=350%2C200 1x, https:\/\/i0.wp.com\/blogg.fumei.se\/wp-content\/uploads\/2016\/05\/Fia23-emeff2016.jpg?resize=525%2C300 1.5x"},"classes":[]}],"_links":{"self":[{"href":"https:\/\/blogg.fumei.se\/index.php?rest_route=\/wp\/v2\/posts\/1863","targetHints":{"allow":["GET"]}}],"collection":[{"href":"https:\/\/blogg.fumei.se\/index.php?rest_route=\/wp\/v2\/posts"}],"about":[{"href":"https:\/\/blogg.fumei.se\/index.php?rest_route=\/wp\/v2\/types\/post"}],"author":[{"embeddable":true,"href":"https:\/\/blogg.fumei.se\/index.php?rest_route=\/wp\/v2\/users\/1"}],"replies":[{"embeddable":true,"href":"https:\/\/blogg.fumei.se\/index.php?rest_route=%2Fwp%2Fv2%2Fcomments&post=1863"}],"version-history":[{"count":4,"href":"https:\/\/blogg.fumei.se\/index.php?rest_route=\/wp\/v2\/posts\/1863\/revisions"}],"predecessor-version":[{"id":1868,"href":"https:\/\/blogg.fumei.se\/index.php?rest_route=\/wp\/v2\/posts\/1863\/revisions\/1868"}],"wp:attachment":[{"href":"https:\/\/blogg.fumei.se\/index.php?rest_route=%2Fwp%2Fv2%2Fmedia&parent=1863"}],"wp:term":[{"taxonomy":"category","embeddable":true,"href":"https:\/\/blogg.fumei.se\/index.php?rest_route=%2Fwp%2Fv2%2Fcategories&post=1863"},{"taxonomy":"post_tag","embeddable":true,"href":"https:\/\/blogg.fumei.se\/index.php?rest_route=%2Fwp%2Fv2%2Ftags&post=1863"}],"curies":[{"name":"wp","href":"https:\/\/api.w.org\/{rel}","templated":true}]}}