{"id":187,"date":"2010-08-22T20:20:00","date_gmt":"2010-08-22T20:20:00","guid":{"rendered":"\/Blogg\/post\/Uppdateringsinlagg.aspx"},"modified":"2010-08-22T20:20:00","modified_gmt":"2010-08-22T20:20:00","slug":"uppdateringsinlagg","status":"publish","type":"post","link":"https:\/\/blogg.fumei.se\/?p=187","title":{"rendered":"Uppdateringsinl\u00e4gg"},"content":{"rendered":"<p>Jag beh&ouml;ver v&auml;l knappast tala om att J &auml;r h&auml;r, va? Det tror jag de flesta har koll p&aring;. Men jag kan ju ber&auml;tta lite om vad vi har gjort sen han kom hit, f&ouml;r till skillnad mot vad flera tror s&aring; har vi inte bott i s&auml;ngen&#8230;<\/p>\n<p>I onsdags &aring;kte vi ner till Landvetter och h&auml;mtade J. Det var en nerv&ouml;s stund medan jag stod och v&auml;ntade, men n&auml;r han kom genom portarna sl&auml;ppte det. In med alla saker i bilen och s&aring; for vi hem&aring;t via en kinaresturang (ja, jag hade inga planer p&aring; att st&aring; och laga mat den kv&auml;llen&#8230;).<br \/>P&aring; torsdagen &auml;gnade vi f&ouml;rmiddagen &aring;t att g&aring; till skattekontoret f&ouml;r att ans&ouml;ka om svenskt person nummer &aring;t J, sen till L&auml;rcenter f&ouml;r att skriva in honom p&aring; SFI. Vi hade ju l&auml;st om <a href=\"http:\/\/falkoping.se\/utbildningbarnomsorg\/vuxenutbildninglarcenter\/introduktionsprogrammet.4.7865cfaf121d36819ec800015314.html\" target=\"_blank\">Introduktionsprogrammet<\/a>, och det tyckte vi att han skulle anm&auml;la sig till, men det tyckte inte de som arbetade med det, f&ouml;r enligt reglerna f&aring;r en person som flyttar till en person som bott i Sverige i mer &auml;n tv&aring; &aring;r inte g&aring; introduktionsprogrammet. F&ouml;r <em>jag<\/em> &auml;r inte ny i Sverige! Va?? Hur l&ouml;jligt &auml;r inte det, d&aring;? Det &auml;r ju inte <em>jag<\/em> som ska g&aring; d&auml;r, utan <em>han<\/em>, och <em>han<\/em> <strong><em>&auml;r<\/em><\/strong> ny i Sverige!<br \/>Jaja, han skrev in sig p&aring; SFI i alla fall, och sen &aring;kte vi hem, jag ringde KF om omr&auml;kning och sen &auml;gnade vi resten av dagen &aring;t att bara vara. Vi tog ocks&aring; en tretimmarspromenad genom H&aring;lan, s&aring; att han skulle f&aring; se vart han har hamnat.<\/p>\n<p>I fredags jobbade jag (lyckades inte f&aring; bort det passet), och Fia var hos Victor medan Robin &aring;kte till pappa Magnus, s&aring; J fick rota runt hemma och finna sig tillr&auml;tta i sk&aring;p och l&aring;dor. Han hade lite problem n&auml;r han skulle koka pasta och v&auml;rma k&ouml;ttf&auml;rss&aring;s, f&ouml;r jag har knappl&aring;s p&aring; spisen, och han lyckades inte klura ut hur han skulle f&aring; bort det, s&aring; till sluta kokade han pastan i en bunke i micron. N&ouml;den har ingen lag eller hur det nu var, men mat fick han ia alla fall!<\/p>\n<p>Ig&aring;r var &auml;nnu en slappardag, men idag har vi lekt turister. Eller ja, han &auml;r ju en slags turist, medan jag lekte. Vi &aring;kte till Trollh&auml;ttan. Jag har ju v&auml;xt upp d&auml;r och ville visa honom det. S&aring; vi s&aring;g fallp&aring;sl&auml;pp och slussar och &aring;t mjukglass och promenerade upp och ner f&ouml;r trappor och gator. Det var mysigt och trevligt men v&auml;ldigt bl&aring;sigt.<br \/>Imorgon &auml;r det jobb igen f&ouml;r min del, medan Fia och J ska tv&auml;tta och Robin ska laga lunch &aring;t dem. <br \/>Och p&aring; tisdag b&ouml;rjar <em>&auml;ntligen<\/em> skolan igen! Hj&auml;lp vad det ska bli sk&ouml;nt med fasta tider och lite rutiner igen!!<\/p>\n<p><strong>Nu<\/strong> ska jag plocka ur linserna, krypa i pyjamasen och ner i soffan f&ouml;r sista avsnittet av &#8221;<a href=\"http:\/\/svt.se\/2.118994\/fornuft_och_kansla?lid=20100822&amp;lpos=SVT1_0000_sitelink&amp;from=tabla\" target=\"_blank\">Sense and sensibility<\/a>&#8221;.<\/p>\n<p><img decoding=\"async\" src=\"\/blogg\/image.axd?picture=2010%2f8%2f1.jpg\" alt=\"\" \/>&nbsp;<\/p>\n<p><img decoding=\"async\" src=\"\/blogg\/image.axd?picture=2010%2f8%2fP1100511.JPG\" alt=\"\" \/>&nbsp;<\/p>\n<p><img decoding=\"async\" src=\"\/blogg\/image.axd?picture=2010%2f8%2f9.jpg\" alt=\"\" \/>&nbsp;<\/p>\n<p><img decoding=\"async\" src=\"\/blogg\/image.axd?picture=2010%2f8%2f7.jpg\" alt=\"\" \/>&nbsp;<\/p>\n<p><img decoding=\"async\" src=\"\/blogg\/image.axd?picture=2010%2f8%2f6.jpg\" alt=\"\" \/>&nbsp;<\/p>\n<p><img decoding=\"async\" src=\"\/blogg\/image.axd?picture=2010%2f8%2f5.jpg\" alt=\"\" \/>&nbsp;<\/p>\n<p><img decoding=\"async\" src=\"\/blogg\/image.axd?picture=2010%2f8%2f4.jpg\" alt=\"\" \/>&nbsp;<\/p>\n<p><img decoding=\"async\" src=\"\/blogg\/image.axd?picture=2010%2f8%2f8.jpg\" alt=\"\" \/>&nbsp;<\/p>\n","protected":false},"excerpt":{"rendered":"<p>Jag beh&ouml;ver v&auml;l knappast tala om att J &auml;r h&auml;r, va? Det tror jag de flesta har koll p&aring;. Men jag kan ju ber&auml;tta lite om vad vi har gjort sen han kom hit, f&ouml;r till skillnad mot vad flera tror s&aring; har vi inte bott i s&auml;ngen&#8230; I onsdags &aring;kte vi ner till Landvetter&#8230;<\/p>\n","protected":false},"author":1,"featured_media":0,"comment_status":"open","ping_status":"open","sticky":false,"template":"","format":"standard","meta":{"jetpack_post_was_ever_published":false,"_jetpack_newsletter_access":"","_jetpack_dont_email_post_to_subs":false,"_jetpack_newsletter_tier_id":0,"_jetpack_memberships_contains_paywalled_content":false,"_jetpack_memberships_contains_paid_content":false,"footnotes":"","jetpack_publicize_message":"","jetpack_publicize_feature_enabled":true,"jetpack_social_post_already_shared":false,"jetpack_social_options":{"image_generator_settings":{"template":"highway","default_image_id":0,"font":"","enabled":false},"version":2}},"categories":[47],"tags":[],"class_list":["post-187","post","type-post","status-publish","format-standard","hentry","category-vardagsliv"],"jetpack_publicize_connections":[],"jetpack_featured_media_url":"","jetpack_shortlink":"https:\/\/wp.me\/p3qko4-31","jetpack_sharing_enabled":true,"jetpack_likes_enabled":true,"jetpack-related-posts":[{"id":1842,"url":"https:\/\/blogg.fumei.se\/?p=1842","url_meta":{"origin":187,"position":0},"title":"Vi k\u00f6r p\u00e5 ett tag till, d\u00e5&#8230;","author":"M :)","date":"2011-12-08","format":false,"excerpt":"I m\u00e5ndags efter jobbet m\u00f6tte jag upp J p\u00e5 centralen i Gbg, och s\u00e5 tog vi t\u00e5get till V\u00e4xj\u00f6. V\u00e4l d\u00e4r inkvarterade vi oss hos Emma, Silvio och knattarna och fikade och tj\u00f4tade en hel l\u00e5ng kv\u00e4ll innan vi kr\u00f6p ner f\u00f6r att f\u00e5 n\u00e5gra timmars s\u00f6mn innan tisdagens stora\u2026","rel":"","context":"I \u201dFamiljen\u201d","block_context":{"text":"Familjen","link":"https:\/\/blogg.fumei.se\/?cat=34"},"img":{"alt_text":"","src":"","width":0,"height":0},"classes":[]},{"id":27,"url":"https:\/\/blogg.fumei.se\/?p=27","url_meta":{"origin":187,"position":1},"title":"Jag plockar smultron vid v\u00e4gens kant&#8230;","author":"M :)","date":"2011-06-26","format":false,"excerpt":"...och tr\u00e4r sen upp dem p\u00e5 str\u00e5n... Midsommarafton spenderade ton\u00e5ringarna hos sin far och J och jag lunchade sill och potatis (inte J; han \u00e4ter varken sill, r\u00f6kt lax - \"r\u00e5 fisk, bl\u00e4!\" - eller skaldjur) innan vi for iv\u00e4g p\u00e5 egen hand. Vi styrde kosan mot K\u00e5llands\u00f6 och L\u00e4ck\u00f6\u2026","rel":"","context":"I \u201dVardagsliv\u201d","block_context":{"text":"Vardagsliv","link":"https:\/\/blogg.fumei.se\/?cat=47"},"img":{"alt_text":"","src":"https:\/\/i0.wp.com\/blogg.fumei.se\/wp-content\/uploads\/2011\/06\/2011-06-24-14.47.58.jpg?resize=350%2C200","width":350,"height":200},"classes":[]},{"id":29,"url":"https:\/\/blogg.fumei.se\/?p=29","url_meta":{"origin":187,"position":2},"title":"Kliar s\u00e5 jag blir tokig!!","author":"M :)","date":"2011-06-20","format":false,"excerpt":"Jag har f\u00e5tt en massa myggbett! Jag brukar aldrig f\u00e5 myggbett annars, men i \u00e5r har jag lyckats f\u00e5 flera stycken redan, och jag har knappt varit utomhus! Tror jag river ihj\u00e4l mig, men det kliar ju bara mer d\u00e5 s\u00e5 f\u00f6rs\u00f6ker l\u00e5ta bli, men det \u00e4r ju l\u00e4ttare sagt\u2026","rel":"","context":"I \u201dVardagsliv\u201d","block_context":{"text":"Vardagsliv","link":"https:\/\/blogg.fumei.se\/?cat=47"},"img":{"alt_text":"","src":"","width":0,"height":0},"classes":[]},{"id":1516,"url":"https:\/\/blogg.fumei.se\/?p=1516","url_meta":{"origin":187,"position":3},"title":"Bokm\u00e4ssan 2011","author":"M :)","date":"2011-09-28","format":false,"excerpt":"Ja, d\u00e5 har jag hittat kameran, d\u00e5, och kunde ganska sorgset konstatera att J inte tagit n\u00e5gra bilder p\u00e5 hela dagen! Jo, f\u00f6rresten,\u00a0en. Den h\u00e4r, d\u00e4r jjag sitter i den gigantiska pocketf\u00e5t\u00f6ljen i Bokias monter. Tyv\u00e4rr kom inte hela f\u00e5t\u00f6ljen med. Well, anyway, vi kom iv\u00e4g till m\u00e4ssan och det\u2026","rel":"","context":"I \u201dB\u00f6cker och l\u00e4sning\u201d","block_context":{"text":"B\u00f6cker och l\u00e4sning","link":"https:\/\/blogg.fumei.se\/?cat=29"},"img":{"alt_text":"","src":"https:\/\/i0.wp.com\/blogg.fumei.se\/wp-content\/uploads\/2011\/09\/P1120144-225x300.jpg?resize=350%2C200","width":350,"height":200},"classes":[]},{"id":145,"url":"https:\/\/blogg.fumei.se\/?p=145","url_meta":{"origin":187,"position":4},"title":"Jul, jul, str\u00e5lande jul&#8230;","author":"M :)","date":"2010-12-27","format":false,"excerpt":"Julen har b\u00e5de kommit och g\u00e5tt, och jag har varit urd\u00e5lig p\u00e5 att blogga den senaste tiden, s\u00e5 nu blir det ett s\u00e5nt d\u00e4r komprimerande inl\u00e4gg igen.Jag har som vanligt jobbat en massa, och knappt gjort n\u00e5got annat. N\u00e5got s\u00e4rskilt julpyntande eller fixande har jag inte beh\u00f6vt \u00e4gna mig \u00e5t,\u2026","rel":"","context":"I \u201dVardagsliv\u201d","block_context":{"text":"Vardagsliv","link":"https:\/\/blogg.fumei.se\/?cat=47"},"img":{"alt_text":"","src":"","width":0,"height":0},"classes":[]},{"id":2145,"url":"https:\/\/blogg.fumei.se\/?p=2145","url_meta":{"origin":187,"position":5},"title":"Fyndl\u00f6rdag","author":"M :)","date":"2012-03-11","format":false,"excerpt":"Har ledig helg, och d\u00e5 t\u00e4nkte J och jag \u00e5ka iv\u00e4g och uppt\u00e4cka en ny stad i v\u00e5r omgivning. En liten grej vi b\u00f6rjade med f\u00f6rra sommaren och som J fortsatt med d\u00e5 och d\u00e5. (Sj\u00e4lv jobbar jag ju r\u00e4tt mycket n\u00e4r han \u00e4r ledig, s\u00e5 det blir inte s\u00e5\u2026","rel":"","context":"I \u201dVardagsliv\u201d","block_context":{"text":"Vardagsliv","link":"https:\/\/blogg.fumei.se\/?cat=47"},"img":{"alt_text":"","src":"https:\/\/i0.wp.com\/blogg.fumei.se\/wp-content\/uploads\/2012\/03\/2012-03-11-10.06.46.jpg?resize=350%2C200","width":350,"height":200},"classes":[]}],"_links":{"self":[{"href":"https:\/\/blogg.fumei.se\/index.php?rest_route=\/wp\/v2\/posts\/187","targetHints":{"allow":["GET"]}}],"collection":[{"href":"https:\/\/blogg.fumei.se\/index.php?rest_route=\/wp\/v2\/posts"}],"about":[{"href":"https:\/\/blogg.fumei.se\/index.php?rest_route=\/wp\/v2\/types\/post"}],"author":[{"embeddable":true,"href":"https:\/\/blogg.fumei.se\/index.php?rest_route=\/wp\/v2\/users\/1"}],"replies":[{"embeddable":true,"href":"https:\/\/blogg.fumei.se\/index.php?rest_route=%2Fwp%2Fv2%2Fcomments&post=187"}],"version-history":[{"count":0,"href":"https:\/\/blogg.fumei.se\/index.php?rest_route=\/wp\/v2\/posts\/187\/revisions"}],"wp:attachment":[{"href":"https:\/\/blogg.fumei.se\/index.php?rest_route=%2Fwp%2Fv2%2Fmedia&parent=187"}],"wp:term":[{"taxonomy":"category","embeddable":true,"href":"https:\/\/blogg.fumei.se\/index.php?rest_route=%2Fwp%2Fv2%2Fcategories&post=187"},{"taxonomy":"post_tag","embeddable":true,"href":"https:\/\/blogg.fumei.se\/index.php?rest_route=%2Fwp%2Fv2%2Ftags&post=187"}],"curies":[{"name":"wp","href":"https:\/\/api.w.org\/{rel}","templated":true}]}}